{"id":995,"date":"2018-11-06T17:44:18","date_gmt":"2018-11-06T17:44:18","guid":{"rendered":"http:\/\/www.tourmusicfest.com\/es\/?p=995"},"modified":"2019-03-04T13:47:31","modified_gmt":"2019-03-04T13:47:31","slug":"finalistas-europeos-2018","status":"publish","type":"post","link":"https:\/\/www.tourmusicfest.com\/es\/news\/finalistas-europeos-2018\/","title":{"rendered":"Finalistas Europeos TMF 2018"},"content":{"rendered":"<p><span style=\"font-weight: 400\">Ahora ya hay <\/span><b>7 ganadores nacionales<\/b><span style=\"font-weight: 400\"> del Tour Music Fest \u2013 The European Music Contest listos para sus performance que tendr\u00e1n lugar el 1 Diciembre.<\/span> <span style=\"font-weight: 400\">Mientras esperamos de descubrir los finalistas nacionales para Italia (las finales nacionales italianas tendr\u00e1n lugar entre el 9-11 Noviembre), vamos a conocer los finalistas europeos que luchar\u00e1n el d\u00eda de la final europea del Tour Music Fest.<\/span><\/p>\n<p><span style=\"font-weight: 400\">Aqu\u00ed los artistas que representar\u00e1n a Espa\u00f1a:<\/span><\/p>\n<p><b>Maria Hidalgo Gil<\/b><span style=\"font-weight: 400\"> aka <\/span><b>Siria <\/b><span style=\"font-weight: 400\">\u201cLa cantante-cantautora madrile\u00f1a <\/span><b>Maria Hidalgo Gil<\/b><span style=\"font-weight: 400\">, aka <\/span><b>Siria, <\/b><span style=\"font-weight: 400\">despu\u00e9s de ganar el TMF en Espa\u00f1a, actuar\u00e1 \u00a0\u00a0\u00a0su intensa balada <\/span><b>\u201cQuerido Yo<\/b><span style=\"font-weight: 400\">\u201d en la final europea en Roma.\u201d<\/span><\/p>\n<p><b>Rub\u00e9n Alcal\u00e1 Arg\u00fcelles \u201c<\/b><span style=\"font-weight: 400\">Joven cantante de 19 a\u00f1os de Gij\u00f3n, intentar\u00e1 de ganar el titulo \u00a0\u201cEuropean Singer of the Year\u201d con su interpretaci\u00f3n de \u201cLay me down\u201d de Sam Smith.<\/span><\/p>\n<p><img fetchpriority=\"high\" decoding=\"async\" class=\"alignnone size-medium wp-image-1005\" src=\"https:\/\/www.tourmusicfest.com\/es\/files\/2019\/03\/POST-EU-700x422.jpg\" alt=\"\" width=\"700\" height=\"422\" srcset=\"https:\/\/www.tourmusicfest.com\/es\/files\/2019\/03\/POST-EU-700x422.jpg 700w, https:\/\/www.tourmusicfest.com\/es\/files\/2019\/03\/POST-EU-768x463.jpg 768w, https:\/\/www.tourmusicfest.com\/es\/files\/2019\/03\/POST-EU-1024x618.jpg 1024w, https:\/\/www.tourmusicfest.com\/es\/files\/2019\/03\/POST-EU.jpg 1200w\" sizes=\"(max-width: 700px) 100vw, 700px\" \/><\/p>\n<p><span style=\"font-weight: 400\">Los artistas de Reino Unido son:<\/span><\/p>\n<p><b>Karin Kalibbala<\/b><span style=\"font-weight: 400\">, joven cantante-cantautora de Londres, que gan\u00f3 el Tour Music Fest UK Edition y algunas de sus canciones ya se pueden escuchar en importantes radios brit\u00e1nicos, actuar\u00e1 en Roma el 1 Diciembre en la Final Europea con su alma soul y su canci\u00f3n \u201c<\/span><b>Waiting<\/b><span style=\"font-weight: 400\">\u201d.<\/span><\/p>\n<p><b>Jess Robyn <\/b><span style=\"font-weight: 400\">\u201cPrometedora y talentosa cantante de Londres, ganadora del Tour Music Fest UK y mientras trabaja en su primer album, actuar\u00e1 \u00a0\u201cAddicted to You\u201d de Avicii el d\u00eda de la Final Europea en Roma.<\/span><\/p>\n<p><img decoding=\"async\" class=\"alignnone size-medium wp-image-1007\" src=\"https:\/\/www.tourmusicfest.com\/es\/files\/2019\/03\/winner_uk-700x422.jpg\" alt=\"\" width=\"700\" height=\"422\" srcset=\"https:\/\/www.tourmusicfest.com\/es\/files\/2019\/03\/winner_uk-700x422.jpg 700w, https:\/\/www.tourmusicfest.com\/es\/files\/2019\/03\/winner_uk-768x463.jpg 768w, https:\/\/www.tourmusicfest.com\/es\/files\/2019\/03\/winner_uk-1024x618.jpg 1024w, https:\/\/www.tourmusicfest.com\/es\/files\/2019\/03\/winner_uk.jpg 1200w\" sizes=\"(max-width: 700px) 100vw, 700px\" \/><\/p>\n<p><span style=\"font-weight: 400\">Los artistas de Malta son:<\/span><\/p>\n<p><b>Maryse Lorraine \u2013 \u201cMaryse Briffa,<\/b><span style=\"font-weight: 400\"> aka<\/span><b> Maryse Lorraine, <\/b><span style=\"font-weight: 400\">joven cantante-cantautora y pianista malt\u00e9s, con a\u00f1os de experiencia en coro y baroque ensembles, competir\u00e1 el d\u00eda de la Final Europea del Tour Music Fest con su canci\u00f3n \u201c<\/span><b>Colour You Now<\/b><span style=\"font-weight: 400\">\u201d .<\/span><\/p>\n<p><b>Nicola\u2019 Marie Cutajar \u2013 \u201c<\/b><span style=\"font-weight: 400\">Cantante de opera, pianista y best singer en el primer Tour Music Fest Malta Edition, actuar\u00e1 su versi\u00f3n de <\/span><b>\u201cBlack Coffee\u201d <\/b><span style=\"font-weight: 400\">de Sarah Vaughan el d\u00eda de la Final Europea en Roma el 1 Diciembre 2018.<\/span><\/p>\n<p><b>Demi Galea \u2013 <\/b><span style=\"font-weight: 400\">\u201cJoven y talentosa cantante de 15 a\u00f1os desde La Valletta, ganadora de la edici\u00f3n malt\u00e9s del Tour Music Fest competir\u00e1 con los otros \u00a0Junior Singer finalistas actuando la famosa canci\u00f3n \u201c<\/span><b>Say Something<\/b><span style=\"font-weight: 400\">\u201d.<\/span><\/p>\n<p><img decoding=\"async\" class=\"alignnone size-medium wp-image-1006\" src=\"https:\/\/www.tourmusicfest.com\/es\/files\/2019\/03\/winner_emalta2-1-700x422.jpg\" alt=\"\" width=\"700\" height=\"422\" srcset=\"https:\/\/www.tourmusicfest.com\/es\/files\/2019\/03\/winner_emalta2-1-700x422.jpg 700w, https:\/\/www.tourmusicfest.com\/es\/files\/2019\/03\/winner_emalta2-1-768x463.jpg 768w, https:\/\/www.tourmusicfest.com\/es\/files\/2019\/03\/winner_emalta2-1-1024x618.jpg 1024w, https:\/\/www.tourmusicfest.com\/es\/files\/2019\/03\/winner_emalta2-1.jpg 1200w\" sizes=\"(max-width: 700px) 100vw, 700px\" \/><\/p>\n<p><span style=\"font-weight: 400\">Estamos impacientes de descubrir cu\u00e1les ser\u00e1n los artistas italianos que a\u00f1adir a esta lista.<\/span><\/p>\n<p><span style=\"font-weight: 400\">Stay Tuned!<\/span><\/p>\n<p>&nbsp;<\/p>\n","protected":false},"excerpt":{"rendered":"<p>Ahora ya hay 7 ganadores nacionales del Tour Music Fest \u2013 The European Music Contest listos para sus performance que tendr\u00e1n lugar el 1 Diciembre. Mientras esperamos de descubrir los finalistas nacionales para Italia (las finales nacionales italianas tendr\u00e1n lugar entre el 9-11 Noviembre), vamos a conocer los finalistas europeos que luchar\u00e1n el d\u00eda de [&hellip;]<\/p>\n","protected":false},"author":4,"featured_media":1011,"comment_status":"open","ping_status":"open","sticky":false,"template":"","format":"standard","meta":{"_acf_changed":false,"footnotes":""},"categories":[4],"tags":[],"class_list":["post-995","post","type-post","status-publish","format-standard","has-post-thumbnail","hentry","category-news"],"acf":[],"yoast_head":"<!-- This site is optimized with the Yoast SEO plugin v26.7 - https:\/\/yoast.com\/wordpress\/plugins\/seo\/ -->\n<title>Finalistas Europeos TMF 2018 - ES - Tour Music Fest<\/title>\n<meta name=\"description\" content=\"Los artistas de Malta, UK y Espa\u00f1a listos para volar a la Final Europea del TMF en Roma el 1 Diciembre.\" \/>\n<meta name=\"robots\" content=\"index, follow, max-snippet:-1, max-image-preview:large, max-video-preview:-1\" \/>\n<link rel=\"canonical\" href=\"https:\/\/www.tourmusicfest.com\/es\/news\/finalistas-europeos-2018\/\" \/>\n<meta property=\"og:locale\" content=\"es_ES\" \/>\n<meta property=\"og:type\" content=\"article\" \/>\n<meta property=\"og:title\" content=\"Finalistas Europeos TMF 2018 - ES - Tour Music Fest\" \/>\n<meta property=\"og:description\" content=\"Los artistas de Malta, UK y Espa\u00f1a listos para volar a la Final Europea del TMF en Roma el 1 Diciembre.\" \/>\n<meta property=\"og:url\" content=\"https:\/\/www.tourmusicfest.com\/es\/news\/finalistas-europeos-2018\/\" \/>\n<meta property=\"og:site_name\" content=\"ES - Tour Music Fest\" \/>\n<meta property=\"article:publisher\" content=\"https:\/\/facebook.com\/tourmusicfest\" \/>\n<meta property=\"article:published_time\" content=\"2018-11-06T17:44:18+00:00\" \/>\n<meta property=\"article:modified_time\" content=\"2019-03-04T13:47:31+00:00\" \/>\n<meta property=\"og:image\" content=\"https:\/\/www.tourmusicfest.com\/es\/files\/2019\/03\/immagine_finale_2018_europa.jpg\" \/>\n\t<meta property=\"og:image:width\" content=\"1200\" \/>\n\t<meta property=\"og:image:height\" content=\"628\" \/>\n\t<meta property=\"og:image:type\" content=\"image\/jpeg\" \/>\n<meta name=\"author\" content=\"tmfspain\" \/>\n<meta name=\"twitter:card\" content=\"summary_large_image\" \/>\n<meta name=\"twitter:label1\" content=\"Escrito por\" \/>\n\t<meta name=\"twitter:data1\" content=\"tmfspain\" \/>\n\t<meta name=\"twitter:label2\" content=\"Tiempo de lectura\" \/>\n\t<meta name=\"twitter:data2\" content=\"2 minutos\" \/>\n<script type=\"application\/ld+json\" class=\"yoast-schema-graph\">{\"@context\":\"https:\/\/schema.org\",\"@graph\":[{\"@type\":\"Article\",\"@id\":\"https:\/\/www.tourmusicfest.com\/es\/news\/finalistas-europeos-2018\/#article\",\"isPartOf\":{\"@id\":\"https:\/\/www.tourmusicfest.com\/es\/news\/finalistas-europeos-2018\/\"},\"author\":{\"name\":\"tmfspain\",\"@id\":\"https:\/\/www.tourmusicfest.com\/es\/#\/schema\/person\/64bea0c412d4adc122f35afb6677fd21\"},\"headline\":\"Finalistas Europeos TMF 2018\",\"datePublished\":\"2018-11-06T17:44:18+00:00\",\"dateModified\":\"2019-03-04T13:47:31+00:00\",\"mainEntityOfPage\":{\"@id\":\"https:\/\/www.tourmusicfest.com\/es\/news\/finalistas-europeos-2018\/\"},\"wordCount\":375,\"commentCount\":0,\"publisher\":{\"@id\":\"https:\/\/www.tourmusicfest.com\/es\/#organization\"},\"image\":{\"@id\":\"https:\/\/www.tourmusicfest.com\/es\/news\/finalistas-europeos-2018\/#primaryimage\"},\"thumbnailUrl\":\"https:\/\/www.tourmusicfest.com\/es\/files\/2019\/03\/immagine_finale_2018_europa.jpg\",\"articleSection\":[\"News\"],\"inLanguage\":\"es\",\"potentialAction\":[{\"@type\":\"CommentAction\",\"name\":\"Comment\",\"target\":[\"https:\/\/www.tourmusicfest.com\/es\/news\/finalistas-europeos-2018\/#respond\"]}]},{\"@type\":\"WebPage\",\"@id\":\"https:\/\/www.tourmusicfest.com\/es\/news\/finalistas-europeos-2018\/\",\"url\":\"https:\/\/www.tourmusicfest.com\/es\/news\/finalistas-europeos-2018\/\",\"name\":\"Finalistas Europeos TMF 2018 - ES - Tour Music Fest\",\"isPartOf\":{\"@id\":\"https:\/\/www.tourmusicfest.com\/es\/#website\"},\"primaryImageOfPage\":{\"@id\":\"https:\/\/www.tourmusicfest.com\/es\/news\/finalistas-europeos-2018\/#primaryimage\"},\"image\":{\"@id\":\"https:\/\/www.tourmusicfest.com\/es\/news\/finalistas-europeos-2018\/#primaryimage\"},\"thumbnailUrl\":\"https:\/\/www.tourmusicfest.com\/es\/files\/2019\/03\/immagine_finale_2018_europa.jpg\",\"datePublished\":\"2018-11-06T17:44:18+00:00\",\"dateModified\":\"2019-03-04T13:47:31+00:00\",\"description\":\"Los artistas de Malta, UK y Espa\u00f1a listos para volar a la Final Europea del TMF en Roma el 1 Diciembre.\",\"breadcrumb\":{\"@id\":\"https:\/\/www.tourmusicfest.com\/es\/news\/finalistas-europeos-2018\/#breadcrumb\"},\"inLanguage\":\"es\",\"potentialAction\":[{\"@type\":\"ReadAction\",\"target\":[\"https:\/\/www.tourmusicfest.com\/es\/news\/finalistas-europeos-2018\/\"]}]},{\"@type\":\"ImageObject\",\"inLanguage\":\"es\",\"@id\":\"https:\/\/www.tourmusicfest.com\/es\/news\/finalistas-europeos-2018\/#primaryimage\",\"url\":\"https:\/\/www.tourmusicfest.com\/es\/files\/2019\/03\/immagine_finale_2018_europa.jpg\",\"contentUrl\":\"https:\/\/www.tourmusicfest.com\/es\/files\/2019\/03\/immagine_finale_2018_europa.jpg\",\"width\":1200,\"height\":628},{\"@type\":\"BreadcrumbList\",\"@id\":\"https:\/\/www.tourmusicfest.com\/es\/news\/finalistas-europeos-2018\/#breadcrumb\",\"itemListElement\":[{\"@type\":\"ListItem\",\"position\":1,\"name\":\"Home\",\"item\":\"https:\/\/www.tourmusicfest.com\/es\/\"},{\"@type\":\"ListItem\",\"position\":2,\"name\":\"Finalistas Europeos TMF 2018\"}]},{\"@type\":\"WebSite\",\"@id\":\"https:\/\/www.tourmusicfest.com\/es\/#website\",\"url\":\"https:\/\/www.tourmusicfest.com\/es\/\",\"name\":\"Tour Music Fest - ES\",\"description\":\"The European Music Contest\",\"publisher\":{\"@id\":\"https:\/\/www.tourmusicfest.com\/es\/#organization\"},\"potentialAction\":[{\"@type\":\"SearchAction\",\"target\":{\"@type\":\"EntryPoint\",\"urlTemplate\":\"https:\/\/www.tourmusicfest.com\/es\/?s={search_term_string}\"},\"query-input\":{\"@type\":\"PropertyValueSpecification\",\"valueRequired\":true,\"valueName\":\"search_term_string\"}}],\"inLanguage\":\"es\"},{\"@type\":\"Organization\",\"@id\":\"https:\/\/www.tourmusicfest.com\/es\/#organization\",\"name\":\"ES - Tour Music Fest\",\"url\":\"https:\/\/www.tourmusicfest.com\/es\/\",\"logo\":{\"@type\":\"ImageObject\",\"inLanguage\":\"es\",\"@id\":\"https:\/\/www.tourmusicfest.com\/es\/#\/schema\/logo\/image\/\",\"url\":\"https:\/\/www.tourmusicfest.com\/es\/files\/2024\/04\/Brand-TMF-grey.png\",\"contentUrl\":\"https:\/\/www.tourmusicfest.com\/es\/files\/2024\/04\/Brand-TMF-grey.png\",\"width\":1181,\"height\":875,\"caption\":\"ES - Tour Music Fest\"},\"image\":{\"@id\":\"https:\/\/www.tourmusicfest.com\/es\/#\/schema\/logo\/image\/\"},\"sameAs\":[\"https:\/\/facebook.com\/tourmusicfest\",\"https:\/\/instagram.com\/tourmusicfest\"]},{\"@type\":\"Person\",\"@id\":\"https:\/\/www.tourmusicfest.com\/es\/#\/schema\/person\/64bea0c412d4adc122f35afb6677fd21\",\"name\":\"tmfspain\",\"image\":{\"@type\":\"ImageObject\",\"inLanguage\":\"es\",\"@id\":\"https:\/\/www.tourmusicfest.com\/es\/#\/schema\/person\/image\/\",\"url\":\"https:\/\/secure.gravatar.com\/avatar\/d568fa3b5215b3b0d2217b913f861afc2bbca96536514906e604a82283fc9b50?s=96&d=mm&r=g\",\"contentUrl\":\"https:\/\/secure.gravatar.com\/avatar\/d568fa3b5215b3b0d2217b913f861afc2bbca96536514906e604a82283fc9b50?s=96&d=mm&r=g\",\"caption\":\"tmfspain\"},\"url\":\"https:\/\/www.tourmusicfest.com\/es\/author\/tmfspain\/\"}]}<\/script>\n<!-- \/ Yoast SEO plugin. -->","yoast_head_json":{"title":"Finalistas Europeos TMF 2018 - ES - Tour Music Fest","description":"Los artistas de Malta, UK y Espa\u00f1a listos para volar a la Final Europea del TMF en Roma el 1 Diciembre.","robots":{"index":"index","follow":"follow","max-snippet":"max-snippet:-1","max-image-preview":"max-image-preview:large","max-video-preview":"max-video-preview:-1"},"canonical":"https:\/\/www.tourmusicfest.com\/es\/news\/finalistas-europeos-2018\/","og_locale":"es_ES","og_type":"article","og_title":"Finalistas Europeos TMF 2018 - ES - Tour Music Fest","og_description":"Los artistas de Malta, UK y Espa\u00f1a listos para volar a la Final Europea del TMF en Roma el 1 Diciembre.","og_url":"https:\/\/www.tourmusicfest.com\/es\/news\/finalistas-europeos-2018\/","og_site_name":"ES - Tour Music Fest","article_publisher":"https:\/\/facebook.com\/tourmusicfest","article_published_time":"2018-11-06T17:44:18+00:00","article_modified_time":"2019-03-04T13:47:31+00:00","og_image":[{"width":1200,"height":628,"url":"https:\/\/www.tourmusicfest.com\/es\/files\/2019\/03\/immagine_finale_2018_europa.jpg","type":"image\/jpeg"}],"author":"tmfspain","twitter_card":"summary_large_image","twitter_misc":{"Escrito por":"tmfspain","Tiempo de lectura":"2 minutos"},"schema":{"@context":"https:\/\/schema.org","@graph":[{"@type":"Article","@id":"https:\/\/www.tourmusicfest.com\/es\/news\/finalistas-europeos-2018\/#article","isPartOf":{"@id":"https:\/\/www.tourmusicfest.com\/es\/news\/finalistas-europeos-2018\/"},"author":{"name":"tmfspain","@id":"https:\/\/www.tourmusicfest.com\/es\/#\/schema\/person\/64bea0c412d4adc122f35afb6677fd21"},"headline":"Finalistas Europeos TMF 2018","datePublished":"2018-11-06T17:44:18+00:00","dateModified":"2019-03-04T13:47:31+00:00","mainEntityOfPage":{"@id":"https:\/\/www.tourmusicfest.com\/es\/news\/finalistas-europeos-2018\/"},"wordCount":375,"commentCount":0,"publisher":{"@id":"https:\/\/www.tourmusicfest.com\/es\/#organization"},"image":{"@id":"https:\/\/www.tourmusicfest.com\/es\/news\/finalistas-europeos-2018\/#primaryimage"},"thumbnailUrl":"https:\/\/www.tourmusicfest.com\/es\/files\/2019\/03\/immagine_finale_2018_europa.jpg","articleSection":["News"],"inLanguage":"es","potentialAction":[{"@type":"CommentAction","name":"Comment","target":["https:\/\/www.tourmusicfest.com\/es\/news\/finalistas-europeos-2018\/#respond"]}]},{"@type":"WebPage","@id":"https:\/\/www.tourmusicfest.com\/es\/news\/finalistas-europeos-2018\/","url":"https:\/\/www.tourmusicfest.com\/es\/news\/finalistas-europeos-2018\/","name":"Finalistas Europeos TMF 2018 - ES - Tour Music Fest","isPartOf":{"@id":"https:\/\/www.tourmusicfest.com\/es\/#website"},"primaryImageOfPage":{"@id":"https:\/\/www.tourmusicfest.com\/es\/news\/finalistas-europeos-2018\/#primaryimage"},"image":{"@id":"https:\/\/www.tourmusicfest.com\/es\/news\/finalistas-europeos-2018\/#primaryimage"},"thumbnailUrl":"https:\/\/www.tourmusicfest.com\/es\/files\/2019\/03\/immagine_finale_2018_europa.jpg","datePublished":"2018-11-06T17:44:18+00:00","dateModified":"2019-03-04T13:47:31+00:00","description":"Los artistas de Malta, UK y Espa\u00f1a listos para volar a la Final Europea del TMF en Roma el 1 Diciembre.","breadcrumb":{"@id":"https:\/\/www.tourmusicfest.com\/es\/news\/finalistas-europeos-2018\/#breadcrumb"},"inLanguage":"es","potentialAction":[{"@type":"ReadAction","target":["https:\/\/www.tourmusicfest.com\/es\/news\/finalistas-europeos-2018\/"]}]},{"@type":"ImageObject","inLanguage":"es","@id":"https:\/\/www.tourmusicfest.com\/es\/news\/finalistas-europeos-2018\/#primaryimage","url":"https:\/\/www.tourmusicfest.com\/es\/files\/2019\/03\/immagine_finale_2018_europa.jpg","contentUrl":"https:\/\/www.tourmusicfest.com\/es\/files\/2019\/03\/immagine_finale_2018_europa.jpg","width":1200,"height":628},{"@type":"BreadcrumbList","@id":"https:\/\/www.tourmusicfest.com\/es\/news\/finalistas-europeos-2018\/#breadcrumb","itemListElement":[{"@type":"ListItem","position":1,"name":"Home","item":"https:\/\/www.tourmusicfest.com\/es\/"},{"@type":"ListItem","position":2,"name":"Finalistas Europeos TMF 2018"}]},{"@type":"WebSite","@id":"https:\/\/www.tourmusicfest.com\/es\/#website","url":"https:\/\/www.tourmusicfest.com\/es\/","name":"Tour Music Fest - ES","description":"The European Music Contest","publisher":{"@id":"https:\/\/www.tourmusicfest.com\/es\/#organization"},"potentialAction":[{"@type":"SearchAction","target":{"@type":"EntryPoint","urlTemplate":"https:\/\/www.tourmusicfest.com\/es\/?s={search_term_string}"},"query-input":{"@type":"PropertyValueSpecification","valueRequired":true,"valueName":"search_term_string"}}],"inLanguage":"es"},{"@type":"Organization","@id":"https:\/\/www.tourmusicfest.com\/es\/#organization","name":"ES - Tour Music Fest","url":"https:\/\/www.tourmusicfest.com\/es\/","logo":{"@type":"ImageObject","inLanguage":"es","@id":"https:\/\/www.tourmusicfest.com\/es\/#\/schema\/logo\/image\/","url":"https:\/\/www.tourmusicfest.com\/es\/files\/2024\/04\/Brand-TMF-grey.png","contentUrl":"https:\/\/www.tourmusicfest.com\/es\/files\/2024\/04\/Brand-TMF-grey.png","width":1181,"height":875,"caption":"ES - Tour Music Fest"},"image":{"@id":"https:\/\/www.tourmusicfest.com\/es\/#\/schema\/logo\/image\/"},"sameAs":["https:\/\/facebook.com\/tourmusicfest","https:\/\/instagram.com\/tourmusicfest"]},{"@type":"Person","@id":"https:\/\/www.tourmusicfest.com\/es\/#\/schema\/person\/64bea0c412d4adc122f35afb6677fd21","name":"tmfspain","image":{"@type":"ImageObject","inLanguage":"es","@id":"https:\/\/www.tourmusicfest.com\/es\/#\/schema\/person\/image\/","url":"https:\/\/secure.gravatar.com\/avatar\/d568fa3b5215b3b0d2217b913f861afc2bbca96536514906e604a82283fc9b50?s=96&d=mm&r=g","contentUrl":"https:\/\/secure.gravatar.com\/avatar\/d568fa3b5215b3b0d2217b913f861afc2bbca96536514906e604a82283fc9b50?s=96&d=mm&r=g","caption":"tmfspain"},"url":"https:\/\/www.tourmusicfest.com\/es\/author\/tmfspain\/"}]}},"_links":{"self":[{"href":"https:\/\/www.tourmusicfest.com\/es\/wp-json\/wp\/v2\/posts\/995","targetHints":{"allow":["GET"]}}],"collection":[{"href":"https:\/\/www.tourmusicfest.com\/es\/wp-json\/wp\/v2\/posts"}],"about":[{"href":"https:\/\/www.tourmusicfest.com\/es\/wp-json\/wp\/v2\/types\/post"}],"author":[{"embeddable":true,"href":"https:\/\/www.tourmusicfest.com\/es\/wp-json\/wp\/v2\/users\/4"}],"replies":[{"embeddable":true,"href":"https:\/\/www.tourmusicfest.com\/es\/wp-json\/wp\/v2\/comments?post=995"}],"version-history":[{"count":9,"href":"https:\/\/www.tourmusicfest.com\/es\/wp-json\/wp\/v2\/posts\/995\/revisions"}],"predecessor-version":[{"id":1123,"href":"https:\/\/www.tourmusicfest.com\/es\/wp-json\/wp\/v2\/posts\/995\/revisions\/1123"}],"wp:featuredmedia":[{"embeddable":true,"href":"https:\/\/www.tourmusicfest.com\/es\/wp-json\/wp\/v2\/media\/1011"}],"wp:attachment":[{"href":"https:\/\/www.tourmusicfest.com\/es\/wp-json\/wp\/v2\/media?parent=995"}],"wp:term":[{"taxonomy":"category","embeddable":true,"href":"https:\/\/www.tourmusicfest.com\/es\/wp-json\/wp\/v2\/categories?post=995"},{"taxonomy":"post_tag","embeddable":true,"href":"https:\/\/www.tourmusicfest.com\/es\/wp-json\/wp\/v2\/tags?post=995"}],"curies":[{"name":"wp","href":"https:\/\/api.w.org\/{rel}","templated":true}]}}