{"id":4076,"date":"2025-11-28T09:04:41","date_gmt":"2025-11-28T09:04:41","guid":{"rendered":"https:\/\/www.tourmusicfest.com\/es\/?p=4076"},"modified":"2025-12-01T13:33:30","modified_gmt":"2025-12-01T13:33:30","slug":"day-6-otro-dia-extraordinario-en-el-tour-music-fest-2024","status":"publish","type":"post","link":"https:\/\/www.tourmusicfest.com\/es\/news\/day-6-otro-dia-extraordinario-en-el-tour-music-fest-2024\/","title":{"rendered":"DAY 6: Otro d\u00eda extraordinario en el Tour Music Fest 2024"},"content":{"rendered":"<p data-start=\"1974\" data-end=\"2236\">El 27 de noviembre, el Tour Music Fest 2024 ofreci\u00f3 un Day 6 lleno de energ\u00eda, formaci\u00f3n y actuaciones inolvidables. Con masterclasses de alt\u00edsimo nivel y competiciones intensas, la jornada destac\u00f3 a algunos de los talentos emergentes m\u00e1s prometedores de Europa.<\/p>\n<p data-start=\"1974\" data-end=\"2236\"><img fetchpriority=\"high\" decoding=\"async\" class=\"alignnone wp-image-4078\" src=\"https:\/\/www.tourmusicfest.com\/es\/files\/2025\/11\/RI_1607-pic-700x467.jpg\" alt=\"\" width=\"799\" height=\"533\" srcset=\"https:\/\/www.tourmusicfest.com\/es\/files\/2025\/11\/RI_1607-pic-700x467.jpg 700w, https:\/\/www.tourmusicfest.com\/es\/files\/2025\/11\/RI_1607-pic-1024x683.jpg 1024w, https:\/\/www.tourmusicfest.com\/es\/files\/2025\/11\/RI_1607-pic-768x512.jpg 768w, https:\/\/www.tourmusicfest.com\/es\/files\/2025\/11\/RI_1607-pic-1536x1024.jpg 1536w, https:\/\/www.tourmusicfest.com\/es\/files\/2025\/11\/RI_1607-pic-2048x1365.jpg 2048w\" sizes=\"(max-width: 799px) 100vw, 799px\" \/><\/p>\n<h2 data-start=\"2243\" data-end=\"2269\"><strong data-start=\"2246\" data-end=\"2269\">Masterclass del d\u00eda<\/strong><\/h2>\n<p data-start=\"2271\" data-end=\"2460\">La jornada comenz\u00f3 con la masterclass de <strong data-start=\"2312\" data-end=\"2336\">Francesco Rapaccioli<\/strong>, quien ofreci\u00f3 una visi\u00f3n profunda del mundo discogr\u00e1fico, la producci\u00f3n y la gesti\u00f3n profesional de una carrera art\u00edstica.<\/p>\n<p data-start=\"2462\" data-end=\"2637\">A continuaci\u00f3n, <strong data-start=\"2478\" data-end=\"2493\">Paola Folli<\/strong> dirigi\u00f3 una sesi\u00f3n centrada en <em data-start=\"2525\" data-end=\"2553\">t\u00e9cnicas vocales avanzadas<\/em>, ayudando a los artistas a perfeccionar control, interpretaci\u00f3n y conciencia vocal.<\/p>\n<p data-start=\"2639\" data-end=\"2825\">Junto a ella, <strong data-start=\"2653\" data-end=\"2677\">Francesca Pignatelli<\/strong> gui\u00f3 un enfoque dedicado al <em data-start=\"2706\" data-end=\"2721\">vocal warm-up<\/em>, la respiraci\u00f3n y la presencia esc\u00e9nica, herramientas esenciales para subir al escenario con seguridad.<\/p>\n<h2 data-start=\"2832\" data-end=\"2860\"><strong data-start=\"2835\" data-end=\"2860\">Competiciones del d\u00eda<\/strong><\/h2>\n<p data-start=\"2862\" data-end=\"3000\">El Day 6 tuvo como protagonistas a los artistas de la categor\u00eda Int\u00e9rpretes, que ofrecieron actuaciones intensas y llenas de personalidad.<\/p>\n<h2 data-start=\"3007\" data-end=\"3073\"><strong data-start=\"3010\" data-end=\"3073\">Finalistas que avanzan a las Finales Europeas \u2013 Int\u00e9rpretes<\/strong><\/h2>\n<p data-start=\"3075\" data-end=\"3142\">Los artistas seleccionados hoy y que avanzan a la fase europea son:<\/p>\n<ul data-start=\"3144\" data-end=\"3302\">\n<li data-start=\"3144\" data-end=\"3181\">\n<p data-start=\"3146\" data-end=\"3181\"><strong data-start=\"3146\" data-end=\"3179\">Davide \u2013 Davide Settevendemie<\/strong><\/p>\n<\/li>\n<li data-start=\"3182\" data-end=\"3213\">\n<p data-start=\"3184\" data-end=\"3213\"><strong data-start=\"3184\" data-end=\"3211\">Nina \u2013 Carolina Gattoni<\/strong><\/p>\n<\/li>\n<li data-start=\"3214\" data-end=\"3243\">\n<p data-start=\"3216\" data-end=\"3243\"><strong data-start=\"3216\" data-end=\"3241\">Tatua \u2013 Natia Svandze<\/strong><\/p>\n<\/li>\n<li data-start=\"3244\" data-end=\"3274\">\n<p data-start=\"3246\" data-end=\"3274\"><strong data-start=\"3246\" data-end=\"3272\">Licae \u2013 Alice Mordenti<\/strong><\/p>\n<\/li>\n<li data-start=\"3275\" data-end=\"3302\">\n<p data-start=\"3277\" data-end=\"3302\"><strong data-start=\"3277\" data-end=\"3302\">Giad\u00ec \u2013 Giada Striano<\/strong><\/p>\n<\/li>\n<\/ul>\n<h2 data-start=\"3357\" data-end=\"3391\"><strong data-start=\"3360\" data-end=\"3391\">Ganador Baby Singer \u2013 Day 6<\/strong><\/h2>\n<p data-start=\"3393\" data-end=\"3436\">El joven talento que se lleva el t\u00edtulo es:<\/p>\n<ul data-start=\"3438\" data-end=\"3473\">\n<li data-start=\"3438\" data-end=\"3473\">\n<p data-start=\"3440\" data-end=\"3473\"><strong data-start=\"3440\" data-end=\"3473\">Carlo \u2013 Carlo Antonio Fortino<\/strong><\/p>\n<\/li>\n<\/ul>\n<h2 data-start=\"3480\" data-end=\"3504\"><img decoding=\"async\" class=\"alignnone wp-image-4079\" src=\"https:\/\/www.tourmusicfest.com\/es\/files\/2025\/11\/RI_1626picc-700x467.jpg\" alt=\"\" width=\"798\" height=\"537\" \/><\/h2>\n<h2 data-start=\"3480\" data-end=\"3504\"><strong data-start=\"3483\" data-end=\"3504\">El viaje contin\u00faa<\/strong><\/h2>\n<p data-start=\"3506\" data-end=\"3722\">Con este Day 6, el Tour Music Fest 2024 sigue celebrando la m\u00fasica emergente con pasi\u00f3n, dedicaci\u00f3n y un nivel art\u00edstico cada vez m\u00e1s alto. Ma\u00f1ana llegan nuevas masterclasses, nuevas competiciones y nuevas emociones.<\/p>\n<p>&nbsp;<\/p>\n","protected":false},"excerpt":{"rendered":"<p>El 27 de noviembre, el Tour Music Fest 2024 ofreci\u00f3 un Day 6 lleno de energ\u00eda, formaci\u00f3n y actuaciones inolvidables. Con masterclasses de alt\u00edsimo nivel y competiciones intensas, la jornada destac\u00f3 a algunos de los talentos emergentes m\u00e1s prometedores de Europa. Masterclass del d\u00eda La jornada comenz\u00f3 con la masterclass de Francesco Rapaccioli, quien ofreci\u00f3 [&hellip;]<\/p>\n","protected":false},"author":3,"featured_media":4077,"comment_status":"closed","ping_status":"closed","sticky":false,"template":"","format":"standard","meta":{"_acf_changed":false,"footnotes":""},"categories":[4],"tags":[],"class_list":["post-4076","post","type-post","status-publish","format-standard","has-post-thumbnail","hentry","category-news"],"acf":[],"yoast_head":"<!-- This site is optimized with the Yoast SEO plugin v26.7 - https:\/\/yoast.com\/wordpress\/plugins\/seo\/ -->\n<title>DAY 6: Otro d\u00eda extraordinario en el Tour Music Fest 2024 - ES - Tour Music Fest<\/title>\n<meta name=\"robots\" content=\"index, follow, max-snippet:-1, max-image-preview:large, max-video-preview:-1\" \/>\n<link rel=\"canonical\" href=\"https:\/\/www.tourmusicfest.com\/es\/news\/day-6-otro-dia-extraordinario-en-el-tour-music-fest-2024\/\" \/>\n<meta property=\"og:locale\" content=\"es_ES\" \/>\n<meta property=\"og:type\" content=\"article\" \/>\n<meta property=\"og:title\" content=\"DAY 6: Otro d\u00eda extraordinario en el Tour Music Fest 2024 - ES - Tour Music Fest\" \/>\n<meta property=\"og:description\" content=\"El 27 de noviembre, el Tour Music Fest 2024 ofreci\u00f3 un Day 6 lleno de energ\u00eda, formaci\u00f3n y actuaciones inolvidables. Con masterclasses de alt\u00edsimo nivel y competiciones intensas, la jornada destac\u00f3 a algunos de los talentos emergentes m\u00e1s prometedores de Europa. Masterclass del d\u00eda La jornada comenz\u00f3 con la masterclass de Francesco Rapaccioli, quien ofreci\u00f3 [&hellip;]\" \/>\n<meta property=\"og:url\" content=\"https:\/\/www.tourmusicfest.com\/es\/news\/day-6-otro-dia-extraordinario-en-el-tour-music-fest-2024\/\" \/>\n<meta property=\"og:site_name\" content=\"ES - Tour Music Fest\" \/>\n<meta property=\"article:publisher\" content=\"https:\/\/facebook.com\/tourmusicfest\" \/>\n<meta property=\"article:published_time\" content=\"2025-11-28T09:04:41+00:00\" \/>\n<meta property=\"article:modified_time\" content=\"2025-12-01T13:33:30+00:00\" \/>\n<meta property=\"og:image\" content=\"https:\/\/www.tourmusicfest.com\/es\/files\/2025\/11\/DAY6_2025-picc.jpg\" \/>\n\t<meta property=\"og:image:width\" content=\"1920\" \/>\n\t<meta property=\"og:image:height\" content=\"1080\" \/>\n\t<meta property=\"og:image:type\" content=\"image\/jpeg\" \/>\n<meta name=\"author\" content=\"tmfeuropa17\" \/>\n<meta name=\"twitter:card\" content=\"summary_large_image\" \/>\n<meta name=\"twitter:label1\" content=\"Escrito por\" \/>\n\t<meta name=\"twitter:data1\" content=\"tmfeuropa17\" \/>\n\t<meta name=\"twitter:label2\" content=\"Tiempo de lectura\" \/>\n\t<meta name=\"twitter:data2\" content=\"3 minutos\" \/>\n<script type=\"application\/ld+json\" class=\"yoast-schema-graph\">{\"@context\":\"https:\/\/schema.org\",\"@graph\":[{\"@type\":\"Article\",\"@id\":\"https:\/\/www.tourmusicfest.com\/es\/news\/day-6-otro-dia-extraordinario-en-el-tour-music-fest-2024\/#article\",\"isPartOf\":{\"@id\":\"https:\/\/www.tourmusicfest.com\/es\/news\/day-6-otro-dia-extraordinario-en-el-tour-music-fest-2024\/\"},\"author\":{\"name\":\"tmfeuropa17\",\"@id\":\"https:\/\/www.tourmusicfest.com\/es\/#\/schema\/person\/390d861689d02485bce7bf22b19bfe79\"},\"headline\":\"DAY 6: Otro d\u00eda extraordinario en el Tour Music Fest 2024\",\"datePublished\":\"2025-11-28T09:04:41+00:00\",\"dateModified\":\"2025-12-01T13:33:30+00:00\",\"mainEntityOfPage\":{\"@id\":\"https:\/\/www.tourmusicfest.com\/es\/news\/day-6-otro-dia-extraordinario-en-el-tour-music-fest-2024\/\"},\"wordCount\":266,\"publisher\":{\"@id\":\"https:\/\/www.tourmusicfest.com\/es\/#organization\"},\"image\":{\"@id\":\"https:\/\/www.tourmusicfest.com\/es\/news\/day-6-otro-dia-extraordinario-en-el-tour-music-fest-2024\/#primaryimage\"},\"thumbnailUrl\":\"https:\/\/www.tourmusicfest.com\/es\/files\/2025\/11\/DAY6_2025-picc.jpg\",\"articleSection\":[\"News\"],\"inLanguage\":\"es\"},{\"@type\":\"WebPage\",\"@id\":\"https:\/\/www.tourmusicfest.com\/es\/news\/day-6-otro-dia-extraordinario-en-el-tour-music-fest-2024\/\",\"url\":\"https:\/\/www.tourmusicfest.com\/es\/news\/day-6-otro-dia-extraordinario-en-el-tour-music-fest-2024\/\",\"name\":\"DAY 6: Otro d\u00eda extraordinario en el Tour Music Fest 2024 - ES - Tour Music Fest\",\"isPartOf\":{\"@id\":\"https:\/\/www.tourmusicfest.com\/es\/#website\"},\"primaryImageOfPage\":{\"@id\":\"https:\/\/www.tourmusicfest.com\/es\/news\/day-6-otro-dia-extraordinario-en-el-tour-music-fest-2024\/#primaryimage\"},\"image\":{\"@id\":\"https:\/\/www.tourmusicfest.com\/es\/news\/day-6-otro-dia-extraordinario-en-el-tour-music-fest-2024\/#primaryimage\"},\"thumbnailUrl\":\"https:\/\/www.tourmusicfest.com\/es\/files\/2025\/11\/DAY6_2025-picc.jpg\",\"datePublished\":\"2025-11-28T09:04:41+00:00\",\"dateModified\":\"2025-12-01T13:33:30+00:00\",\"breadcrumb\":{\"@id\":\"https:\/\/www.tourmusicfest.com\/es\/news\/day-6-otro-dia-extraordinario-en-el-tour-music-fest-2024\/#breadcrumb\"},\"inLanguage\":\"es\",\"potentialAction\":[{\"@type\":\"ReadAction\",\"target\":[\"https:\/\/www.tourmusicfest.com\/es\/news\/day-6-otro-dia-extraordinario-en-el-tour-music-fest-2024\/\"]}]},{\"@type\":\"ImageObject\",\"inLanguage\":\"es\",\"@id\":\"https:\/\/www.tourmusicfest.com\/es\/news\/day-6-otro-dia-extraordinario-en-el-tour-music-fest-2024\/#primaryimage\",\"url\":\"https:\/\/www.tourmusicfest.com\/es\/files\/2025\/11\/DAY6_2025-picc.jpg\",\"contentUrl\":\"https:\/\/www.tourmusicfest.com\/es\/files\/2025\/11\/DAY6_2025-picc.jpg\",\"width\":1920,\"height\":1080},{\"@type\":\"BreadcrumbList\",\"@id\":\"https:\/\/www.tourmusicfest.com\/es\/news\/day-6-otro-dia-extraordinario-en-el-tour-music-fest-2024\/#breadcrumb\",\"itemListElement\":[{\"@type\":\"ListItem\",\"position\":1,\"name\":\"Home\",\"item\":\"https:\/\/www.tourmusicfest.com\/es\/\"},{\"@type\":\"ListItem\",\"position\":2,\"name\":\"DAY 6: Otro d\u00eda extraordinario en el Tour Music Fest 2024\"}]},{\"@type\":\"WebSite\",\"@id\":\"https:\/\/www.tourmusicfest.com\/es\/#website\",\"url\":\"https:\/\/www.tourmusicfest.com\/es\/\",\"name\":\"Tour Music Fest - ES\",\"description\":\"The European Music Contest\",\"publisher\":{\"@id\":\"https:\/\/www.tourmusicfest.com\/es\/#organization\"},\"potentialAction\":[{\"@type\":\"SearchAction\",\"target\":{\"@type\":\"EntryPoint\",\"urlTemplate\":\"https:\/\/www.tourmusicfest.com\/es\/?s={search_term_string}\"},\"query-input\":{\"@type\":\"PropertyValueSpecification\",\"valueRequired\":true,\"valueName\":\"search_term_string\"}}],\"inLanguage\":\"es\"},{\"@type\":\"Organization\",\"@id\":\"https:\/\/www.tourmusicfest.com\/es\/#organization\",\"name\":\"ES - Tour Music Fest\",\"url\":\"https:\/\/www.tourmusicfest.com\/es\/\",\"logo\":{\"@type\":\"ImageObject\",\"inLanguage\":\"es\",\"@id\":\"https:\/\/www.tourmusicfest.com\/es\/#\/schema\/logo\/image\/\",\"url\":\"https:\/\/www.tourmusicfest.com\/es\/files\/2024\/04\/Brand-TMF-grey.png\",\"contentUrl\":\"https:\/\/www.tourmusicfest.com\/es\/files\/2024\/04\/Brand-TMF-grey.png\",\"width\":1181,\"height\":875,\"caption\":\"ES - Tour Music Fest\"},\"image\":{\"@id\":\"https:\/\/www.tourmusicfest.com\/es\/#\/schema\/logo\/image\/\"},\"sameAs\":[\"https:\/\/facebook.com\/tourmusicfest\",\"https:\/\/instagram.com\/tourmusicfest\"]},{\"@type\":\"Person\",\"@id\":\"https:\/\/www.tourmusicfest.com\/es\/#\/schema\/person\/390d861689d02485bce7bf22b19bfe79\",\"name\":\"tmfeuropa17\",\"image\":{\"@type\":\"ImageObject\",\"inLanguage\":\"es\",\"@id\":\"https:\/\/www.tourmusicfest.com\/es\/#\/schema\/person\/image\/\",\"url\":\"https:\/\/secure.gravatar.com\/avatar\/2b5fc8be00f182d9a3134943aeed9d38e7bcb4a9b63a07ad32e9141daebd39dd?s=96&d=mm&r=g\",\"contentUrl\":\"https:\/\/secure.gravatar.com\/avatar\/2b5fc8be00f182d9a3134943aeed9d38e7bcb4a9b63a07ad32e9141daebd39dd?s=96&d=mm&r=g\",\"caption\":\"tmfeuropa17\"},\"url\":\"https:\/\/www.tourmusicfest.com\/es\/author\/tmfeuropa17\/\"}]}<\/script>\n<!-- \/ Yoast SEO plugin. -->","yoast_head_json":{"title":"DAY 6: Otro d\u00eda extraordinario en el Tour Music Fest 2024 - ES - Tour Music Fest","robots":{"index":"index","follow":"follow","max-snippet":"max-snippet:-1","max-image-preview":"max-image-preview:large","max-video-preview":"max-video-preview:-1"},"canonical":"https:\/\/www.tourmusicfest.com\/es\/news\/day-6-otro-dia-extraordinario-en-el-tour-music-fest-2024\/","og_locale":"es_ES","og_type":"article","og_title":"DAY 6: Otro d\u00eda extraordinario en el Tour Music Fest 2024 - ES - Tour Music Fest","og_description":"El 27 de noviembre, el Tour Music Fest 2024 ofreci\u00f3 un Day 6 lleno de energ\u00eda, formaci\u00f3n y actuaciones inolvidables. Con masterclasses de alt\u00edsimo nivel y competiciones intensas, la jornada destac\u00f3 a algunos de los talentos emergentes m\u00e1s prometedores de Europa. Masterclass del d\u00eda La jornada comenz\u00f3 con la masterclass de Francesco Rapaccioli, quien ofreci\u00f3 [&hellip;]","og_url":"https:\/\/www.tourmusicfest.com\/es\/news\/day-6-otro-dia-extraordinario-en-el-tour-music-fest-2024\/","og_site_name":"ES - Tour Music Fest","article_publisher":"https:\/\/facebook.com\/tourmusicfest","article_published_time":"2025-11-28T09:04:41+00:00","article_modified_time":"2025-12-01T13:33:30+00:00","og_image":[{"width":1920,"height":1080,"url":"https:\/\/www.tourmusicfest.com\/es\/files\/2025\/11\/DAY6_2025-picc.jpg","type":"image\/jpeg"}],"author":"tmfeuropa17","twitter_card":"summary_large_image","twitter_misc":{"Escrito por":"tmfeuropa17","Tiempo de lectura":"3 minutos"},"schema":{"@context":"https:\/\/schema.org","@graph":[{"@type":"Article","@id":"https:\/\/www.tourmusicfest.com\/es\/news\/day-6-otro-dia-extraordinario-en-el-tour-music-fest-2024\/#article","isPartOf":{"@id":"https:\/\/www.tourmusicfest.com\/es\/news\/day-6-otro-dia-extraordinario-en-el-tour-music-fest-2024\/"},"author":{"name":"tmfeuropa17","@id":"https:\/\/www.tourmusicfest.com\/es\/#\/schema\/person\/390d861689d02485bce7bf22b19bfe79"},"headline":"DAY 6: Otro d\u00eda extraordinario en el Tour Music Fest 2024","datePublished":"2025-11-28T09:04:41+00:00","dateModified":"2025-12-01T13:33:30+00:00","mainEntityOfPage":{"@id":"https:\/\/www.tourmusicfest.com\/es\/news\/day-6-otro-dia-extraordinario-en-el-tour-music-fest-2024\/"},"wordCount":266,"publisher":{"@id":"https:\/\/www.tourmusicfest.com\/es\/#organization"},"image":{"@id":"https:\/\/www.tourmusicfest.com\/es\/news\/day-6-otro-dia-extraordinario-en-el-tour-music-fest-2024\/#primaryimage"},"thumbnailUrl":"https:\/\/www.tourmusicfest.com\/es\/files\/2025\/11\/DAY6_2025-picc.jpg","articleSection":["News"],"inLanguage":"es"},{"@type":"WebPage","@id":"https:\/\/www.tourmusicfest.com\/es\/news\/day-6-otro-dia-extraordinario-en-el-tour-music-fest-2024\/","url":"https:\/\/www.tourmusicfest.com\/es\/news\/day-6-otro-dia-extraordinario-en-el-tour-music-fest-2024\/","name":"DAY 6: Otro d\u00eda extraordinario en el Tour Music Fest 2024 - ES - Tour Music Fest","isPartOf":{"@id":"https:\/\/www.tourmusicfest.com\/es\/#website"},"primaryImageOfPage":{"@id":"https:\/\/www.tourmusicfest.com\/es\/news\/day-6-otro-dia-extraordinario-en-el-tour-music-fest-2024\/#primaryimage"},"image":{"@id":"https:\/\/www.tourmusicfest.com\/es\/news\/day-6-otro-dia-extraordinario-en-el-tour-music-fest-2024\/#primaryimage"},"thumbnailUrl":"https:\/\/www.tourmusicfest.com\/es\/files\/2025\/11\/DAY6_2025-picc.jpg","datePublished":"2025-11-28T09:04:41+00:00","dateModified":"2025-12-01T13:33:30+00:00","breadcrumb":{"@id":"https:\/\/www.tourmusicfest.com\/es\/news\/day-6-otro-dia-extraordinario-en-el-tour-music-fest-2024\/#breadcrumb"},"inLanguage":"es","potentialAction":[{"@type":"ReadAction","target":["https:\/\/www.tourmusicfest.com\/es\/news\/day-6-otro-dia-extraordinario-en-el-tour-music-fest-2024\/"]}]},{"@type":"ImageObject","inLanguage":"es","@id":"https:\/\/www.tourmusicfest.com\/es\/news\/day-6-otro-dia-extraordinario-en-el-tour-music-fest-2024\/#primaryimage","url":"https:\/\/www.tourmusicfest.com\/es\/files\/2025\/11\/DAY6_2025-picc.jpg","contentUrl":"https:\/\/www.tourmusicfest.com\/es\/files\/2025\/11\/DAY6_2025-picc.jpg","width":1920,"height":1080},{"@type":"BreadcrumbList","@id":"https:\/\/www.tourmusicfest.com\/es\/news\/day-6-otro-dia-extraordinario-en-el-tour-music-fest-2024\/#breadcrumb","itemListElement":[{"@type":"ListItem","position":1,"name":"Home","item":"https:\/\/www.tourmusicfest.com\/es\/"},{"@type":"ListItem","position":2,"name":"DAY 6: Otro d\u00eda extraordinario en el Tour Music Fest 2024"}]},{"@type":"WebSite","@id":"https:\/\/www.tourmusicfest.com\/es\/#website","url":"https:\/\/www.tourmusicfest.com\/es\/","name":"Tour Music Fest - ES","description":"The European Music Contest","publisher":{"@id":"https:\/\/www.tourmusicfest.com\/es\/#organization"},"potentialAction":[{"@type":"SearchAction","target":{"@type":"EntryPoint","urlTemplate":"https:\/\/www.tourmusicfest.com\/es\/?s={search_term_string}"},"query-input":{"@type":"PropertyValueSpecification","valueRequired":true,"valueName":"search_term_string"}}],"inLanguage":"es"},{"@type":"Organization","@id":"https:\/\/www.tourmusicfest.com\/es\/#organization","name":"ES - Tour Music Fest","url":"https:\/\/www.tourmusicfest.com\/es\/","logo":{"@type":"ImageObject","inLanguage":"es","@id":"https:\/\/www.tourmusicfest.com\/es\/#\/schema\/logo\/image\/","url":"https:\/\/www.tourmusicfest.com\/es\/files\/2024\/04\/Brand-TMF-grey.png","contentUrl":"https:\/\/www.tourmusicfest.com\/es\/files\/2024\/04\/Brand-TMF-grey.png","width":1181,"height":875,"caption":"ES - Tour Music Fest"},"image":{"@id":"https:\/\/www.tourmusicfest.com\/es\/#\/schema\/logo\/image\/"},"sameAs":["https:\/\/facebook.com\/tourmusicfest","https:\/\/instagram.com\/tourmusicfest"]},{"@type":"Person","@id":"https:\/\/www.tourmusicfest.com\/es\/#\/schema\/person\/390d861689d02485bce7bf22b19bfe79","name":"tmfeuropa17","image":{"@type":"ImageObject","inLanguage":"es","@id":"https:\/\/www.tourmusicfest.com\/es\/#\/schema\/person\/image\/","url":"https:\/\/secure.gravatar.com\/avatar\/2b5fc8be00f182d9a3134943aeed9d38e7bcb4a9b63a07ad32e9141daebd39dd?s=96&d=mm&r=g","contentUrl":"https:\/\/secure.gravatar.com\/avatar\/2b5fc8be00f182d9a3134943aeed9d38e7bcb4a9b63a07ad32e9141daebd39dd?s=96&d=mm&r=g","caption":"tmfeuropa17"},"url":"https:\/\/www.tourmusicfest.com\/es\/author\/tmfeuropa17\/"}]}},"_links":{"self":[{"href":"https:\/\/www.tourmusicfest.com\/es\/wp-json\/wp\/v2\/posts\/4076","targetHints":{"allow":["GET"]}}],"collection":[{"href":"https:\/\/www.tourmusicfest.com\/es\/wp-json\/wp\/v2\/posts"}],"about":[{"href":"https:\/\/www.tourmusicfest.com\/es\/wp-json\/wp\/v2\/types\/post"}],"author":[{"embeddable":true,"href":"https:\/\/www.tourmusicfest.com\/es\/wp-json\/wp\/v2\/users\/3"}],"replies":[{"embeddable":true,"href":"https:\/\/www.tourmusicfest.com\/es\/wp-json\/wp\/v2\/comments?post=4076"}],"version-history":[{"count":2,"href":"https:\/\/www.tourmusicfest.com\/es\/wp-json\/wp\/v2\/posts\/4076\/revisions"}],"predecessor-version":[{"id":4100,"href":"https:\/\/www.tourmusicfest.com\/es\/wp-json\/wp\/v2\/posts\/4076\/revisions\/4100"}],"wp:featuredmedia":[{"embeddable":true,"href":"https:\/\/www.tourmusicfest.com\/es\/wp-json\/wp\/v2\/media\/4077"}],"wp:attachment":[{"href":"https:\/\/www.tourmusicfest.com\/es\/wp-json\/wp\/v2\/media?parent=4076"}],"wp:term":[{"taxonomy":"category","embeddable":true,"href":"https:\/\/www.tourmusicfest.com\/es\/wp-json\/wp\/v2\/categories?post=4076"},{"taxonomy":"post_tag","embeddable":true,"href":"https:\/\/www.tourmusicfest.com\/es\/wp-json\/wp\/v2\/tags?post=4076"}],"curies":[{"name":"wp","href":"https:\/\/api.w.org\/{rel}","templated":true}]}}