{"id":3606,"date":"2025-02-05T15:20:18","date_gmt":"2025-02-05T15:20:18","guid":{"rendered":"https:\/\/www.tourmusicfest.com\/es\/?p=3606"},"modified":"2025-02-05T15:20:18","modified_gmt":"2025-02-05T15:20:18","slug":"niccolo-filippucci-del-triunfo-en-el-tour-music-fest-2023-a-su-ingreso-en-amici","status":"publish","type":"post","link":"https:\/\/www.tourmusicfest.com\/es\/news\/niccolo-filippucci-del-triunfo-en-el-tour-music-fest-2023-a-su-ingreso-en-amici\/","title":{"rendered":"Niccol\u00f2 Filippucci: Del triunfo en el Tour Music Fest 2023 a su ingreso en Amici"},"content":{"rendered":"<p>El <strong>Tour Music Fest 2023<\/strong> vio brillar a <strong>Niccol\u00f2 Filippucci<\/strong>, un talento extraordinario que conquist\u00f3 el t\u00edtulo de <strong>Mejor Int\u00e9rprete y Artista del A\u00f1o<\/strong>. Con su poderosa voz y su capacidad para transmitir emociones, Niccol\u00f2 dej\u00f3 una marca indeleble en el p\u00fablico y el jurado, consolid\u00e1ndose como una de las revelaciones m\u00e1s destacadas de la escena musical emergente.<\/p>\n<h3><strong>Un camino de \u00e9xitos en el TMF<\/strong><\/h3>\n<p>Despu\u00e9s de superar las primeras selecciones con una actuaci\u00f3n impecable, Niccol\u00f2 destac\u00f3 en las etapas finales del <strong>Tour Music Fest 2023<\/strong>, recibiendo elogios de los profesionales del sector. Su interpretaci\u00f3n en la gran final fue un momento inolvidable, combinando t\u00e9cnica vocal y expresi\u00f3n emocional en una actuaci\u00f3n extraordinaria que cautiv\u00f3 tanto al p\u00fablico como a la cr\u00edtica.<\/p>\n<p>Gracias a su victoria en el <strong>TMF 2023<\/strong>, Niccol\u00f2 tuvo la oportunidad de participar en prestigiosas masterclasses con expertos de la industria, reforzando a\u00fan m\u00e1s sus habilidades art\u00edsticas y prepar\u00e1ndose para nuevos desaf\u00edos musicales. Su talento llam\u00f3 la atenci\u00f3n de figuras clave de la m\u00fasica italiana, abri\u00e9ndole las puertas a un futuro a\u00fan m\u00e1s prometedor.<\/p>\n<h3><strong>\u00a1Mira los mejores momentos de su actuaci\u00f3n y revive la energ\u00eda!<\/strong><\/h3>\n<blockquote class=\"instagram-media\" style=\"background: #FFF; border: 0; border-radius: 3px; box-shadow: 0 0 1px 0 rgba(0,0,0,0.5),0 1px 10px 0 rgba(0,0,0,0.15); margin: 1px; max-width: 540px; min-width: 326px; padding: 0; width: calc(100% - 2px);\" data-instgrm-captioned=\"\" data-instgrm-permalink=\"https:\/\/www.instagram.com\/reel\/C1E4dFgJcqz\/?utm_source=ig_embed&amp;utm_campaign=loading\" data-instgrm-version=\"14\">\n<div style=\"padding: 16px;\">\n<p>&nbsp;<\/p>\n<div style=\"display: flex; flex-direction: row; align-items: center;\">\n<div style=\"background-color: #f4f4f4; border-radius: 50%; flex-grow: 0; height: 40px; margin-right: 14px; width: 40px;\"><\/div>\n<div style=\"display: flex; flex-direction: column; flex-grow: 1; justify-content: center;\">\n<div style=\"background-color: #f4f4f4; border-radius: 4px; flex-grow: 0; height: 14px; margin-bottom: 6px; width: 100px;\"><\/div>\n<div style=\"background-color: #f4f4f4; border-radius: 4px; flex-grow: 0; height: 14px; width: 60px;\"><\/div>\n<\/div>\n<\/div>\n<div style=\"padding: 19% 0;\"><\/div>\n<div style=\"display: block; height: 50px; margin: 0 auto 12px; width: 50px;\"><\/div>\n<div style=\"padding-top: 8px;\">\n<div style=\"color: #3897f0; font-family: Arial,sans-serif; font-size: 14px; font-style: normal; font-weight: 550; line-height: 18px;\">Visualizza questo post su Instagram<\/div>\n<\/div>\n<div style=\"padding: 12.5% 0;\"><\/div>\n<div style=\"display: flex; flex-direction: row; margin-bottom: 14px; align-items: center;\">\n<div>\n<div style=\"background-color: #f4f4f4; border-radius: 50%; height: 12.5px; width: 12.5px; transform: translateX(0px) translateY(7px);\"><\/div>\n<div style=\"background-color: #f4f4f4; height: 12.5px; transform: rotate(-45deg) translateX(3px) translateY(1px); width: 12.5px; flex-grow: 0; margin-right: 14px; margin-left: 2px;\"><\/div>\n<div style=\"background-color: #f4f4f4; border-radius: 50%; height: 12.5px; width: 12.5px; transform: translateX(9px) translateY(-18px);\"><\/div>\n<\/div>\n<div style=\"margin-left: 8px;\">\n<div style=\"background-color: #f4f4f4; border-radius: 50%; flex-grow: 0; height: 20px; width: 20px;\"><\/div>\n<div style=\"width: 0; height: 0; border-top: 2px solid transparent; border-left: 6px solid #f4f4f4; border-bottom: 2px solid transparent; transform: translateX(16px) translateY(-4px) rotate(30deg);\"><\/div>\n<\/div>\n<div style=\"margin-left: auto;\">\n<div style=\"width: 0px; border-top: 8px solid #F4F4F4; border-right: 8px solid transparent; transform: translateY(16px);\"><\/div>\n<div style=\"background-color: #f4f4f4; flex-grow: 0; height: 12px; width: 16px; transform: translateY(-4px);\"><\/div>\n<div style=\"width: 0; height: 0; border-top: 8px solid #F4F4F4; border-left: 8px solid transparent; transform: translateY(-4px) translateX(8px);\"><\/div>\n<\/div>\n<\/div>\n<div style=\"display: flex; flex-direction: column; flex-grow: 1; justify-content: center; margin-bottom: 24px;\">\n<div style=\"background-color: #f4f4f4; border-radius: 4px; flex-grow: 0; height: 14px; margin-bottom: 6px; width: 224px;\"><\/div>\n<div style=\"background-color: #f4f4f4; border-radius: 4px; flex-grow: 0; height: 14px; width: 144px;\"><\/div>\n<\/div>\n<p>&nbsp;<\/p>\n<p style=\"color: #c9c8cd; font-family: Arial,sans-serif; font-size: 14px; line-height: 17px; margin-bottom: 0; margin-top: 8px; overflow: hidden; padding: 8px 0 7px; text-align: center; text-overflow: ellipsis; white-space: nowrap;\"><a style=\"color: #c9c8cd; font-family: Arial,sans-serif; font-size: 14px; font-style: normal; font-weight: normal; line-height: 17px; text-decoration: none;\" href=\"https:\/\/www.instagram.com\/reel\/C1E4dFgJcqz\/?utm_source=ig_embed&amp;utm_campaign=loading\" target=\"_blank\" rel=\"noopener\">Un post condiviso da Tour Music Fest (@tourmusicfest)<\/a><\/p>\n<\/div>\n<\/blockquote>\n<p><script async src=\"\/\/www.instagram.com\/embed.js\"><\/script><\/p>\n<h3><strong>Del \u00e9xito en el TMF a su ingreso en Amici 2025<\/strong><\/h3>\n<p>Tras su \u00e9xito en el <strong>Tour Music Fest<\/strong>, Niccol\u00f2 Filippucci continu\u00f3 su camino con determinaci\u00f3n, logrando otro gran hito: se convirti\u00f3 en el primer concursante de <strong>Amici 2025<\/strong> en asegurarse un lugar en la fase de la noche. Su entrada en el talent show confirma un proceso de crecimiento musical que comenz\u00f3 con el <strong>TMF 2023<\/strong> y que se ha consolidado con nuevas experiencias y reconocimientos.<\/p>\n<h3><strong>Un futuro musical lleno de oportunidades<\/strong><\/h3>\n<p>Despu\u00e9s de conquistar al p\u00fablico en el <strong>TMF 2023<\/strong>, Niccol\u00f2 est\u00e1 listo para ponerse a prueba en <strong>Amici 2025<\/strong>, donde continuar\u00e1 demostrando su talento y trabajando arduamente para consolidarse en el mundo de la m\u00fasica. Su viaje apenas comienza, y con la experiencia adquirida en el <strong>TMF<\/strong>, su futuro est\u00e1 lleno de oportunidades y \u00e9xitos.<\/p>\n<p><strong>\u00a1Felicidades a Niccol\u00f2 Filippucci por su extraordinario camino!<\/strong> Estamos seguros de que seguir\u00e1 sorprendiendo y alcanzando metas a\u00fan m\u00e1s ambiciosas.<\/p>\n<p>Para m\u00e1s noticias sobre artistas emergentes y m\u00fasica de calidad, \u00a1sigan nuestro blog y redes sociales!<\/p>\n<p><strong>Social Media:<\/strong> <a href=\"https:\/\/www.facebook.com\/tourmusicfest\">Facebook.com\/tourmusicfest<\/a> <a href=\"https:\/\/www.instagram.com\/tourmusicfest\">Instagram.com\/tourmusicfest<\/a><\/p>\n","protected":false},"excerpt":{"rendered":"<p>El Tour Music Fest 2023 vio brillar a Niccol\u00f2 Filippucci, un talento extraordinario que conquist\u00f3 el t\u00edtulo de Mejor Int\u00e9rprete y Artista del A\u00f1o. Con su poderosa voz y su capacidad para transmitir emociones, Niccol\u00f2 dej\u00f3 una marca indeleble en el p\u00fablico y el jurado, consolid\u00e1ndose como una de las revelaciones m\u00e1s destacadas de la [&hellip;]<\/p>\n","protected":false},"author":3,"featured_media":3607,"comment_status":"closed","ping_status":"closed","sticky":false,"template":"","format":"standard","meta":{"_acf_changed":false,"footnotes":""},"categories":[4],"tags":[],"class_list":["post-3606","post","type-post","status-publish","format-standard","has-post-thumbnail","hentry","category-news"],"acf":[],"yoast_head":"<!-- This site is optimized with the Yoast SEO plugin v26.7 - https:\/\/yoast.com\/wordpress\/plugins\/seo\/ -->\n<title>Niccol\u00f2 Filippucci: Del triunfo en el Tour Music Fest 2023 a su ingreso en Amici - ES - Tour Music Fest<\/title>\n<meta name=\"description\" content=\"Niccol\u00f2 Filippucci: Del triunfo en el Tour Music Fest 2023 a su ingreso en Amici\" \/>\n<meta name=\"robots\" content=\"index, follow, max-snippet:-1, max-image-preview:large, max-video-preview:-1\" \/>\n<link rel=\"canonical\" href=\"https:\/\/www.tourmusicfest.com\/es\/news\/niccolo-filippucci-del-triunfo-en-el-tour-music-fest-2023-a-su-ingreso-en-amici\/\" \/>\n<meta property=\"og:locale\" content=\"es_ES\" \/>\n<meta property=\"og:type\" content=\"article\" \/>\n<meta property=\"og:title\" content=\"Niccol\u00f2 Filippucci: Del triunfo en el Tour Music Fest 2023 a su ingreso en Amici - ES - Tour Music Fest\" \/>\n<meta property=\"og:description\" content=\"Niccol\u00f2 Filippucci: Del triunfo en el Tour Music Fest 2023 a su ingreso en Amici\" \/>\n<meta property=\"og:url\" content=\"https:\/\/www.tourmusicfest.com\/es\/news\/niccolo-filippucci-del-triunfo-en-el-tour-music-fest-2023-a-su-ingreso-en-amici\/\" \/>\n<meta property=\"og:site_name\" content=\"ES - Tour Music Fest\" \/>\n<meta property=\"article:publisher\" content=\"https:\/\/facebook.com\/tourmusicfest\" \/>\n<meta property=\"article:published_time\" content=\"2025-02-05T15:20:18+00:00\" \/>\n<meta property=\"og:image\" content=\"https:\/\/www.tourmusicfest.com\/es\/files\/2025\/02\/IMG_1163-scaled.jpg\" \/>\n\t<meta property=\"og:image:width\" content=\"2560\" \/>\n\t<meta property=\"og:image:height\" content=\"1707\" \/>\n\t<meta property=\"og:image:type\" content=\"image\/jpeg\" \/>\n<meta name=\"author\" content=\"tmfeuropa17\" \/>\n<meta name=\"twitter:card\" content=\"summary_large_image\" \/>\n<meta name=\"twitter:label1\" content=\"Escrito por\" \/>\n\t<meta name=\"twitter:data1\" content=\"tmfeuropa17\" \/>\n\t<meta name=\"twitter:label2\" content=\"Tiempo de lectura\" \/>\n\t<meta name=\"twitter:data2\" content=\"3 minutos\" \/>\n<script type=\"application\/ld+json\" class=\"yoast-schema-graph\">{\"@context\":\"https:\/\/schema.org\",\"@graph\":[{\"@type\":\"Article\",\"@id\":\"https:\/\/www.tourmusicfest.com\/es\/news\/niccolo-filippucci-del-triunfo-en-el-tour-music-fest-2023-a-su-ingreso-en-amici\/#article\",\"isPartOf\":{\"@id\":\"https:\/\/www.tourmusicfest.com\/es\/news\/niccolo-filippucci-del-triunfo-en-el-tour-music-fest-2023-a-su-ingreso-en-amici\/\"},\"author\":{\"name\":\"tmfeuropa17\",\"@id\":\"https:\/\/www.tourmusicfest.com\/es\/#\/schema\/person\/390d861689d02485bce7bf22b19bfe79\"},\"headline\":\"Niccol\u00f2 Filippucci: Del triunfo en el Tour Music Fest 2023 a su ingreso en Amici\",\"datePublished\":\"2025-02-05T15:20:18+00:00\",\"mainEntityOfPage\":{\"@id\":\"https:\/\/www.tourmusicfest.com\/es\/news\/niccolo-filippucci-del-triunfo-en-el-tour-music-fest-2023-a-su-ingreso-en-amici\/\"},\"wordCount\":425,\"publisher\":{\"@id\":\"https:\/\/www.tourmusicfest.com\/es\/#organization\"},\"image\":{\"@id\":\"https:\/\/www.tourmusicfest.com\/es\/news\/niccolo-filippucci-del-triunfo-en-el-tour-music-fest-2023-a-su-ingreso-en-amici\/#primaryimage\"},\"thumbnailUrl\":\"https:\/\/www.tourmusicfest.com\/es\/files\/2025\/02\/IMG_1163-scaled.jpg\",\"articleSection\":[\"News\"],\"inLanguage\":\"es\"},{\"@type\":\"WebPage\",\"@id\":\"https:\/\/www.tourmusicfest.com\/es\/news\/niccolo-filippucci-del-triunfo-en-el-tour-music-fest-2023-a-su-ingreso-en-amici\/\",\"url\":\"https:\/\/www.tourmusicfest.com\/es\/news\/niccolo-filippucci-del-triunfo-en-el-tour-music-fest-2023-a-su-ingreso-en-amici\/\",\"name\":\"Niccol\u00f2 Filippucci: Del triunfo en el Tour Music Fest 2023 a su ingreso en Amici - ES - Tour Music Fest\",\"isPartOf\":{\"@id\":\"https:\/\/www.tourmusicfest.com\/es\/#website\"},\"primaryImageOfPage\":{\"@id\":\"https:\/\/www.tourmusicfest.com\/es\/news\/niccolo-filippucci-del-triunfo-en-el-tour-music-fest-2023-a-su-ingreso-en-amici\/#primaryimage\"},\"image\":{\"@id\":\"https:\/\/www.tourmusicfest.com\/es\/news\/niccolo-filippucci-del-triunfo-en-el-tour-music-fest-2023-a-su-ingreso-en-amici\/#primaryimage\"},\"thumbnailUrl\":\"https:\/\/www.tourmusicfest.com\/es\/files\/2025\/02\/IMG_1163-scaled.jpg\",\"datePublished\":\"2025-02-05T15:20:18+00:00\",\"description\":\"Niccol\u00f2 Filippucci: Del triunfo en el Tour Music Fest 2023 a su ingreso en Amici\",\"breadcrumb\":{\"@id\":\"https:\/\/www.tourmusicfest.com\/es\/news\/niccolo-filippucci-del-triunfo-en-el-tour-music-fest-2023-a-su-ingreso-en-amici\/#breadcrumb\"},\"inLanguage\":\"es\",\"potentialAction\":[{\"@type\":\"ReadAction\",\"target\":[\"https:\/\/www.tourmusicfest.com\/es\/news\/niccolo-filippucci-del-triunfo-en-el-tour-music-fest-2023-a-su-ingreso-en-amici\/\"]}]},{\"@type\":\"ImageObject\",\"inLanguage\":\"es\",\"@id\":\"https:\/\/www.tourmusicfest.com\/es\/news\/niccolo-filippucci-del-triunfo-en-el-tour-music-fest-2023-a-su-ingreso-en-amici\/#primaryimage\",\"url\":\"https:\/\/www.tourmusicfest.com\/es\/files\/2025\/02\/IMG_1163-scaled.jpg\",\"contentUrl\":\"https:\/\/www.tourmusicfest.com\/es\/files\/2025\/02\/IMG_1163-scaled.jpg\",\"width\":2560,\"height\":1707},{\"@type\":\"BreadcrumbList\",\"@id\":\"https:\/\/www.tourmusicfest.com\/es\/news\/niccolo-filippucci-del-triunfo-en-el-tour-music-fest-2023-a-su-ingreso-en-amici\/#breadcrumb\",\"itemListElement\":[{\"@type\":\"ListItem\",\"position\":1,\"name\":\"Home\",\"item\":\"https:\/\/www.tourmusicfest.com\/es\/\"},{\"@type\":\"ListItem\",\"position\":2,\"name\":\"Niccol\u00f2 Filippucci: Del triunfo en el Tour Music Fest 2023 a su ingreso en Amici\"}]},{\"@type\":\"WebSite\",\"@id\":\"https:\/\/www.tourmusicfest.com\/es\/#website\",\"url\":\"https:\/\/www.tourmusicfest.com\/es\/\",\"name\":\"Tour Music Fest - ES\",\"description\":\"The European Music Contest\",\"publisher\":{\"@id\":\"https:\/\/www.tourmusicfest.com\/es\/#organization\"},\"potentialAction\":[{\"@type\":\"SearchAction\",\"target\":{\"@type\":\"EntryPoint\",\"urlTemplate\":\"https:\/\/www.tourmusicfest.com\/es\/?s={search_term_string}\"},\"query-input\":{\"@type\":\"PropertyValueSpecification\",\"valueRequired\":true,\"valueName\":\"search_term_string\"}}],\"inLanguage\":\"es\"},{\"@type\":\"Organization\",\"@id\":\"https:\/\/www.tourmusicfest.com\/es\/#organization\",\"name\":\"ES - Tour Music Fest\",\"url\":\"https:\/\/www.tourmusicfest.com\/es\/\",\"logo\":{\"@type\":\"ImageObject\",\"inLanguage\":\"es\",\"@id\":\"https:\/\/www.tourmusicfest.com\/es\/#\/schema\/logo\/image\/\",\"url\":\"https:\/\/www.tourmusicfest.com\/es\/files\/2024\/04\/Brand-TMF-grey.png\",\"contentUrl\":\"https:\/\/www.tourmusicfest.com\/es\/files\/2024\/04\/Brand-TMF-grey.png\",\"width\":1181,\"height\":875,\"caption\":\"ES - Tour Music Fest\"},\"image\":{\"@id\":\"https:\/\/www.tourmusicfest.com\/es\/#\/schema\/logo\/image\/\"},\"sameAs\":[\"https:\/\/facebook.com\/tourmusicfest\",\"https:\/\/instagram.com\/tourmusicfest\"]},{\"@type\":\"Person\",\"@id\":\"https:\/\/www.tourmusicfest.com\/es\/#\/schema\/person\/390d861689d02485bce7bf22b19bfe79\",\"name\":\"tmfeuropa17\",\"image\":{\"@type\":\"ImageObject\",\"inLanguage\":\"es\",\"@id\":\"https:\/\/www.tourmusicfest.com\/es\/#\/schema\/person\/image\/\",\"url\":\"https:\/\/secure.gravatar.com\/avatar\/2b5fc8be00f182d9a3134943aeed9d38e7bcb4a9b63a07ad32e9141daebd39dd?s=96&d=mm&r=g\",\"contentUrl\":\"https:\/\/secure.gravatar.com\/avatar\/2b5fc8be00f182d9a3134943aeed9d38e7bcb4a9b63a07ad32e9141daebd39dd?s=96&d=mm&r=g\",\"caption\":\"tmfeuropa17\"},\"url\":\"https:\/\/www.tourmusicfest.com\/es\/author\/tmfeuropa17\/\"}]}<\/script>\n<!-- \/ Yoast SEO plugin. -->","yoast_head_json":{"title":"Niccol\u00f2 Filippucci: Del triunfo en el Tour Music Fest 2023 a su ingreso en Amici - ES - Tour Music Fest","description":"Niccol\u00f2 Filippucci: Del triunfo en el Tour Music Fest 2023 a su ingreso en Amici","robots":{"index":"index","follow":"follow","max-snippet":"max-snippet:-1","max-image-preview":"max-image-preview:large","max-video-preview":"max-video-preview:-1"},"canonical":"https:\/\/www.tourmusicfest.com\/es\/news\/niccolo-filippucci-del-triunfo-en-el-tour-music-fest-2023-a-su-ingreso-en-amici\/","og_locale":"es_ES","og_type":"article","og_title":"Niccol\u00f2 Filippucci: Del triunfo en el Tour Music Fest 2023 a su ingreso en Amici - ES - Tour Music Fest","og_description":"Niccol\u00f2 Filippucci: Del triunfo en el Tour Music Fest 2023 a su ingreso en Amici","og_url":"https:\/\/www.tourmusicfest.com\/es\/news\/niccolo-filippucci-del-triunfo-en-el-tour-music-fest-2023-a-su-ingreso-en-amici\/","og_site_name":"ES - Tour Music Fest","article_publisher":"https:\/\/facebook.com\/tourmusicfest","article_published_time":"2025-02-05T15:20:18+00:00","og_image":[{"width":2560,"height":1707,"url":"https:\/\/www.tourmusicfest.com\/es\/files\/2025\/02\/IMG_1163-scaled.jpg","type":"image\/jpeg"}],"author":"tmfeuropa17","twitter_card":"summary_large_image","twitter_misc":{"Escrito por":"tmfeuropa17","Tiempo de lectura":"3 minutos"},"schema":{"@context":"https:\/\/schema.org","@graph":[{"@type":"Article","@id":"https:\/\/www.tourmusicfest.com\/es\/news\/niccolo-filippucci-del-triunfo-en-el-tour-music-fest-2023-a-su-ingreso-en-amici\/#article","isPartOf":{"@id":"https:\/\/www.tourmusicfest.com\/es\/news\/niccolo-filippucci-del-triunfo-en-el-tour-music-fest-2023-a-su-ingreso-en-amici\/"},"author":{"name":"tmfeuropa17","@id":"https:\/\/www.tourmusicfest.com\/es\/#\/schema\/person\/390d861689d02485bce7bf22b19bfe79"},"headline":"Niccol\u00f2 Filippucci: Del triunfo en el Tour Music Fest 2023 a su ingreso en Amici","datePublished":"2025-02-05T15:20:18+00:00","mainEntityOfPage":{"@id":"https:\/\/www.tourmusicfest.com\/es\/news\/niccolo-filippucci-del-triunfo-en-el-tour-music-fest-2023-a-su-ingreso-en-amici\/"},"wordCount":425,"publisher":{"@id":"https:\/\/www.tourmusicfest.com\/es\/#organization"},"image":{"@id":"https:\/\/www.tourmusicfest.com\/es\/news\/niccolo-filippucci-del-triunfo-en-el-tour-music-fest-2023-a-su-ingreso-en-amici\/#primaryimage"},"thumbnailUrl":"https:\/\/www.tourmusicfest.com\/es\/files\/2025\/02\/IMG_1163-scaled.jpg","articleSection":["News"],"inLanguage":"es"},{"@type":"WebPage","@id":"https:\/\/www.tourmusicfest.com\/es\/news\/niccolo-filippucci-del-triunfo-en-el-tour-music-fest-2023-a-su-ingreso-en-amici\/","url":"https:\/\/www.tourmusicfest.com\/es\/news\/niccolo-filippucci-del-triunfo-en-el-tour-music-fest-2023-a-su-ingreso-en-amici\/","name":"Niccol\u00f2 Filippucci: Del triunfo en el Tour Music Fest 2023 a su ingreso en Amici - ES - Tour Music Fest","isPartOf":{"@id":"https:\/\/www.tourmusicfest.com\/es\/#website"},"primaryImageOfPage":{"@id":"https:\/\/www.tourmusicfest.com\/es\/news\/niccolo-filippucci-del-triunfo-en-el-tour-music-fest-2023-a-su-ingreso-en-amici\/#primaryimage"},"image":{"@id":"https:\/\/www.tourmusicfest.com\/es\/news\/niccolo-filippucci-del-triunfo-en-el-tour-music-fest-2023-a-su-ingreso-en-amici\/#primaryimage"},"thumbnailUrl":"https:\/\/www.tourmusicfest.com\/es\/files\/2025\/02\/IMG_1163-scaled.jpg","datePublished":"2025-02-05T15:20:18+00:00","description":"Niccol\u00f2 Filippucci: Del triunfo en el Tour Music Fest 2023 a su ingreso en Amici","breadcrumb":{"@id":"https:\/\/www.tourmusicfest.com\/es\/news\/niccolo-filippucci-del-triunfo-en-el-tour-music-fest-2023-a-su-ingreso-en-amici\/#breadcrumb"},"inLanguage":"es","potentialAction":[{"@type":"ReadAction","target":["https:\/\/www.tourmusicfest.com\/es\/news\/niccolo-filippucci-del-triunfo-en-el-tour-music-fest-2023-a-su-ingreso-en-amici\/"]}]},{"@type":"ImageObject","inLanguage":"es","@id":"https:\/\/www.tourmusicfest.com\/es\/news\/niccolo-filippucci-del-triunfo-en-el-tour-music-fest-2023-a-su-ingreso-en-amici\/#primaryimage","url":"https:\/\/www.tourmusicfest.com\/es\/files\/2025\/02\/IMG_1163-scaled.jpg","contentUrl":"https:\/\/www.tourmusicfest.com\/es\/files\/2025\/02\/IMG_1163-scaled.jpg","width":2560,"height":1707},{"@type":"BreadcrumbList","@id":"https:\/\/www.tourmusicfest.com\/es\/news\/niccolo-filippucci-del-triunfo-en-el-tour-music-fest-2023-a-su-ingreso-en-amici\/#breadcrumb","itemListElement":[{"@type":"ListItem","position":1,"name":"Home","item":"https:\/\/www.tourmusicfest.com\/es\/"},{"@type":"ListItem","position":2,"name":"Niccol\u00f2 Filippucci: Del triunfo en el Tour Music Fest 2023 a su ingreso en Amici"}]},{"@type":"WebSite","@id":"https:\/\/www.tourmusicfest.com\/es\/#website","url":"https:\/\/www.tourmusicfest.com\/es\/","name":"Tour Music Fest - ES","description":"The European Music Contest","publisher":{"@id":"https:\/\/www.tourmusicfest.com\/es\/#organization"},"potentialAction":[{"@type":"SearchAction","target":{"@type":"EntryPoint","urlTemplate":"https:\/\/www.tourmusicfest.com\/es\/?s={search_term_string}"},"query-input":{"@type":"PropertyValueSpecification","valueRequired":true,"valueName":"search_term_string"}}],"inLanguage":"es"},{"@type":"Organization","@id":"https:\/\/www.tourmusicfest.com\/es\/#organization","name":"ES - Tour Music Fest","url":"https:\/\/www.tourmusicfest.com\/es\/","logo":{"@type":"ImageObject","inLanguage":"es","@id":"https:\/\/www.tourmusicfest.com\/es\/#\/schema\/logo\/image\/","url":"https:\/\/www.tourmusicfest.com\/es\/files\/2024\/04\/Brand-TMF-grey.png","contentUrl":"https:\/\/www.tourmusicfest.com\/es\/files\/2024\/04\/Brand-TMF-grey.png","width":1181,"height":875,"caption":"ES - Tour Music Fest"},"image":{"@id":"https:\/\/www.tourmusicfest.com\/es\/#\/schema\/logo\/image\/"},"sameAs":["https:\/\/facebook.com\/tourmusicfest","https:\/\/instagram.com\/tourmusicfest"]},{"@type":"Person","@id":"https:\/\/www.tourmusicfest.com\/es\/#\/schema\/person\/390d861689d02485bce7bf22b19bfe79","name":"tmfeuropa17","image":{"@type":"ImageObject","inLanguage":"es","@id":"https:\/\/www.tourmusicfest.com\/es\/#\/schema\/person\/image\/","url":"https:\/\/secure.gravatar.com\/avatar\/2b5fc8be00f182d9a3134943aeed9d38e7bcb4a9b63a07ad32e9141daebd39dd?s=96&d=mm&r=g","contentUrl":"https:\/\/secure.gravatar.com\/avatar\/2b5fc8be00f182d9a3134943aeed9d38e7bcb4a9b63a07ad32e9141daebd39dd?s=96&d=mm&r=g","caption":"tmfeuropa17"},"url":"https:\/\/www.tourmusicfest.com\/es\/author\/tmfeuropa17\/"}]}},"_links":{"self":[{"href":"https:\/\/www.tourmusicfest.com\/es\/wp-json\/wp\/v2\/posts\/3606","targetHints":{"allow":["GET"]}}],"collection":[{"href":"https:\/\/www.tourmusicfest.com\/es\/wp-json\/wp\/v2\/posts"}],"about":[{"href":"https:\/\/www.tourmusicfest.com\/es\/wp-json\/wp\/v2\/types\/post"}],"author":[{"embeddable":true,"href":"https:\/\/www.tourmusicfest.com\/es\/wp-json\/wp\/v2\/users\/3"}],"replies":[{"embeddable":true,"href":"https:\/\/www.tourmusicfest.com\/es\/wp-json\/wp\/v2\/comments?post=3606"}],"version-history":[{"count":1,"href":"https:\/\/www.tourmusicfest.com\/es\/wp-json\/wp\/v2\/posts\/3606\/revisions"}],"predecessor-version":[{"id":3608,"href":"https:\/\/www.tourmusicfest.com\/es\/wp-json\/wp\/v2\/posts\/3606\/revisions\/3608"}],"wp:featuredmedia":[{"embeddable":true,"href":"https:\/\/www.tourmusicfest.com\/es\/wp-json\/wp\/v2\/media\/3607"}],"wp:attachment":[{"href":"https:\/\/www.tourmusicfest.com\/es\/wp-json\/wp\/v2\/media?parent=3606"}],"wp:term":[{"taxonomy":"category","embeddable":true,"href":"https:\/\/www.tourmusicfest.com\/es\/wp-json\/wp\/v2\/categories?post=3606"},{"taxonomy":"post_tag","embeddable":true,"href":"https:\/\/www.tourmusicfest.com\/es\/wp-json\/wp\/v2\/tags?post=3606"}],"curies":[{"name":"wp","href":"https:\/\/api.w.org\/{rel}","templated":true}]}}