{"id":3563,"date":"2025-01-23T09:38:33","date_gmt":"2025-01-23T09:38:33","guid":{"rendered":"https:\/\/www.tourmusicfest.com\/es\/?p=3563"},"modified":"2025-01-23T09:38:41","modified_gmt":"2025-01-23T09:38:41","slug":"justine-mayer-suena-eurovision","status":"publish","type":"post","link":"https:\/\/www.tourmusicfest.com\/es\/news\/justine-mayer-suena-eurovision\/","title":{"rendered":"Justine Mayer sue\u00f1a Eurovision"},"content":{"rendered":"<p>El camino hacia el <strong>Eurovision Song Contest 2025<\/strong> est\u00e1 cada vez m\u00e1s cerca para <strong>Justine Mayer<\/strong>, la talentosa cantautora que gan\u00f3 el t\u00edtulo de <strong>campeona del Tour Music Fest 2024<\/strong>. Gracias a la nueva colaboraci\u00f3n entre <strong>Tour Music Fest<\/strong>, <strong>San Marino RTV<\/strong> y <strong>Media Evolution<\/strong>, organizadores del <strong>San Marino Song Contest<\/strong>, Justine tendr\u00e1 la oportunidad de participar en las etapas finales del concurso, un trampol\u00edn hacia el escenario m\u00e1s prestigioso de Europa.<\/p>\n<p>El <strong>San Marino Song Contest<\/strong> no es solo una competici\u00f3n; es una puerta exclusiva para representar a <strong>San Marino<\/strong> en Eurovision, un evento que une a millones de espectadores de todo el mundo.<\/p>\n<p>Justine, con su talento \u00fanico y su determinaci\u00f3n, representa la excelencia de la m\u00fasica emergente que el TMF apoya con pasi\u00f3n. Su viaje es un ejemplo concreto de c\u00f3mo el <strong>Tour Music Fest<\/strong> ofrece oportunidades reales a talentos emergentes, proyect\u00e1ndolos en escenarios de importancia internacional. En este momento, Justine est\u00e1 preparando junto al equipo de TMF su viaje a San Marino, \u00a1y no podemos esperar a verla nuevamente en el escenario!<\/p>\n<p><strong>&#8220;Gracias al Tour Music Fest, tengo la oportunidad de vivir una experiencia \u00fanica. Estoy emocionada de representar a la m\u00fasica emergente y de llevar mi voz a un p\u00fablico a\u00fan m\u00e1s amplio,&#8221;<\/strong> declar\u00f3 Justine.<\/p>\n<p>Con su estilo inconfundible y su presencia esc\u00e9nica magn\u00e9tica, Justine se prepara para dejar su huella y hacer realidad su sue\u00f1o de pisar el escenario de Eurovision 2025.<\/p>\n<p><strong>Mantente al tanto<\/strong><br \/>\nSigue a <strong>Justine Mayer<\/strong> en sus canales de redes sociales para no perderte ni un momento de esta incre\u00edble aventura. Prep\u00e1rate para vivir junto a ella las emociones de las finales del <strong>San Marino Song Contest<\/strong> y so\u00f1ar con Eurovision junto a una de las artistas m\u00e1s prometedoras del panorama musical europeo.<\/p>\n","protected":false},"excerpt":{"rendered":"<p>El camino hacia el Eurovision Song Contest 2025 est\u00e1 cada vez m\u00e1s cerca para Justine Mayer, la talentosa cantautora que gan\u00f3 el t\u00edtulo de campeona del Tour Music Fest 2024. Gracias a la nueva colaboraci\u00f3n entre Tour Music Fest, San Marino RTV y Media Evolution, organizadores del San Marino Song Contest, Justine tendr\u00e1 la oportunidad [&hellip;]<\/p>\n","protected":false},"author":3,"featured_media":3564,"comment_status":"closed","ping_status":"closed","sticky":false,"template":"","format":"standard","meta":{"_acf_changed":false,"footnotes":""},"categories":[4],"tags":[],"class_list":["post-3563","post","type-post","status-publish","format-standard","has-post-thumbnail","hentry","category-news"],"acf":[],"yoast_head":"<!-- This site is optimized with the Yoast SEO plugin v26.7 - https:\/\/yoast.com\/wordpress\/plugins\/seo\/ -->\n<title>Justine Mayer sue\u00f1a Eurovision - ES - Tour Music Fest<\/title>\n<meta name=\"description\" content=\"Justine Mayer se prepara para las etapas finales del San Marino Song Contest gracias al Tour Music Fest\" \/>\n<meta name=\"robots\" content=\"index, follow, max-snippet:-1, max-image-preview:large, max-video-preview:-1\" \/>\n<link rel=\"canonical\" href=\"https:\/\/www.tourmusicfest.com\/es\/news\/justine-mayer-suena-eurovision\/\" \/>\n<meta property=\"og:locale\" content=\"es_ES\" \/>\n<meta property=\"og:type\" content=\"article\" \/>\n<meta property=\"og:title\" content=\"Justine Mayer sue\u00f1a Eurovision - ES - Tour Music Fest\" \/>\n<meta property=\"og:description\" content=\"Justine Mayer se prepara para las etapas finales del San Marino Song Contest gracias al Tour Music Fest\" \/>\n<meta property=\"og:url\" content=\"https:\/\/www.tourmusicfest.com\/es\/news\/justine-mayer-suena-eurovision\/\" \/>\n<meta property=\"og:site_name\" content=\"ES - Tour Music Fest\" \/>\n<meta property=\"article:publisher\" content=\"https:\/\/facebook.com\/tourmusicfest\" \/>\n<meta property=\"article:published_time\" content=\"2025-01-23T09:38:33+00:00\" \/>\n<meta property=\"article:modified_time\" content=\"2025-01-23T09:38:41+00:00\" \/>\n<meta property=\"og:image\" content=\"https:\/\/www.tourmusicfest.com\/es\/files\/2025\/01\/Justine_Meyer.jpg\" \/>\n\t<meta property=\"og:image:width\" content=\"1920\" \/>\n\t<meta property=\"og:image:height\" content=\"1080\" \/>\n\t<meta property=\"og:image:type\" content=\"image\/jpeg\" \/>\n<meta name=\"author\" content=\"tmfeuropa17\" \/>\n<meta name=\"twitter:card\" content=\"summary_large_image\" \/>\n<meta name=\"twitter:label1\" content=\"Escrito por\" \/>\n\t<meta name=\"twitter:data1\" content=\"tmfeuropa17\" \/>\n\t<meta name=\"twitter:label2\" content=\"Tiempo de lectura\" \/>\n\t<meta name=\"twitter:data2\" content=\"3 minutos\" \/>\n<script type=\"application\/ld+json\" class=\"yoast-schema-graph\">{\"@context\":\"https:\/\/schema.org\",\"@graph\":[{\"@type\":\"Article\",\"@id\":\"https:\/\/www.tourmusicfest.com\/es\/news\/justine-mayer-suena-eurovision\/#article\",\"isPartOf\":{\"@id\":\"https:\/\/www.tourmusicfest.com\/es\/news\/justine-mayer-suena-eurovision\/\"},\"author\":{\"name\":\"tmfeuropa17\",\"@id\":\"https:\/\/www.tourmusicfest.com\/es\/#\/schema\/person\/390d861689d02485bce7bf22b19bfe79\"},\"headline\":\"Justine Mayer sue\u00f1a Eurovision\",\"datePublished\":\"2025-01-23T09:38:33+00:00\",\"dateModified\":\"2025-01-23T09:38:41+00:00\",\"mainEntityOfPage\":{\"@id\":\"https:\/\/www.tourmusicfest.com\/es\/news\/justine-mayer-suena-eurovision\/\"},\"wordCount\":317,\"publisher\":{\"@id\":\"https:\/\/www.tourmusicfest.com\/es\/#organization\"},\"image\":{\"@id\":\"https:\/\/www.tourmusicfest.com\/es\/news\/justine-mayer-suena-eurovision\/#primaryimage\"},\"thumbnailUrl\":\"https:\/\/www.tourmusicfest.com\/es\/files\/2025\/01\/Justine_Meyer.jpg\",\"articleSection\":[\"News\"],\"inLanguage\":\"es\"},{\"@type\":\"WebPage\",\"@id\":\"https:\/\/www.tourmusicfest.com\/es\/news\/justine-mayer-suena-eurovision\/\",\"url\":\"https:\/\/www.tourmusicfest.com\/es\/news\/justine-mayer-suena-eurovision\/\",\"name\":\"Justine Mayer sue\u00f1a Eurovision - ES - Tour Music Fest\",\"isPartOf\":{\"@id\":\"https:\/\/www.tourmusicfest.com\/es\/#website\"},\"primaryImageOfPage\":{\"@id\":\"https:\/\/www.tourmusicfest.com\/es\/news\/justine-mayer-suena-eurovision\/#primaryimage\"},\"image\":{\"@id\":\"https:\/\/www.tourmusicfest.com\/es\/news\/justine-mayer-suena-eurovision\/#primaryimage\"},\"thumbnailUrl\":\"https:\/\/www.tourmusicfest.com\/es\/files\/2025\/01\/Justine_Meyer.jpg\",\"datePublished\":\"2025-01-23T09:38:33+00:00\",\"dateModified\":\"2025-01-23T09:38:41+00:00\",\"description\":\"Justine Mayer se prepara para las etapas finales del San Marino Song Contest gracias al Tour Music Fest\",\"breadcrumb\":{\"@id\":\"https:\/\/www.tourmusicfest.com\/es\/news\/justine-mayer-suena-eurovision\/#breadcrumb\"},\"inLanguage\":\"es\",\"potentialAction\":[{\"@type\":\"ReadAction\",\"target\":[\"https:\/\/www.tourmusicfest.com\/es\/news\/justine-mayer-suena-eurovision\/\"]}]},{\"@type\":\"ImageObject\",\"inLanguage\":\"es\",\"@id\":\"https:\/\/www.tourmusicfest.com\/es\/news\/justine-mayer-suena-eurovision\/#primaryimage\",\"url\":\"https:\/\/www.tourmusicfest.com\/es\/files\/2025\/01\/Justine_Meyer.jpg\",\"contentUrl\":\"https:\/\/www.tourmusicfest.com\/es\/files\/2025\/01\/Justine_Meyer.jpg\",\"width\":1920,\"height\":1080},{\"@type\":\"BreadcrumbList\",\"@id\":\"https:\/\/www.tourmusicfest.com\/es\/news\/justine-mayer-suena-eurovision\/#breadcrumb\",\"itemListElement\":[{\"@type\":\"ListItem\",\"position\":1,\"name\":\"Home\",\"item\":\"https:\/\/www.tourmusicfest.com\/es\/\"},{\"@type\":\"ListItem\",\"position\":2,\"name\":\"Justine Mayer sue\u00f1a Eurovision\"}]},{\"@type\":\"WebSite\",\"@id\":\"https:\/\/www.tourmusicfest.com\/es\/#website\",\"url\":\"https:\/\/www.tourmusicfest.com\/es\/\",\"name\":\"Tour Music Fest - ES\",\"description\":\"The European Music Contest\",\"publisher\":{\"@id\":\"https:\/\/www.tourmusicfest.com\/es\/#organization\"},\"potentialAction\":[{\"@type\":\"SearchAction\",\"target\":{\"@type\":\"EntryPoint\",\"urlTemplate\":\"https:\/\/www.tourmusicfest.com\/es\/?s={search_term_string}\"},\"query-input\":{\"@type\":\"PropertyValueSpecification\",\"valueRequired\":true,\"valueName\":\"search_term_string\"}}],\"inLanguage\":\"es\"},{\"@type\":\"Organization\",\"@id\":\"https:\/\/www.tourmusicfest.com\/es\/#organization\",\"name\":\"ES - Tour Music Fest\",\"url\":\"https:\/\/www.tourmusicfest.com\/es\/\",\"logo\":{\"@type\":\"ImageObject\",\"inLanguage\":\"es\",\"@id\":\"https:\/\/www.tourmusicfest.com\/es\/#\/schema\/logo\/image\/\",\"url\":\"https:\/\/www.tourmusicfest.com\/es\/files\/2024\/04\/Brand-TMF-grey.png\",\"contentUrl\":\"https:\/\/www.tourmusicfest.com\/es\/files\/2024\/04\/Brand-TMF-grey.png\",\"width\":1181,\"height\":875,\"caption\":\"ES - Tour Music Fest\"},\"image\":{\"@id\":\"https:\/\/www.tourmusicfest.com\/es\/#\/schema\/logo\/image\/\"},\"sameAs\":[\"https:\/\/facebook.com\/tourmusicfest\",\"https:\/\/instagram.com\/tourmusicfest\"]},{\"@type\":\"Person\",\"@id\":\"https:\/\/www.tourmusicfest.com\/es\/#\/schema\/person\/390d861689d02485bce7bf22b19bfe79\",\"name\":\"tmfeuropa17\",\"image\":{\"@type\":\"ImageObject\",\"inLanguage\":\"es\",\"@id\":\"https:\/\/www.tourmusicfest.com\/es\/#\/schema\/person\/image\/\",\"url\":\"https:\/\/secure.gravatar.com\/avatar\/2b5fc8be00f182d9a3134943aeed9d38e7bcb4a9b63a07ad32e9141daebd39dd?s=96&d=mm&r=g\",\"contentUrl\":\"https:\/\/secure.gravatar.com\/avatar\/2b5fc8be00f182d9a3134943aeed9d38e7bcb4a9b63a07ad32e9141daebd39dd?s=96&d=mm&r=g\",\"caption\":\"tmfeuropa17\"},\"url\":\"https:\/\/www.tourmusicfest.com\/es\/author\/tmfeuropa17\/\"}]}<\/script>\n<!-- \/ Yoast SEO plugin. -->","yoast_head_json":{"title":"Justine Mayer sue\u00f1a Eurovision - ES - Tour Music Fest","description":"Justine Mayer se prepara para las etapas finales del San Marino Song Contest gracias al Tour Music Fest","robots":{"index":"index","follow":"follow","max-snippet":"max-snippet:-1","max-image-preview":"max-image-preview:large","max-video-preview":"max-video-preview:-1"},"canonical":"https:\/\/www.tourmusicfest.com\/es\/news\/justine-mayer-suena-eurovision\/","og_locale":"es_ES","og_type":"article","og_title":"Justine Mayer sue\u00f1a Eurovision - ES - Tour Music Fest","og_description":"Justine Mayer se prepara para las etapas finales del San Marino Song Contest gracias al Tour Music Fest","og_url":"https:\/\/www.tourmusicfest.com\/es\/news\/justine-mayer-suena-eurovision\/","og_site_name":"ES - Tour Music Fest","article_publisher":"https:\/\/facebook.com\/tourmusicfest","article_published_time":"2025-01-23T09:38:33+00:00","article_modified_time":"2025-01-23T09:38:41+00:00","og_image":[{"width":1920,"height":1080,"url":"https:\/\/www.tourmusicfest.com\/es\/files\/2025\/01\/Justine_Meyer.jpg","type":"image\/jpeg"}],"author":"tmfeuropa17","twitter_card":"summary_large_image","twitter_misc":{"Escrito por":"tmfeuropa17","Tiempo de lectura":"3 minutos"},"schema":{"@context":"https:\/\/schema.org","@graph":[{"@type":"Article","@id":"https:\/\/www.tourmusicfest.com\/es\/news\/justine-mayer-suena-eurovision\/#article","isPartOf":{"@id":"https:\/\/www.tourmusicfest.com\/es\/news\/justine-mayer-suena-eurovision\/"},"author":{"name":"tmfeuropa17","@id":"https:\/\/www.tourmusicfest.com\/es\/#\/schema\/person\/390d861689d02485bce7bf22b19bfe79"},"headline":"Justine Mayer sue\u00f1a Eurovision","datePublished":"2025-01-23T09:38:33+00:00","dateModified":"2025-01-23T09:38:41+00:00","mainEntityOfPage":{"@id":"https:\/\/www.tourmusicfest.com\/es\/news\/justine-mayer-suena-eurovision\/"},"wordCount":317,"publisher":{"@id":"https:\/\/www.tourmusicfest.com\/es\/#organization"},"image":{"@id":"https:\/\/www.tourmusicfest.com\/es\/news\/justine-mayer-suena-eurovision\/#primaryimage"},"thumbnailUrl":"https:\/\/www.tourmusicfest.com\/es\/files\/2025\/01\/Justine_Meyer.jpg","articleSection":["News"],"inLanguage":"es"},{"@type":"WebPage","@id":"https:\/\/www.tourmusicfest.com\/es\/news\/justine-mayer-suena-eurovision\/","url":"https:\/\/www.tourmusicfest.com\/es\/news\/justine-mayer-suena-eurovision\/","name":"Justine Mayer sue\u00f1a Eurovision - ES - Tour Music Fest","isPartOf":{"@id":"https:\/\/www.tourmusicfest.com\/es\/#website"},"primaryImageOfPage":{"@id":"https:\/\/www.tourmusicfest.com\/es\/news\/justine-mayer-suena-eurovision\/#primaryimage"},"image":{"@id":"https:\/\/www.tourmusicfest.com\/es\/news\/justine-mayer-suena-eurovision\/#primaryimage"},"thumbnailUrl":"https:\/\/www.tourmusicfest.com\/es\/files\/2025\/01\/Justine_Meyer.jpg","datePublished":"2025-01-23T09:38:33+00:00","dateModified":"2025-01-23T09:38:41+00:00","description":"Justine Mayer se prepara para las etapas finales del San Marino Song Contest gracias al Tour Music Fest","breadcrumb":{"@id":"https:\/\/www.tourmusicfest.com\/es\/news\/justine-mayer-suena-eurovision\/#breadcrumb"},"inLanguage":"es","potentialAction":[{"@type":"ReadAction","target":["https:\/\/www.tourmusicfest.com\/es\/news\/justine-mayer-suena-eurovision\/"]}]},{"@type":"ImageObject","inLanguage":"es","@id":"https:\/\/www.tourmusicfest.com\/es\/news\/justine-mayer-suena-eurovision\/#primaryimage","url":"https:\/\/www.tourmusicfest.com\/es\/files\/2025\/01\/Justine_Meyer.jpg","contentUrl":"https:\/\/www.tourmusicfest.com\/es\/files\/2025\/01\/Justine_Meyer.jpg","width":1920,"height":1080},{"@type":"BreadcrumbList","@id":"https:\/\/www.tourmusicfest.com\/es\/news\/justine-mayer-suena-eurovision\/#breadcrumb","itemListElement":[{"@type":"ListItem","position":1,"name":"Home","item":"https:\/\/www.tourmusicfest.com\/es\/"},{"@type":"ListItem","position":2,"name":"Justine Mayer sue\u00f1a Eurovision"}]},{"@type":"WebSite","@id":"https:\/\/www.tourmusicfest.com\/es\/#website","url":"https:\/\/www.tourmusicfest.com\/es\/","name":"Tour Music Fest - ES","description":"The European Music Contest","publisher":{"@id":"https:\/\/www.tourmusicfest.com\/es\/#organization"},"potentialAction":[{"@type":"SearchAction","target":{"@type":"EntryPoint","urlTemplate":"https:\/\/www.tourmusicfest.com\/es\/?s={search_term_string}"},"query-input":{"@type":"PropertyValueSpecification","valueRequired":true,"valueName":"search_term_string"}}],"inLanguage":"es"},{"@type":"Organization","@id":"https:\/\/www.tourmusicfest.com\/es\/#organization","name":"ES - Tour Music Fest","url":"https:\/\/www.tourmusicfest.com\/es\/","logo":{"@type":"ImageObject","inLanguage":"es","@id":"https:\/\/www.tourmusicfest.com\/es\/#\/schema\/logo\/image\/","url":"https:\/\/www.tourmusicfest.com\/es\/files\/2024\/04\/Brand-TMF-grey.png","contentUrl":"https:\/\/www.tourmusicfest.com\/es\/files\/2024\/04\/Brand-TMF-grey.png","width":1181,"height":875,"caption":"ES - Tour Music Fest"},"image":{"@id":"https:\/\/www.tourmusicfest.com\/es\/#\/schema\/logo\/image\/"},"sameAs":["https:\/\/facebook.com\/tourmusicfest","https:\/\/instagram.com\/tourmusicfest"]},{"@type":"Person","@id":"https:\/\/www.tourmusicfest.com\/es\/#\/schema\/person\/390d861689d02485bce7bf22b19bfe79","name":"tmfeuropa17","image":{"@type":"ImageObject","inLanguage":"es","@id":"https:\/\/www.tourmusicfest.com\/es\/#\/schema\/person\/image\/","url":"https:\/\/secure.gravatar.com\/avatar\/2b5fc8be00f182d9a3134943aeed9d38e7bcb4a9b63a07ad32e9141daebd39dd?s=96&d=mm&r=g","contentUrl":"https:\/\/secure.gravatar.com\/avatar\/2b5fc8be00f182d9a3134943aeed9d38e7bcb4a9b63a07ad32e9141daebd39dd?s=96&d=mm&r=g","caption":"tmfeuropa17"},"url":"https:\/\/www.tourmusicfest.com\/es\/author\/tmfeuropa17\/"}]}},"_links":{"self":[{"href":"https:\/\/www.tourmusicfest.com\/es\/wp-json\/wp\/v2\/posts\/3563","targetHints":{"allow":["GET"]}}],"collection":[{"href":"https:\/\/www.tourmusicfest.com\/es\/wp-json\/wp\/v2\/posts"}],"about":[{"href":"https:\/\/www.tourmusicfest.com\/es\/wp-json\/wp\/v2\/types\/post"}],"author":[{"embeddable":true,"href":"https:\/\/www.tourmusicfest.com\/es\/wp-json\/wp\/v2\/users\/3"}],"replies":[{"embeddable":true,"href":"https:\/\/www.tourmusicfest.com\/es\/wp-json\/wp\/v2\/comments?post=3563"}],"version-history":[{"count":1,"href":"https:\/\/www.tourmusicfest.com\/es\/wp-json\/wp\/v2\/posts\/3563\/revisions"}],"predecessor-version":[{"id":3565,"href":"https:\/\/www.tourmusicfest.com\/es\/wp-json\/wp\/v2\/posts\/3563\/revisions\/3565"}],"wp:featuredmedia":[{"embeddable":true,"href":"https:\/\/www.tourmusicfest.com\/es\/wp-json\/wp\/v2\/media\/3564"}],"wp:attachment":[{"href":"https:\/\/www.tourmusicfest.com\/es\/wp-json\/wp\/v2\/media?parent=3563"}],"wp:term":[{"taxonomy":"category","embeddable":true,"href":"https:\/\/www.tourmusicfest.com\/es\/wp-json\/wp\/v2\/categories?post=3563"},{"taxonomy":"post_tag","embeddable":true,"href":"https:\/\/www.tourmusicfest.com\/es\/wp-json\/wp\/v2\/tags?post=3563"}],"curies":[{"name":"wp","href":"https:\/\/api.w.org\/{rel}","templated":true}]}}