{"id":3380,"date":"2024-12-17T12:39:40","date_gmt":"2024-12-17T12:39:40","guid":{"rendered":"https:\/\/www.tourmusicfest.com\/es\/?p=3380"},"modified":"2024-12-17T12:40:20","modified_gmt":"2024-12-17T12:40:20","slug":"tour-music-fest-2024-la-gran-final-europea-en-tv","status":"publish","type":"post","link":"https:\/\/www.tourmusicfest.com\/es\/news\/tour-music-fest-2024-la-gran-final-europea-en-tv\/","title":{"rendered":"Tour Music Fest 2024: La Gran Final Europea en TV!"},"content":{"rendered":"<p>Despu\u00e9s de 4 meses de competiciones en 12 pa\u00edses europeos, los mejores artistas emergentes est\u00e1n listos para mostrar su talento en un evento \u00fanico.<\/p>\n<h4><strong>D\u00f3nde y Cu\u00e1ndo Verlo<\/strong><\/h4>\n<ul>\n<li><strong>Fecha:<\/strong>\u00a0Viernes, 20 de diciembre<\/li>\n<li><strong>Hora:<\/strong>\u00a021:25<\/li>\n<li><strong>Canales de TV:<\/strong>\u00a0Canal 831 DTT, 520 Sky, 93 Tiv\u00f9sat<\/li>\n<li><strong>Streaming Online:<\/strong>\u00a0sanmarinotv.sm<\/li>\n<\/ul>\n<h4>\u00a0<strong>Un Jurado de Prestigio Internacional<\/strong><\/h4>\n<p>Las actuaciones ser\u00e1n evaluadas por un jurado excepcional:<\/p>\n<ul>\n<li><strong>Kara DioGuardi<\/strong>: Compositora de \u00e9xitos globales para artistas como Pink y Demi Lovato.<\/li>\n<li><strong>Beppe Vessicchio<\/strong>: Ic\u00f3nico maestro de la m\u00fasica italiana.<\/li>\n<\/ul>\n<h4>\u00a0<strong>Un Evento que Celebra el Talento<\/strong><\/h4>\n<p>La\u00a0<strong>Gran Final Europea del Tour Music Fest<\/strong>\u00a0reunir\u00e1 a los mejores talentos emergentes de Europa. Pasi\u00f3n, m\u00fasica en vivo y grandes sue\u00f1os dar\u00e1n vida a una noche \u00fanica donde se coronar\u00e1 al\u00a0<strong>Artista del A\u00f1o 2024<\/strong>.<\/p>\n<p><strong>Sinton\u00edzate y celebra el futuro de la m\u00fasica europea!<\/strong><\/p>\n","protected":false},"excerpt":{"rendered":"<p>Despu\u00e9s de 4 meses de competiciones en 12 pa\u00edses europeos, los mejores artistas emergentes est\u00e1n listos para mostrar su talento en un evento \u00fanico. D\u00f3nde y Cu\u00e1ndo Verlo Fecha:\u00a0Viernes, 20 de diciembre Hora:\u00a021:25 Canales de TV:\u00a0Canal 831 DTT, 520 Sky, 93 Tiv\u00f9sat Streaming Online:\u00a0sanmarinotv.sm \u00a0Un Jurado de Prestigio Internacional Las actuaciones ser\u00e1n evaluadas por un [&hellip;]<\/p>\n","protected":false},"author":3,"featured_media":3381,"comment_status":"closed","ping_status":"closed","sticky":false,"template":"","format":"standard","meta":{"_acf_changed":false,"footnotes":""},"categories":[4],"tags":[],"class_list":["post-3380","post","type-post","status-publish","format-standard","has-post-thumbnail","hentry","category-news"],"acf":[],"yoast_head":"<!-- This site is optimized with the Yoast SEO plugin v26.7 - https:\/\/yoast.com\/wordpress\/plugins\/seo\/ -->\n<title>Tour Music Fest 2024: La Gran Final Europea en TV! - ES - Tour Music Fest<\/title>\n<meta name=\"robots\" content=\"index, follow, max-snippet:-1, max-image-preview:large, max-video-preview:-1\" \/>\n<link rel=\"canonical\" href=\"https:\/\/www.tourmusicfest.com\/es\/news\/tour-music-fest-2024-la-gran-final-europea-en-tv\/\" \/>\n<meta property=\"og:locale\" content=\"es_ES\" \/>\n<meta property=\"og:type\" content=\"article\" \/>\n<meta property=\"og:title\" content=\"Tour Music Fest 2024: La Gran Final Europea en TV! - ES - Tour Music Fest\" \/>\n<meta property=\"og:description\" content=\"Despu\u00e9s de 4 meses de competiciones en 12 pa\u00edses europeos, los mejores artistas emergentes est\u00e1n listos para mostrar su talento en un evento \u00fanico. D\u00f3nde y Cu\u00e1ndo Verlo Fecha:\u00a0Viernes, 20 de diciembre Hora:\u00a021:25 Canales de TV:\u00a0Canal 831 DTT, 520 Sky, 93 Tiv\u00f9sat Streaming Online:\u00a0sanmarinotv.sm \u00a0Un Jurado de Prestigio Internacional Las actuaciones ser\u00e1n evaluadas por un [&hellip;]\" \/>\n<meta property=\"og:url\" content=\"https:\/\/www.tourmusicfest.com\/es\/news\/tour-music-fest-2024-la-gran-final-europea-en-tv\/\" \/>\n<meta property=\"og:site_name\" content=\"ES - Tour Music Fest\" \/>\n<meta property=\"article:publisher\" content=\"https:\/\/facebook.com\/tourmusicfest\" \/>\n<meta property=\"article:published_time\" content=\"2024-12-17T12:39:40+00:00\" \/>\n<meta property=\"article:modified_time\" content=\"2024-12-17T12:40:20+00:00\" \/>\n<meta property=\"og:image\" content=\"https:\/\/www.tourmusicfest.com\/es\/files\/2024\/12\/rtv2024_blog.jpg\" \/>\n\t<meta property=\"og:image:width\" content=\"1920\" \/>\n\t<meta property=\"og:image:height\" content=\"1080\" \/>\n\t<meta property=\"og:image:type\" content=\"image\/jpeg\" \/>\n<meta name=\"author\" content=\"tmfeuropa17\" \/>\n<meta name=\"twitter:card\" content=\"summary_large_image\" \/>\n<meta name=\"twitter:label1\" content=\"Escrito por\" \/>\n\t<meta name=\"twitter:data1\" content=\"tmfeuropa17\" \/>\n\t<meta name=\"twitter:label2\" content=\"Tiempo de lectura\" \/>\n\t<meta name=\"twitter:data2\" content=\"2 minutos\" \/>\n<script type=\"application\/ld+json\" class=\"yoast-schema-graph\">{\"@context\":\"https:\/\/schema.org\",\"@graph\":[{\"@type\":\"Article\",\"@id\":\"https:\/\/www.tourmusicfest.com\/es\/news\/tour-music-fest-2024-la-gran-final-europea-en-tv\/#article\",\"isPartOf\":{\"@id\":\"https:\/\/www.tourmusicfest.com\/es\/news\/tour-music-fest-2024-la-gran-final-europea-en-tv\/\"},\"author\":{\"name\":\"tmfeuropa17\",\"@id\":\"https:\/\/www.tourmusicfest.com\/es\/#\/schema\/person\/390d861689d02485bce7bf22b19bfe79\"},\"headline\":\"Tour Music Fest 2024: La Gran Final Europea en TV!\",\"datePublished\":\"2024-12-17T12:39:40+00:00\",\"dateModified\":\"2024-12-17T12:40:20+00:00\",\"mainEntityOfPage\":{\"@id\":\"https:\/\/www.tourmusicfest.com\/es\/news\/tour-music-fest-2024-la-gran-final-europea-en-tv\/\"},\"wordCount\":152,\"publisher\":{\"@id\":\"https:\/\/www.tourmusicfest.com\/es\/#organization\"},\"image\":{\"@id\":\"https:\/\/www.tourmusicfest.com\/es\/news\/tour-music-fest-2024-la-gran-final-europea-en-tv\/#primaryimage\"},\"thumbnailUrl\":\"https:\/\/www.tourmusicfest.com\/es\/files\/2024\/12\/rtv2024_blog.jpg\",\"articleSection\":[\"News\"],\"inLanguage\":\"es\"},{\"@type\":\"WebPage\",\"@id\":\"https:\/\/www.tourmusicfest.com\/es\/news\/tour-music-fest-2024-la-gran-final-europea-en-tv\/\",\"url\":\"https:\/\/www.tourmusicfest.com\/es\/news\/tour-music-fest-2024-la-gran-final-europea-en-tv\/\",\"name\":\"Tour Music Fest 2024: La Gran Final Europea en TV! - ES - Tour Music Fest\",\"isPartOf\":{\"@id\":\"https:\/\/www.tourmusicfest.com\/es\/#website\"},\"primaryImageOfPage\":{\"@id\":\"https:\/\/www.tourmusicfest.com\/es\/news\/tour-music-fest-2024-la-gran-final-europea-en-tv\/#primaryimage\"},\"image\":{\"@id\":\"https:\/\/www.tourmusicfest.com\/es\/news\/tour-music-fest-2024-la-gran-final-europea-en-tv\/#primaryimage\"},\"thumbnailUrl\":\"https:\/\/www.tourmusicfest.com\/es\/files\/2024\/12\/rtv2024_blog.jpg\",\"datePublished\":\"2024-12-17T12:39:40+00:00\",\"dateModified\":\"2024-12-17T12:40:20+00:00\",\"breadcrumb\":{\"@id\":\"https:\/\/www.tourmusicfest.com\/es\/news\/tour-music-fest-2024-la-gran-final-europea-en-tv\/#breadcrumb\"},\"inLanguage\":\"es\",\"potentialAction\":[{\"@type\":\"ReadAction\",\"target\":[\"https:\/\/www.tourmusicfest.com\/es\/news\/tour-music-fest-2024-la-gran-final-europea-en-tv\/\"]}]},{\"@type\":\"ImageObject\",\"inLanguage\":\"es\",\"@id\":\"https:\/\/www.tourmusicfest.com\/es\/news\/tour-music-fest-2024-la-gran-final-europea-en-tv\/#primaryimage\",\"url\":\"https:\/\/www.tourmusicfest.com\/es\/files\/2024\/12\/rtv2024_blog.jpg\",\"contentUrl\":\"https:\/\/www.tourmusicfest.com\/es\/files\/2024\/12\/rtv2024_blog.jpg\",\"width\":1920,\"height\":1080},{\"@type\":\"BreadcrumbList\",\"@id\":\"https:\/\/www.tourmusicfest.com\/es\/news\/tour-music-fest-2024-la-gran-final-europea-en-tv\/#breadcrumb\",\"itemListElement\":[{\"@type\":\"ListItem\",\"position\":1,\"name\":\"Home\",\"item\":\"https:\/\/www.tourmusicfest.com\/es\/\"},{\"@type\":\"ListItem\",\"position\":2,\"name\":\"Tour Music Fest 2024: La Gran Final Europea en TV!\"}]},{\"@type\":\"WebSite\",\"@id\":\"https:\/\/www.tourmusicfest.com\/es\/#website\",\"url\":\"https:\/\/www.tourmusicfest.com\/es\/\",\"name\":\"Tour Music Fest - ES\",\"description\":\"The European Music Contest\",\"publisher\":{\"@id\":\"https:\/\/www.tourmusicfest.com\/es\/#organization\"},\"potentialAction\":[{\"@type\":\"SearchAction\",\"target\":{\"@type\":\"EntryPoint\",\"urlTemplate\":\"https:\/\/www.tourmusicfest.com\/es\/?s={search_term_string}\"},\"query-input\":{\"@type\":\"PropertyValueSpecification\",\"valueRequired\":true,\"valueName\":\"search_term_string\"}}],\"inLanguage\":\"es\"},{\"@type\":\"Organization\",\"@id\":\"https:\/\/www.tourmusicfest.com\/es\/#organization\",\"name\":\"ES - Tour Music Fest\",\"url\":\"https:\/\/www.tourmusicfest.com\/es\/\",\"logo\":{\"@type\":\"ImageObject\",\"inLanguage\":\"es\",\"@id\":\"https:\/\/www.tourmusicfest.com\/es\/#\/schema\/logo\/image\/\",\"url\":\"https:\/\/www.tourmusicfest.com\/es\/files\/2024\/04\/Brand-TMF-grey.png\",\"contentUrl\":\"https:\/\/www.tourmusicfest.com\/es\/files\/2024\/04\/Brand-TMF-grey.png\",\"width\":1181,\"height\":875,\"caption\":\"ES - Tour Music Fest\"},\"image\":{\"@id\":\"https:\/\/www.tourmusicfest.com\/es\/#\/schema\/logo\/image\/\"},\"sameAs\":[\"https:\/\/facebook.com\/tourmusicfest\",\"https:\/\/instagram.com\/tourmusicfest\"]},{\"@type\":\"Person\",\"@id\":\"https:\/\/www.tourmusicfest.com\/es\/#\/schema\/person\/390d861689d02485bce7bf22b19bfe79\",\"name\":\"tmfeuropa17\",\"image\":{\"@type\":\"ImageObject\",\"inLanguage\":\"es\",\"@id\":\"https:\/\/www.tourmusicfest.com\/es\/#\/schema\/person\/image\/\",\"url\":\"https:\/\/secure.gravatar.com\/avatar\/2b5fc8be00f182d9a3134943aeed9d38e7bcb4a9b63a07ad32e9141daebd39dd?s=96&d=mm&r=g\",\"contentUrl\":\"https:\/\/secure.gravatar.com\/avatar\/2b5fc8be00f182d9a3134943aeed9d38e7bcb4a9b63a07ad32e9141daebd39dd?s=96&d=mm&r=g\",\"caption\":\"tmfeuropa17\"},\"url\":\"https:\/\/www.tourmusicfest.com\/es\/author\/tmfeuropa17\/\"}]}<\/script>\n<!-- \/ Yoast SEO plugin. -->","yoast_head_json":{"title":"Tour Music Fest 2024: La Gran Final Europea en TV! - ES - Tour Music Fest","robots":{"index":"index","follow":"follow","max-snippet":"max-snippet:-1","max-image-preview":"max-image-preview:large","max-video-preview":"max-video-preview:-1"},"canonical":"https:\/\/www.tourmusicfest.com\/es\/news\/tour-music-fest-2024-la-gran-final-europea-en-tv\/","og_locale":"es_ES","og_type":"article","og_title":"Tour Music Fest 2024: La Gran Final Europea en TV! - ES - Tour Music Fest","og_description":"Despu\u00e9s de 4 meses de competiciones en 12 pa\u00edses europeos, los mejores artistas emergentes est\u00e1n listos para mostrar su talento en un evento \u00fanico. D\u00f3nde y Cu\u00e1ndo Verlo Fecha:\u00a0Viernes, 20 de diciembre Hora:\u00a021:25 Canales de TV:\u00a0Canal 831 DTT, 520 Sky, 93 Tiv\u00f9sat Streaming Online:\u00a0sanmarinotv.sm \u00a0Un Jurado de Prestigio Internacional Las actuaciones ser\u00e1n evaluadas por un [&hellip;]","og_url":"https:\/\/www.tourmusicfest.com\/es\/news\/tour-music-fest-2024-la-gran-final-europea-en-tv\/","og_site_name":"ES - Tour Music Fest","article_publisher":"https:\/\/facebook.com\/tourmusicfest","article_published_time":"2024-12-17T12:39:40+00:00","article_modified_time":"2024-12-17T12:40:20+00:00","og_image":[{"width":1920,"height":1080,"url":"https:\/\/www.tourmusicfest.com\/es\/files\/2024\/12\/rtv2024_blog.jpg","type":"image\/jpeg"}],"author":"tmfeuropa17","twitter_card":"summary_large_image","twitter_misc":{"Escrito por":"tmfeuropa17","Tiempo de lectura":"2 minutos"},"schema":{"@context":"https:\/\/schema.org","@graph":[{"@type":"Article","@id":"https:\/\/www.tourmusicfest.com\/es\/news\/tour-music-fest-2024-la-gran-final-europea-en-tv\/#article","isPartOf":{"@id":"https:\/\/www.tourmusicfest.com\/es\/news\/tour-music-fest-2024-la-gran-final-europea-en-tv\/"},"author":{"name":"tmfeuropa17","@id":"https:\/\/www.tourmusicfest.com\/es\/#\/schema\/person\/390d861689d02485bce7bf22b19bfe79"},"headline":"Tour Music Fest 2024: La Gran Final Europea en TV!","datePublished":"2024-12-17T12:39:40+00:00","dateModified":"2024-12-17T12:40:20+00:00","mainEntityOfPage":{"@id":"https:\/\/www.tourmusicfest.com\/es\/news\/tour-music-fest-2024-la-gran-final-europea-en-tv\/"},"wordCount":152,"publisher":{"@id":"https:\/\/www.tourmusicfest.com\/es\/#organization"},"image":{"@id":"https:\/\/www.tourmusicfest.com\/es\/news\/tour-music-fest-2024-la-gran-final-europea-en-tv\/#primaryimage"},"thumbnailUrl":"https:\/\/www.tourmusicfest.com\/es\/files\/2024\/12\/rtv2024_blog.jpg","articleSection":["News"],"inLanguage":"es"},{"@type":"WebPage","@id":"https:\/\/www.tourmusicfest.com\/es\/news\/tour-music-fest-2024-la-gran-final-europea-en-tv\/","url":"https:\/\/www.tourmusicfest.com\/es\/news\/tour-music-fest-2024-la-gran-final-europea-en-tv\/","name":"Tour Music Fest 2024: La Gran Final Europea en TV! - ES - Tour Music Fest","isPartOf":{"@id":"https:\/\/www.tourmusicfest.com\/es\/#website"},"primaryImageOfPage":{"@id":"https:\/\/www.tourmusicfest.com\/es\/news\/tour-music-fest-2024-la-gran-final-europea-en-tv\/#primaryimage"},"image":{"@id":"https:\/\/www.tourmusicfest.com\/es\/news\/tour-music-fest-2024-la-gran-final-europea-en-tv\/#primaryimage"},"thumbnailUrl":"https:\/\/www.tourmusicfest.com\/es\/files\/2024\/12\/rtv2024_blog.jpg","datePublished":"2024-12-17T12:39:40+00:00","dateModified":"2024-12-17T12:40:20+00:00","breadcrumb":{"@id":"https:\/\/www.tourmusicfest.com\/es\/news\/tour-music-fest-2024-la-gran-final-europea-en-tv\/#breadcrumb"},"inLanguage":"es","potentialAction":[{"@type":"ReadAction","target":["https:\/\/www.tourmusicfest.com\/es\/news\/tour-music-fest-2024-la-gran-final-europea-en-tv\/"]}]},{"@type":"ImageObject","inLanguage":"es","@id":"https:\/\/www.tourmusicfest.com\/es\/news\/tour-music-fest-2024-la-gran-final-europea-en-tv\/#primaryimage","url":"https:\/\/www.tourmusicfest.com\/es\/files\/2024\/12\/rtv2024_blog.jpg","contentUrl":"https:\/\/www.tourmusicfest.com\/es\/files\/2024\/12\/rtv2024_blog.jpg","width":1920,"height":1080},{"@type":"BreadcrumbList","@id":"https:\/\/www.tourmusicfest.com\/es\/news\/tour-music-fest-2024-la-gran-final-europea-en-tv\/#breadcrumb","itemListElement":[{"@type":"ListItem","position":1,"name":"Home","item":"https:\/\/www.tourmusicfest.com\/es\/"},{"@type":"ListItem","position":2,"name":"Tour Music Fest 2024: La Gran Final Europea en TV!"}]},{"@type":"WebSite","@id":"https:\/\/www.tourmusicfest.com\/es\/#website","url":"https:\/\/www.tourmusicfest.com\/es\/","name":"Tour Music Fest - ES","description":"The European Music Contest","publisher":{"@id":"https:\/\/www.tourmusicfest.com\/es\/#organization"},"potentialAction":[{"@type":"SearchAction","target":{"@type":"EntryPoint","urlTemplate":"https:\/\/www.tourmusicfest.com\/es\/?s={search_term_string}"},"query-input":{"@type":"PropertyValueSpecification","valueRequired":true,"valueName":"search_term_string"}}],"inLanguage":"es"},{"@type":"Organization","@id":"https:\/\/www.tourmusicfest.com\/es\/#organization","name":"ES - Tour Music Fest","url":"https:\/\/www.tourmusicfest.com\/es\/","logo":{"@type":"ImageObject","inLanguage":"es","@id":"https:\/\/www.tourmusicfest.com\/es\/#\/schema\/logo\/image\/","url":"https:\/\/www.tourmusicfest.com\/es\/files\/2024\/04\/Brand-TMF-grey.png","contentUrl":"https:\/\/www.tourmusicfest.com\/es\/files\/2024\/04\/Brand-TMF-grey.png","width":1181,"height":875,"caption":"ES - Tour Music Fest"},"image":{"@id":"https:\/\/www.tourmusicfest.com\/es\/#\/schema\/logo\/image\/"},"sameAs":["https:\/\/facebook.com\/tourmusicfest","https:\/\/instagram.com\/tourmusicfest"]},{"@type":"Person","@id":"https:\/\/www.tourmusicfest.com\/es\/#\/schema\/person\/390d861689d02485bce7bf22b19bfe79","name":"tmfeuropa17","image":{"@type":"ImageObject","inLanguage":"es","@id":"https:\/\/www.tourmusicfest.com\/es\/#\/schema\/person\/image\/","url":"https:\/\/secure.gravatar.com\/avatar\/2b5fc8be00f182d9a3134943aeed9d38e7bcb4a9b63a07ad32e9141daebd39dd?s=96&d=mm&r=g","contentUrl":"https:\/\/secure.gravatar.com\/avatar\/2b5fc8be00f182d9a3134943aeed9d38e7bcb4a9b63a07ad32e9141daebd39dd?s=96&d=mm&r=g","caption":"tmfeuropa17"},"url":"https:\/\/www.tourmusicfest.com\/es\/author\/tmfeuropa17\/"}]}},"_links":{"self":[{"href":"https:\/\/www.tourmusicfest.com\/es\/wp-json\/wp\/v2\/posts\/3380","targetHints":{"allow":["GET"]}}],"collection":[{"href":"https:\/\/www.tourmusicfest.com\/es\/wp-json\/wp\/v2\/posts"}],"about":[{"href":"https:\/\/www.tourmusicfest.com\/es\/wp-json\/wp\/v2\/types\/post"}],"author":[{"embeddable":true,"href":"https:\/\/www.tourmusicfest.com\/es\/wp-json\/wp\/v2\/users\/3"}],"replies":[{"embeddable":true,"href":"https:\/\/www.tourmusicfest.com\/es\/wp-json\/wp\/v2\/comments?post=3380"}],"version-history":[{"count":2,"href":"https:\/\/www.tourmusicfest.com\/es\/wp-json\/wp\/v2\/posts\/3380\/revisions"}],"predecessor-version":[{"id":3383,"href":"https:\/\/www.tourmusicfest.com\/es\/wp-json\/wp\/v2\/posts\/3380\/revisions\/3383"}],"wp:featuredmedia":[{"embeddable":true,"href":"https:\/\/www.tourmusicfest.com\/es\/wp-json\/wp\/v2\/media\/3381"}],"wp:attachment":[{"href":"https:\/\/www.tourmusicfest.com\/es\/wp-json\/wp\/v2\/media?parent=3380"}],"wp:term":[{"taxonomy":"category","embeddable":true,"href":"https:\/\/www.tourmusicfest.com\/es\/wp-json\/wp\/v2\/categories?post=3380"},{"taxonomy":"post_tag","embeddable":true,"href":"https:\/\/www.tourmusicfest.com\/es\/wp-json\/wp\/v2\/tags?post=3380"}],"curies":[{"name":"wp","href":"https:\/\/api.w.org\/{rel}","templated":true}]}}