{"id":3363,"date":"2024-12-01T15:59:26","date_gmt":"2024-12-01T15:59:26","guid":{"rendered":"https:\/\/www.tourmusicfest.com\/es\/?p=3363"},"modified":"2024-12-17T12:42:26","modified_gmt":"2024-12-17T12:42:26","slug":"el-ganador-del-tour-music-fest-participara-en-las-finales-de-una-voce-per-san-marino","status":"publish","type":"post","link":"https:\/\/www.tourmusicfest.com\/es\/news\/el-ganador-del-tour-music-fest-participara-en-las-finales-de-una-voce-per-san-marino\/","title":{"rendered":"El Ganador del Tour Music Fest Participar\u00e1 en las Finales de Una Voce per San Marino"},"content":{"rendered":"<div class=\"flex max-w-full flex-col flex-grow\">\n<div class=\"min-h-8 text-message flex w-full flex-col items-end gap-2 whitespace-normal break-words [.text-message+&amp;]:mt-5\" dir=\"auto\" data-message-author-role=\"assistant\" data-message-id=\"5ce073da-855d-42ff-8e86-02fa2661f7f7\" data-message-model-slug=\"gpt-4o\">\n<div class=\"flex w-full flex-col gap-1 empty:hidden first:pt-[3px]\">\n<div class=\"markdown prose w-full break-words dark:prose-invert light\">\n<p><strong>San Marino, 29 de noviembre de 2024<\/strong> \u2013 Esta ma\u00f1ana se anunci\u00f3 en una rueda de prensa que el ganador de la edici\u00f3n 2024 del Tour Music Fest, <em>The European Music Contest<\/em>, que se est\u00e1 llevando a cabo en San Marino, tendr\u00e1 la oportunidad de participar en la primera semifinal de <em>Una Voce per San Marino<\/em>, la prestigiosa competici\u00f3n que selecciona al representante de la Rep\u00fablica de San Marino para el <em>Eurovision Song Contest 2025<\/em>.<\/p>\n<p>Esta iniciativa nace de una colaboraci\u00f3n entre Media Evolution, San Marino RTV, Tour Music Fest Hub y la Secretar\u00eda de Estado de Turismo de la Rep\u00fablica de San Marino. El objetivo es crear una sinergia entre estos dos eventos organizados por entidades sanmarinenses, ofreciendo una oportunidad \u00fanica al mejor artista emergente seleccionado por el Tour Music Fest, y al mismo tiempo, enriquecer el proceso de selecci\u00f3n de <em>Una Voce per San Marino<\/em> con el talento y la calidad surgidos durante los cinco meses de competiciones del Tour Music Fest en 12 pa\u00edses europeos.<\/p>\n<p><img fetchpriority=\"high\" decoding=\"async\" class=\"alignnone size-medium wp-image-3384\" src=\"https:\/\/www.tourmusicfest.com\/es\/files\/2024\/11\/una_voce_per_san_marino_25_febbraio_2023-700x394.jpg\" alt=\"\" width=\"700\" height=\"394\" srcset=\"https:\/\/www.tourmusicfest.com\/es\/files\/2024\/11\/una_voce_per_san_marino_25_febbraio_2023-700x394.jpg 700w, https:\/\/www.tourmusicfest.com\/es\/files\/2024\/11\/una_voce_per_san_marino_25_febbraio_2023-1024x576.jpg 1024w, https:\/\/www.tourmusicfest.com\/es\/files\/2024\/11\/una_voce_per_san_marino_25_febbraio_2023-768x432.jpg 768w, https:\/\/www.tourmusicfest.com\/es\/files\/2024\/11\/una_voce_per_san_marino_25_febbraio_2023.jpg 1200w\" sizes=\"(max-width: 700px) 100vw, 700px\" \/><\/p>\n<p>Con esta colaboraci\u00f3n, la relaci\u00f3n entre el Tour Music Fest y San Marino, que lleva tres a\u00f1os siendo sede de las finales europeas del evento, se hace a\u00fan m\u00e1s fuerte. La Rep\u00fablica de San Marino se confirma como el epicentro de la m\u00fasica emergente europea, reforzando a\u00fan m\u00e1s el prestigio internacional de ambos eventos.<\/p>\n<p><strong>Federico Pedini Amati<\/strong>, Secretario de Estado de Turismo:<br \/>\n<em>&#8220;Una Voce per San Marino y el Tour Music Fest son eventos que est\u00e1n dando prestigio a nuestro pa\u00eds, garantizando una imagen positiva y un importante aumento de llegadas. Es un placer ser patrocinadores de esta sinergia entre estas dos realidades, ambas sanmarinenses pero ampliamente reconocidas fuera de nuestras fronteras. La Secretar\u00eda de Estado apoya este acuerdo con la certeza de que traer\u00e1 resultados a\u00fan mejores.&#8221;<\/em><\/p>\n<p><strong>Gianluca Musso<\/strong>, Fundador y Director del Tour Music Fest:<br \/>\n<em>&#8220;Este es un d\u00eda importante para el Tour Music Fest. Con esta asociaci\u00f3n, podemos ofrecer una oportunidad \u00fanica a un artista emergente que, para nosotros, representa el futuro de la m\u00fasica. Agradezco a todos los involucrados en esta iniciativa, que fortalece a\u00fan m\u00e1s el v\u00ednculo entre la marca del Tour Music Fest y la Rep\u00fablica de San Marino.&#8221;<\/em><\/p>\n<p><strong>Denny Montesi<\/strong>, Media Evolution:<br \/>\n<em>&#8220;Media Evolution siempre ha estado abierta a colaboraciones que aporten valor a nuestro proyecto. El a\u00f1o pasado ya consideramos esta sinergia, pero los tiempos no lo permitieron. Esta vez no quisimos perder la oportunidad que la Secretar\u00eda de Estado y el TMF nos ofrecieron.&#8221;<\/em><\/p>\n<p>Las finales europeas del Tour Music Fest 2024, celebradas en el Auditorio Little Tony de San Marino, representan el punto culminante de un viaje que ha involucrado a m\u00e1s de 29.000 artistas de toda Europa, seleccionados durante meses de competiciones y audiciones. El ganador del Tour Music Fest no solo ser\u00e1 el s\u00edmbolo de la m\u00fasica emergente europea, sino que tambi\u00e9n tendr\u00e1 la posibilidad de competir para representar a San Marino en el <em>Eurovision Song Contest 2025<\/em>, llevando su talento a uno de los escenarios m\u00e1s importantes del mundo.<\/p>\n<p>La Gran Final Europea del Tour Music Fest se celebrar\u00e1 el domingo 1 de diciembre a las 18:00 horas en el Auditorio.<\/p>\n<p>El evento est\u00e1 patrocinado por la Secretar\u00eda de Estado de Turismo y organizado por TMF Hub Srl en colaboraci\u00f3n con la Oficina de Turismo.<\/p>\n<p><strong>Socios Oficiales:<\/strong> Riunite, Berklee College of Music, Today, Briidge App, Inspired Nation.<\/p>\n<\/div>\n<\/div>\n<\/div>\n<\/div>\n<div class=\"mb-2 flex gap-3 empty:hidden -ml-2\">\n<div class=\"items-center justify-start rounded-xl p-1 flex\">\n<div class=\"flex items-center\">\n<p>&nbsp;<\/p>\n<div class=\"flex items-center pb-0\"><\/div>\n<\/div>\n<\/div>\n<\/div>\n","protected":false},"excerpt":{"rendered":"<p>San Marino, 29 de noviembre de 2024 \u2013 Esta ma\u00f1ana se anunci\u00f3 en una rueda de prensa que el ganador de la edici\u00f3n 2024 del Tour Music Fest, The European Music Contest, que se est\u00e1 llevando a cabo en San Marino, tendr\u00e1 la oportunidad de participar en la primera semifinal de Una Voce per San [&hellip;]<\/p>\n","protected":false},"author":3,"featured_media":3384,"comment_status":"closed","ping_status":"closed","sticky":false,"template":"","format":"standard","meta":{"_acf_changed":false,"footnotes":""},"categories":[4],"tags":[],"class_list":["post-3363","post","type-post","status-publish","format-standard","has-post-thumbnail","hentry","category-news"],"acf":[],"yoast_head":"<!-- This site is optimized with the Yoast SEO plugin v26.7 - https:\/\/yoast.com\/wordpress\/plugins\/seo\/ -->\n<title>El Ganador del Tour Music Fest Participar\u00e1 en las Finales de Una Voce per San Marino - ES - Tour Music Fest<\/title>\n<meta name=\"robots\" content=\"index, follow, max-snippet:-1, max-image-preview:large, max-video-preview:-1\" \/>\n<link rel=\"canonical\" href=\"https:\/\/www.tourmusicfest.com\/es\/news\/el-ganador-del-tour-music-fest-participara-en-las-finales-de-una-voce-per-san-marino\/\" \/>\n<meta property=\"og:locale\" content=\"es_ES\" \/>\n<meta property=\"og:type\" content=\"article\" \/>\n<meta property=\"og:title\" content=\"El Ganador del Tour Music Fest Participar\u00e1 en las Finales de Una Voce per San Marino - ES - Tour Music Fest\" \/>\n<meta property=\"og:description\" content=\"San Marino, 29 de noviembre de 2024 \u2013 Esta ma\u00f1ana se anunci\u00f3 en una rueda de prensa que el ganador de la edici\u00f3n 2024 del Tour Music Fest, The European Music Contest, que se est\u00e1 llevando a cabo en San Marino, tendr\u00e1 la oportunidad de participar en la primera semifinal de Una Voce per San [&hellip;]\" \/>\n<meta property=\"og:url\" content=\"https:\/\/www.tourmusicfest.com\/es\/news\/el-ganador-del-tour-music-fest-participara-en-las-finales-de-una-voce-per-san-marino\/\" \/>\n<meta property=\"og:site_name\" content=\"ES - Tour Music Fest\" \/>\n<meta property=\"article:publisher\" content=\"https:\/\/facebook.com\/tourmusicfest\" \/>\n<meta property=\"article:published_time\" content=\"2024-12-01T15:59:26+00:00\" \/>\n<meta property=\"article:modified_time\" content=\"2024-12-17T12:42:26+00:00\" \/>\n<meta property=\"og:image\" content=\"https:\/\/www.tourmusicfest.com\/es\/files\/2024\/11\/una_voce_per_san_marino_25_febbraio_2023.jpg\" \/>\n\t<meta property=\"og:image:width\" content=\"1200\" \/>\n\t<meta property=\"og:image:height\" content=\"675\" \/>\n\t<meta property=\"og:image:type\" content=\"image\/jpeg\" \/>\n<meta name=\"author\" content=\"tmfeuropa17\" \/>\n<meta name=\"twitter:card\" content=\"summary_large_image\" \/>\n<meta name=\"twitter:label1\" content=\"Escrito por\" \/>\n\t<meta name=\"twitter:data1\" content=\"tmfeuropa17\" \/>\n\t<meta name=\"twitter:label2\" content=\"Tiempo de lectura\" \/>\n\t<meta name=\"twitter:data2\" content=\"4 minutos\" \/>\n<script type=\"application\/ld+json\" class=\"yoast-schema-graph\">{\"@context\":\"https:\/\/schema.org\",\"@graph\":[{\"@type\":\"Article\",\"@id\":\"https:\/\/www.tourmusicfest.com\/es\/news\/el-ganador-del-tour-music-fest-participara-en-las-finales-de-una-voce-per-san-marino\/#article\",\"isPartOf\":{\"@id\":\"https:\/\/www.tourmusicfest.com\/es\/news\/el-ganador-del-tour-music-fest-participara-en-las-finales-de-una-voce-per-san-marino\/\"},\"author\":{\"name\":\"tmfeuropa17\",\"@id\":\"https:\/\/www.tourmusicfest.com\/es\/#\/schema\/person\/390d861689d02485bce7bf22b19bfe79\"},\"headline\":\"El Ganador del Tour Music Fest Participar\u00e1 en las Finales de Una Voce per San Marino\",\"datePublished\":\"2024-12-01T15:59:26+00:00\",\"dateModified\":\"2024-12-17T12:42:26+00:00\",\"mainEntityOfPage\":{\"@id\":\"https:\/\/www.tourmusicfest.com\/es\/news\/el-ganador-del-tour-music-fest-participara-en-las-finales-de-una-voce-per-san-marino\/\"},\"wordCount\":602,\"publisher\":{\"@id\":\"https:\/\/www.tourmusicfest.com\/es\/#organization\"},\"image\":{\"@id\":\"https:\/\/www.tourmusicfest.com\/es\/news\/el-ganador-del-tour-music-fest-participara-en-las-finales-de-una-voce-per-san-marino\/#primaryimage\"},\"thumbnailUrl\":\"https:\/\/www.tourmusicfest.com\/es\/files\/2024\/11\/una_voce_per_san_marino_25_febbraio_2023.jpg\",\"articleSection\":[\"News\"],\"inLanguage\":\"es\"},{\"@type\":\"WebPage\",\"@id\":\"https:\/\/www.tourmusicfest.com\/es\/news\/el-ganador-del-tour-music-fest-participara-en-las-finales-de-una-voce-per-san-marino\/\",\"url\":\"https:\/\/www.tourmusicfest.com\/es\/news\/el-ganador-del-tour-music-fest-participara-en-las-finales-de-una-voce-per-san-marino\/\",\"name\":\"El Ganador del Tour Music Fest Participar\u00e1 en las Finales de Una Voce per San Marino - ES - Tour Music Fest\",\"isPartOf\":{\"@id\":\"https:\/\/www.tourmusicfest.com\/es\/#website\"},\"primaryImageOfPage\":{\"@id\":\"https:\/\/www.tourmusicfest.com\/es\/news\/el-ganador-del-tour-music-fest-participara-en-las-finales-de-una-voce-per-san-marino\/#primaryimage\"},\"image\":{\"@id\":\"https:\/\/www.tourmusicfest.com\/es\/news\/el-ganador-del-tour-music-fest-participara-en-las-finales-de-una-voce-per-san-marino\/#primaryimage\"},\"thumbnailUrl\":\"https:\/\/www.tourmusicfest.com\/es\/files\/2024\/11\/una_voce_per_san_marino_25_febbraio_2023.jpg\",\"datePublished\":\"2024-12-01T15:59:26+00:00\",\"dateModified\":\"2024-12-17T12:42:26+00:00\",\"breadcrumb\":{\"@id\":\"https:\/\/www.tourmusicfest.com\/es\/news\/el-ganador-del-tour-music-fest-participara-en-las-finales-de-una-voce-per-san-marino\/#breadcrumb\"},\"inLanguage\":\"es\",\"potentialAction\":[{\"@type\":\"ReadAction\",\"target\":[\"https:\/\/www.tourmusicfest.com\/es\/news\/el-ganador-del-tour-music-fest-participara-en-las-finales-de-una-voce-per-san-marino\/\"]}]},{\"@type\":\"ImageObject\",\"inLanguage\":\"es\",\"@id\":\"https:\/\/www.tourmusicfest.com\/es\/news\/el-ganador-del-tour-music-fest-participara-en-las-finales-de-una-voce-per-san-marino\/#primaryimage\",\"url\":\"https:\/\/www.tourmusicfest.com\/es\/files\/2024\/11\/una_voce_per_san_marino_25_febbraio_2023.jpg\",\"contentUrl\":\"https:\/\/www.tourmusicfest.com\/es\/files\/2024\/11\/una_voce_per_san_marino_25_febbraio_2023.jpg\",\"width\":1200,\"height\":675},{\"@type\":\"BreadcrumbList\",\"@id\":\"https:\/\/www.tourmusicfest.com\/es\/news\/el-ganador-del-tour-music-fest-participara-en-las-finales-de-una-voce-per-san-marino\/#breadcrumb\",\"itemListElement\":[{\"@type\":\"ListItem\",\"position\":1,\"name\":\"Home\",\"item\":\"https:\/\/www.tourmusicfest.com\/es\/\"},{\"@type\":\"ListItem\",\"position\":2,\"name\":\"El Ganador del Tour Music Fest Participar\u00e1 en las Finales de Una Voce per San Marino\"}]},{\"@type\":\"WebSite\",\"@id\":\"https:\/\/www.tourmusicfest.com\/es\/#website\",\"url\":\"https:\/\/www.tourmusicfest.com\/es\/\",\"name\":\"Tour Music Fest - ES\",\"description\":\"The European Music Contest\",\"publisher\":{\"@id\":\"https:\/\/www.tourmusicfest.com\/es\/#organization\"},\"potentialAction\":[{\"@type\":\"SearchAction\",\"target\":{\"@type\":\"EntryPoint\",\"urlTemplate\":\"https:\/\/www.tourmusicfest.com\/es\/?s={search_term_string}\"},\"query-input\":{\"@type\":\"PropertyValueSpecification\",\"valueRequired\":true,\"valueName\":\"search_term_string\"}}],\"inLanguage\":\"es\"},{\"@type\":\"Organization\",\"@id\":\"https:\/\/www.tourmusicfest.com\/es\/#organization\",\"name\":\"ES - Tour Music Fest\",\"url\":\"https:\/\/www.tourmusicfest.com\/es\/\",\"logo\":{\"@type\":\"ImageObject\",\"inLanguage\":\"es\",\"@id\":\"https:\/\/www.tourmusicfest.com\/es\/#\/schema\/logo\/image\/\",\"url\":\"https:\/\/www.tourmusicfest.com\/es\/files\/2024\/04\/Brand-TMF-grey.png\",\"contentUrl\":\"https:\/\/www.tourmusicfest.com\/es\/files\/2024\/04\/Brand-TMF-grey.png\",\"width\":1181,\"height\":875,\"caption\":\"ES - Tour Music Fest\"},\"image\":{\"@id\":\"https:\/\/www.tourmusicfest.com\/es\/#\/schema\/logo\/image\/\"},\"sameAs\":[\"https:\/\/facebook.com\/tourmusicfest\",\"https:\/\/instagram.com\/tourmusicfest\"]},{\"@type\":\"Person\",\"@id\":\"https:\/\/www.tourmusicfest.com\/es\/#\/schema\/person\/390d861689d02485bce7bf22b19bfe79\",\"name\":\"tmfeuropa17\",\"image\":{\"@type\":\"ImageObject\",\"inLanguage\":\"es\",\"@id\":\"https:\/\/www.tourmusicfest.com\/es\/#\/schema\/person\/image\/\",\"url\":\"https:\/\/secure.gravatar.com\/avatar\/2b5fc8be00f182d9a3134943aeed9d38e7bcb4a9b63a07ad32e9141daebd39dd?s=96&d=mm&r=g\",\"contentUrl\":\"https:\/\/secure.gravatar.com\/avatar\/2b5fc8be00f182d9a3134943aeed9d38e7bcb4a9b63a07ad32e9141daebd39dd?s=96&d=mm&r=g\",\"caption\":\"tmfeuropa17\"},\"url\":\"https:\/\/www.tourmusicfest.com\/es\/author\/tmfeuropa17\/\"}]}<\/script>\n<!-- \/ Yoast SEO plugin. -->","yoast_head_json":{"title":"El Ganador del Tour Music Fest Participar\u00e1 en las Finales de Una Voce per San Marino - ES - Tour Music Fest","robots":{"index":"index","follow":"follow","max-snippet":"max-snippet:-1","max-image-preview":"max-image-preview:large","max-video-preview":"max-video-preview:-1"},"canonical":"https:\/\/www.tourmusicfest.com\/es\/news\/el-ganador-del-tour-music-fest-participara-en-las-finales-de-una-voce-per-san-marino\/","og_locale":"es_ES","og_type":"article","og_title":"El Ganador del Tour Music Fest Participar\u00e1 en las Finales de Una Voce per San Marino - ES - Tour Music Fest","og_description":"San Marino, 29 de noviembre de 2024 \u2013 Esta ma\u00f1ana se anunci\u00f3 en una rueda de prensa que el ganador de la edici\u00f3n 2024 del Tour Music Fest, The European Music Contest, que se est\u00e1 llevando a cabo en San Marino, tendr\u00e1 la oportunidad de participar en la primera semifinal de Una Voce per San [&hellip;]","og_url":"https:\/\/www.tourmusicfest.com\/es\/news\/el-ganador-del-tour-music-fest-participara-en-las-finales-de-una-voce-per-san-marino\/","og_site_name":"ES - Tour Music Fest","article_publisher":"https:\/\/facebook.com\/tourmusicfest","article_published_time":"2024-12-01T15:59:26+00:00","article_modified_time":"2024-12-17T12:42:26+00:00","og_image":[{"width":1200,"height":675,"url":"https:\/\/www.tourmusicfest.com\/es\/files\/2024\/11\/una_voce_per_san_marino_25_febbraio_2023.jpg","type":"image\/jpeg"}],"author":"tmfeuropa17","twitter_card":"summary_large_image","twitter_misc":{"Escrito por":"tmfeuropa17","Tiempo de lectura":"4 minutos"},"schema":{"@context":"https:\/\/schema.org","@graph":[{"@type":"Article","@id":"https:\/\/www.tourmusicfest.com\/es\/news\/el-ganador-del-tour-music-fest-participara-en-las-finales-de-una-voce-per-san-marino\/#article","isPartOf":{"@id":"https:\/\/www.tourmusicfest.com\/es\/news\/el-ganador-del-tour-music-fest-participara-en-las-finales-de-una-voce-per-san-marino\/"},"author":{"name":"tmfeuropa17","@id":"https:\/\/www.tourmusicfest.com\/es\/#\/schema\/person\/390d861689d02485bce7bf22b19bfe79"},"headline":"El Ganador del Tour Music Fest Participar\u00e1 en las Finales de Una Voce per San Marino","datePublished":"2024-12-01T15:59:26+00:00","dateModified":"2024-12-17T12:42:26+00:00","mainEntityOfPage":{"@id":"https:\/\/www.tourmusicfest.com\/es\/news\/el-ganador-del-tour-music-fest-participara-en-las-finales-de-una-voce-per-san-marino\/"},"wordCount":602,"publisher":{"@id":"https:\/\/www.tourmusicfest.com\/es\/#organization"},"image":{"@id":"https:\/\/www.tourmusicfest.com\/es\/news\/el-ganador-del-tour-music-fest-participara-en-las-finales-de-una-voce-per-san-marino\/#primaryimage"},"thumbnailUrl":"https:\/\/www.tourmusicfest.com\/es\/files\/2024\/11\/una_voce_per_san_marino_25_febbraio_2023.jpg","articleSection":["News"],"inLanguage":"es"},{"@type":"WebPage","@id":"https:\/\/www.tourmusicfest.com\/es\/news\/el-ganador-del-tour-music-fest-participara-en-las-finales-de-una-voce-per-san-marino\/","url":"https:\/\/www.tourmusicfest.com\/es\/news\/el-ganador-del-tour-music-fest-participara-en-las-finales-de-una-voce-per-san-marino\/","name":"El Ganador del Tour Music Fest Participar\u00e1 en las Finales de Una Voce per San Marino - ES - Tour Music Fest","isPartOf":{"@id":"https:\/\/www.tourmusicfest.com\/es\/#website"},"primaryImageOfPage":{"@id":"https:\/\/www.tourmusicfest.com\/es\/news\/el-ganador-del-tour-music-fest-participara-en-las-finales-de-una-voce-per-san-marino\/#primaryimage"},"image":{"@id":"https:\/\/www.tourmusicfest.com\/es\/news\/el-ganador-del-tour-music-fest-participara-en-las-finales-de-una-voce-per-san-marino\/#primaryimage"},"thumbnailUrl":"https:\/\/www.tourmusicfest.com\/es\/files\/2024\/11\/una_voce_per_san_marino_25_febbraio_2023.jpg","datePublished":"2024-12-01T15:59:26+00:00","dateModified":"2024-12-17T12:42:26+00:00","breadcrumb":{"@id":"https:\/\/www.tourmusicfest.com\/es\/news\/el-ganador-del-tour-music-fest-participara-en-las-finales-de-una-voce-per-san-marino\/#breadcrumb"},"inLanguage":"es","potentialAction":[{"@type":"ReadAction","target":["https:\/\/www.tourmusicfest.com\/es\/news\/el-ganador-del-tour-music-fest-participara-en-las-finales-de-una-voce-per-san-marino\/"]}]},{"@type":"ImageObject","inLanguage":"es","@id":"https:\/\/www.tourmusicfest.com\/es\/news\/el-ganador-del-tour-music-fest-participara-en-las-finales-de-una-voce-per-san-marino\/#primaryimage","url":"https:\/\/www.tourmusicfest.com\/es\/files\/2024\/11\/una_voce_per_san_marino_25_febbraio_2023.jpg","contentUrl":"https:\/\/www.tourmusicfest.com\/es\/files\/2024\/11\/una_voce_per_san_marino_25_febbraio_2023.jpg","width":1200,"height":675},{"@type":"BreadcrumbList","@id":"https:\/\/www.tourmusicfest.com\/es\/news\/el-ganador-del-tour-music-fest-participara-en-las-finales-de-una-voce-per-san-marino\/#breadcrumb","itemListElement":[{"@type":"ListItem","position":1,"name":"Home","item":"https:\/\/www.tourmusicfest.com\/es\/"},{"@type":"ListItem","position":2,"name":"El Ganador del Tour Music Fest Participar\u00e1 en las Finales de Una Voce per San Marino"}]},{"@type":"WebSite","@id":"https:\/\/www.tourmusicfest.com\/es\/#website","url":"https:\/\/www.tourmusicfest.com\/es\/","name":"Tour Music Fest - ES","description":"The European Music Contest","publisher":{"@id":"https:\/\/www.tourmusicfest.com\/es\/#organization"},"potentialAction":[{"@type":"SearchAction","target":{"@type":"EntryPoint","urlTemplate":"https:\/\/www.tourmusicfest.com\/es\/?s={search_term_string}"},"query-input":{"@type":"PropertyValueSpecification","valueRequired":true,"valueName":"search_term_string"}}],"inLanguage":"es"},{"@type":"Organization","@id":"https:\/\/www.tourmusicfest.com\/es\/#organization","name":"ES - Tour Music Fest","url":"https:\/\/www.tourmusicfest.com\/es\/","logo":{"@type":"ImageObject","inLanguage":"es","@id":"https:\/\/www.tourmusicfest.com\/es\/#\/schema\/logo\/image\/","url":"https:\/\/www.tourmusicfest.com\/es\/files\/2024\/04\/Brand-TMF-grey.png","contentUrl":"https:\/\/www.tourmusicfest.com\/es\/files\/2024\/04\/Brand-TMF-grey.png","width":1181,"height":875,"caption":"ES - Tour Music Fest"},"image":{"@id":"https:\/\/www.tourmusicfest.com\/es\/#\/schema\/logo\/image\/"},"sameAs":["https:\/\/facebook.com\/tourmusicfest","https:\/\/instagram.com\/tourmusicfest"]},{"@type":"Person","@id":"https:\/\/www.tourmusicfest.com\/es\/#\/schema\/person\/390d861689d02485bce7bf22b19bfe79","name":"tmfeuropa17","image":{"@type":"ImageObject","inLanguage":"es","@id":"https:\/\/www.tourmusicfest.com\/es\/#\/schema\/person\/image\/","url":"https:\/\/secure.gravatar.com\/avatar\/2b5fc8be00f182d9a3134943aeed9d38e7bcb4a9b63a07ad32e9141daebd39dd?s=96&d=mm&r=g","contentUrl":"https:\/\/secure.gravatar.com\/avatar\/2b5fc8be00f182d9a3134943aeed9d38e7bcb4a9b63a07ad32e9141daebd39dd?s=96&d=mm&r=g","caption":"tmfeuropa17"},"url":"https:\/\/www.tourmusicfest.com\/es\/author\/tmfeuropa17\/"}]}},"_links":{"self":[{"href":"https:\/\/www.tourmusicfest.com\/es\/wp-json\/wp\/v2\/posts\/3363","targetHints":{"allow":["GET"]}}],"collection":[{"href":"https:\/\/www.tourmusicfest.com\/es\/wp-json\/wp\/v2\/posts"}],"about":[{"href":"https:\/\/www.tourmusicfest.com\/es\/wp-json\/wp\/v2\/types\/post"}],"author":[{"embeddable":true,"href":"https:\/\/www.tourmusicfest.com\/es\/wp-json\/wp\/v2\/users\/3"}],"replies":[{"embeddable":true,"href":"https:\/\/www.tourmusicfest.com\/es\/wp-json\/wp\/v2\/comments?post=3363"}],"version-history":[{"count":2,"href":"https:\/\/www.tourmusicfest.com\/es\/wp-json\/wp\/v2\/posts\/3363\/revisions"}],"predecessor-version":[{"id":3385,"href":"https:\/\/www.tourmusicfest.com\/es\/wp-json\/wp\/v2\/posts\/3363\/revisions\/3385"}],"wp:featuredmedia":[{"embeddable":true,"href":"https:\/\/www.tourmusicfest.com\/es\/wp-json\/wp\/v2\/media\/3384"}],"wp:attachment":[{"href":"https:\/\/www.tourmusicfest.com\/es\/wp-json\/wp\/v2\/media?parent=3363"}],"wp:term":[{"taxonomy":"category","embeddable":true,"href":"https:\/\/www.tourmusicfest.com\/es\/wp-json\/wp\/v2\/categories?post=3363"},{"taxonomy":"post_tag","embeddable":true,"href":"https:\/\/www.tourmusicfest.com\/es\/wp-json\/wp\/v2\/tags?post=3363"}],"curies":[{"name":"wp","href":"https:\/\/api.w.org\/{rel}","templated":true}]}}