{"id":3351,"date":"2024-11-30T17:44:37","date_gmt":"2024-11-30T17:44:37","guid":{"rendered":"https:\/\/www.tourmusicfest.com\/es\/?p=3351"},"modified":"2024-12-17T12:42:52","modified_gmt":"2024-12-17T12:42:52","slug":"dia-7-penultimo-dia-de-las-finales-del-tour-music-fest-2024-una-celebracion-de-talento-y-pasion","status":"publish","type":"post","link":"https:\/\/www.tourmusicfest.com\/es\/news\/dia-7-penultimo-dia-de-las-finales-del-tour-music-fest-2024-una-celebracion-de-talento-y-pasion\/","title":{"rendered":"D\u00cdA 7: Pen\u00faltimo D\u00eda de las Finales del Tour Music Fest 2024 \u2013 Una Celebraci\u00f3n de Talento y Pasi\u00f3n"},"content":{"rendered":"<h3><strong>D\u00cdA 7: Pen\u00faltimo D\u00eda de las Finales del Tour Music Fest 2024 \u2013 Una Celebraci\u00f3n de Talento y Pasi\u00f3n<\/strong><\/h3>\n<p>Con la conclusi\u00f3n del <strong>D\u00eda 7<\/strong> de las finales del <strong>Tour Music Fest 2024<\/strong>, la emoci\u00f3n ha alcanzado su punto m\u00e1s alto. Llena de masterclasses, semifinales emocionantes y el esperado Anuncio de Finalistas Europeos, el d\u00eda fue un espect\u00e1culo extraordinario del talento musical emergente. Aqu\u00ed tienes un resumen de todo lo ocurrido en este d\u00eda inolvidable.<\/p>\n<h4><strong>Masterclasses: Un Tesoro de Conocimientos<\/strong><\/h4>\n<p>El d\u00eda comenz\u00f3 con una sesi\u00f3n inspiradora de <strong>Francesco Rapaccioli<\/strong>, titulada <strong>&#8220;10 Consejos para comenzar tu viaje como artista musical profesional&#8221;<\/strong>. Esta masterclass ofreci\u00f3 a los participantes valiosas ideas y consejos pr\u00e1cticos para iniciar sus carreras musicales.<\/p>\n<p>M\u00e1s tarde, la <strong>Masterclass de Berklee<\/strong>, dirigida por <strong>Viktorjia Pavlovic<\/strong>, se centr\u00f3 en <strong>&#8220;Voz e Interpretaci\u00f3n&#8221;<\/strong>. Los asistentes adquirieron valiosas habilidades en t\u00e9cnicas vocales y arte interpretativo, mejorando sus capacidades musicales.<\/p>\n<h4><strong>Competiciones: Mostrando lo Mejor del Talento Europeo<\/strong><\/h4>\n<p>El d\u00eda estuvo lleno de emocionantes semifinales en varias categor\u00edas:<\/p>\n<ul>\n<li><strong>Singer Awards \u2013 European Semi-Finals<\/strong>: Vocalistas excepcionales de toda Europa compitieron para mostrar su talento.<\/li>\n<li><strong>Young Singer Awards \u2013 European Semi-Finals<\/strong>: Los j\u00f3venes talentos impresionaron al p\u00fablico y a los jueces con sus apasionadas actuaciones.<\/li>\n<li><strong>Singer-Songwriter Awards \u2013 European Semi-Finals<\/strong>: Talentosos compositores conmovieron a todos con sus sinceras composiciones.<\/li>\n<li><strong>DJ Contest \u2013 European Final<\/strong>: DJs de todo el continente ofrecieron actuaciones electrizantes que cautivaron al p\u00fablico.<\/li>\n<\/ul>\n<h4><strong>Anuncio de Finalistas Europeos: El Momento de la Verdad<\/strong><\/h4>\n<p>El d\u00eda concluy\u00f3 con el tan esperado <strong>Anuncio de Finalistas Europeos<\/strong>. Tras una cuidadosa deliberaci\u00f3n, los jueces revelaron los mejores talentos que avanzan a la gran final del <strong>1 de diciembre<\/strong>, acerc\u00e1ndolos al t\u00edtulo de <strong>Artista del A\u00f1o 2024<\/strong>.<\/p>\n<h4><strong>Ganadores del D\u00eda 7<\/strong><\/h4>\n<p>Aqu\u00ed est\u00e1n los ganadores de las semifinales:<\/p>\n<div class=\"flex max-w-full flex-col flex-grow\">\n<div class=\"min-h-8 text-message flex w-full flex-col items-end gap-2 whitespace-normal break-words [.text-message+&amp;]:mt-5\" dir=\"auto\" data-message-author-role=\"assistant\" data-message-id=\"c494601b-0e39-4069-92eb-efee1bbb8545\" data-message-model-slug=\"gpt-4o\">\n<div class=\"flex w-full flex-col gap-1 empty:hidden first:pt-[3px]\">\n<div class=\"markdown prose w-full break-words dark:prose-invert light\">\n<p><strong>Singer Awards Junior que avanzan a la Gran Final<\/strong><\/p>\n<ul>\n<li>Martina Cervellin (Italia)<\/li>\n<li>Carolina Galassi (Italia)<\/li>\n<li>Nicole (Espa\u00f1a)<\/li>\n<li>Scarlett (Pa\u00edses Bajos)<\/li>\n<\/ul>\n<p><strong>Cantantes que avanzan a la Gran Final<\/strong><\/p>\n<ul>\n<li>Matilde Montanari<\/li>\n<li>Emma Rottichieri<\/li>\n<li>Vanessa Quaranta<\/li>\n<\/ul>\n<p><strong>Cantautores que avanzan a la Gran Final<\/strong><\/p>\n<ul>\n<li>FAMA<\/li>\n<li>Justine Mayer<\/li>\n<li>Lotte Walda<\/li>\n<li>Sergio G\u00f3mez Pacheco<\/li>\n<\/ul>\n<p><strong>DJ que avanza a la Gran Final<\/strong><\/p>\n<ul>\n<li>Dj Lex<\/li>\n<\/ul>\n<p><strong>DJ Producer que avanza a la Gran Final<\/strong><\/p>\n<ul>\n<li>Thunderbolt<\/li>\n<\/ul>\n<\/div>\n<\/div>\n<\/div>\n<\/div>\n<div class=\"mb-2 flex gap-3 empty:hidden -ml-2\"><\/div>\n<h4><strong>Construyendo la Anticipaci\u00f3n para la Gran Final<\/strong><\/h4>\n<p>A medida que el <strong>D\u00eda 7<\/strong> prepara el escenario para la gran final, la anticipaci\u00f3n es palpable. Finalistas, entrenadores y fan\u00e1ticos est\u00e1n listos para una conclusi\u00f3n inolvidable de este incre\u00edble viaje.<\/p>\n<h4><strong>Mantente Informado<\/strong><\/h4>\n<p>Consulta el programa del d\u00eda final en: <a href=\"https:\/\/festival.tourmusicfest.it\" target=\"_new\" rel=\"noopener\">festival.tourmusicfest.it<\/a>.<\/p>\n","protected":false},"excerpt":{"rendered":"<p>D\u00cdA 7: Pen\u00faltimo D\u00eda de las Finales del Tour Music Fest 2024 \u2013 Una Celebraci\u00f3n de Talento y Pasi\u00f3n Con la conclusi\u00f3n del D\u00eda 7 de las finales del Tour Music Fest 2024, la emoci\u00f3n ha alcanzado su punto m\u00e1s alto. Llena de masterclasses, semifinales emocionantes y el esperado Anuncio de Finalistas Europeos, el d\u00eda [&hellip;]<\/p>\n","protected":false},"author":3,"featured_media":3352,"comment_status":"closed","ping_status":"closed","sticky":false,"template":"","format":"standard","meta":{"_acf_changed":false,"footnotes":""},"categories":[4],"tags":[],"class_list":["post-3351","post","type-post","status-publish","format-standard","has-post-thumbnail","hentry","category-news"],"acf":[],"yoast_head":"<!-- This site is optimized with the Yoast SEO plugin v26.7 - https:\/\/yoast.com\/wordpress\/plugins\/seo\/ -->\n<title>D\u00cdA 7: Pen\u00faltimo D\u00eda de las Finales del Tour Music Fest 2024 \u2013 Una Celebraci\u00f3n de Talento y Pasi\u00f3n - ES - Tour Music Fest<\/title>\n<meta name=\"robots\" content=\"index, follow, max-snippet:-1, max-image-preview:large, max-video-preview:-1\" \/>\n<link rel=\"canonical\" href=\"https:\/\/www.tourmusicfest.com\/es\/news\/dia-7-penultimo-dia-de-las-finales-del-tour-music-fest-2024-una-celebracion-de-talento-y-pasion\/\" \/>\n<meta property=\"og:locale\" content=\"es_ES\" \/>\n<meta property=\"og:type\" content=\"article\" \/>\n<meta property=\"og:title\" content=\"D\u00cdA 7: Pen\u00faltimo D\u00eda de las Finales del Tour Music Fest 2024 \u2013 Una Celebraci\u00f3n de Talento y Pasi\u00f3n - ES - Tour Music Fest\" \/>\n<meta property=\"og:description\" content=\"D\u00cdA 7: Pen\u00faltimo D\u00eda de las Finales del Tour Music Fest 2024 \u2013 Una Celebraci\u00f3n de Talento y Pasi\u00f3n Con la conclusi\u00f3n del D\u00eda 7 de las finales del Tour Music Fest 2024, la emoci\u00f3n ha alcanzado su punto m\u00e1s alto. Llena de masterclasses, semifinales emocionantes y el esperado Anuncio de Finalistas Europeos, el d\u00eda [&hellip;]\" \/>\n<meta property=\"og:url\" content=\"https:\/\/www.tourmusicfest.com\/es\/news\/dia-7-penultimo-dia-de-las-finales-del-tour-music-fest-2024-una-celebracion-de-talento-y-pasion\/\" \/>\n<meta property=\"og:site_name\" content=\"ES - Tour Music Fest\" \/>\n<meta property=\"article:publisher\" content=\"https:\/\/facebook.com\/tourmusicfest\" \/>\n<meta property=\"article:published_time\" content=\"2024-11-30T17:44:37+00:00\" \/>\n<meta property=\"article:modified_time\" content=\"2024-12-17T12:42:52+00:00\" \/>\n<meta property=\"og:image\" content=\"https:\/\/www.tourmusicfest.com\/es\/files\/2024\/11\/blo_recap_new_day7.jpg\" \/>\n\t<meta property=\"og:image:width\" content=\"1920\" \/>\n\t<meta property=\"og:image:height\" content=\"1080\" \/>\n\t<meta property=\"og:image:type\" content=\"image\/jpeg\" \/>\n<meta name=\"author\" content=\"tmfeuropa17\" \/>\n<meta name=\"twitter:card\" content=\"summary_large_image\" \/>\n<meta name=\"twitter:label1\" content=\"Escrito por\" \/>\n\t<meta name=\"twitter:data1\" content=\"tmfeuropa17\" \/>\n\t<meta name=\"twitter:label2\" content=\"Tiempo de lectura\" \/>\n\t<meta name=\"twitter:data2\" content=\"3 minutos\" \/>\n<script type=\"application\/ld+json\" class=\"yoast-schema-graph\">{\"@context\":\"https:\/\/schema.org\",\"@graph\":[{\"@type\":\"Article\",\"@id\":\"https:\/\/www.tourmusicfest.com\/es\/news\/dia-7-penultimo-dia-de-las-finales-del-tour-music-fest-2024-una-celebracion-de-talento-y-pasion\/#article\",\"isPartOf\":{\"@id\":\"https:\/\/www.tourmusicfest.com\/es\/news\/dia-7-penultimo-dia-de-las-finales-del-tour-music-fest-2024-una-celebracion-de-talento-y-pasion\/\"},\"author\":{\"name\":\"tmfeuropa17\",\"@id\":\"https:\/\/www.tourmusicfest.com\/es\/#\/schema\/person\/390d861689d02485bce7bf22b19bfe79\"},\"headline\":\"D\u00cdA 7: Pen\u00faltimo D\u00eda de las Finales del Tour Music Fest 2024 \u2013 Una Celebraci\u00f3n de Talento y Pasi\u00f3n\",\"datePublished\":\"2024-11-30T17:44:37+00:00\",\"dateModified\":\"2024-12-17T12:42:52+00:00\",\"mainEntityOfPage\":{\"@id\":\"https:\/\/www.tourmusicfest.com\/es\/news\/dia-7-penultimo-dia-de-las-finales-del-tour-music-fest-2024-una-celebracion-de-talento-y-pasion\/\"},\"wordCount\":454,\"publisher\":{\"@id\":\"https:\/\/www.tourmusicfest.com\/es\/#organization\"},\"image\":{\"@id\":\"https:\/\/www.tourmusicfest.com\/es\/news\/dia-7-penultimo-dia-de-las-finales-del-tour-music-fest-2024-una-celebracion-de-talento-y-pasion\/#primaryimage\"},\"thumbnailUrl\":\"https:\/\/www.tourmusicfest.com\/es\/files\/2024\/11\/blo_recap_new_day7.jpg\",\"articleSection\":[\"News\"],\"inLanguage\":\"es\"},{\"@type\":\"WebPage\",\"@id\":\"https:\/\/www.tourmusicfest.com\/es\/news\/dia-7-penultimo-dia-de-las-finales-del-tour-music-fest-2024-una-celebracion-de-talento-y-pasion\/\",\"url\":\"https:\/\/www.tourmusicfest.com\/es\/news\/dia-7-penultimo-dia-de-las-finales-del-tour-music-fest-2024-una-celebracion-de-talento-y-pasion\/\",\"name\":\"D\u00cdA 7: Pen\u00faltimo D\u00eda de las Finales del Tour Music Fest 2024 \u2013 Una Celebraci\u00f3n de Talento y Pasi\u00f3n - ES - Tour Music Fest\",\"isPartOf\":{\"@id\":\"https:\/\/www.tourmusicfest.com\/es\/#website\"},\"primaryImageOfPage\":{\"@id\":\"https:\/\/www.tourmusicfest.com\/es\/news\/dia-7-penultimo-dia-de-las-finales-del-tour-music-fest-2024-una-celebracion-de-talento-y-pasion\/#primaryimage\"},\"image\":{\"@id\":\"https:\/\/www.tourmusicfest.com\/es\/news\/dia-7-penultimo-dia-de-las-finales-del-tour-music-fest-2024-una-celebracion-de-talento-y-pasion\/#primaryimage\"},\"thumbnailUrl\":\"https:\/\/www.tourmusicfest.com\/es\/files\/2024\/11\/blo_recap_new_day7.jpg\",\"datePublished\":\"2024-11-30T17:44:37+00:00\",\"dateModified\":\"2024-12-17T12:42:52+00:00\",\"breadcrumb\":{\"@id\":\"https:\/\/www.tourmusicfest.com\/es\/news\/dia-7-penultimo-dia-de-las-finales-del-tour-music-fest-2024-una-celebracion-de-talento-y-pasion\/#breadcrumb\"},\"inLanguage\":\"es\",\"potentialAction\":[{\"@type\":\"ReadAction\",\"target\":[\"https:\/\/www.tourmusicfest.com\/es\/news\/dia-7-penultimo-dia-de-las-finales-del-tour-music-fest-2024-una-celebracion-de-talento-y-pasion\/\"]}]},{\"@type\":\"ImageObject\",\"inLanguage\":\"es\",\"@id\":\"https:\/\/www.tourmusicfest.com\/es\/news\/dia-7-penultimo-dia-de-las-finales-del-tour-music-fest-2024-una-celebracion-de-talento-y-pasion\/#primaryimage\",\"url\":\"https:\/\/www.tourmusicfest.com\/es\/files\/2024\/11\/blo_recap_new_day7.jpg\",\"contentUrl\":\"https:\/\/www.tourmusicfest.com\/es\/files\/2024\/11\/blo_recap_new_day7.jpg\",\"width\":1920,\"height\":1080},{\"@type\":\"BreadcrumbList\",\"@id\":\"https:\/\/www.tourmusicfest.com\/es\/news\/dia-7-penultimo-dia-de-las-finales-del-tour-music-fest-2024-una-celebracion-de-talento-y-pasion\/#breadcrumb\",\"itemListElement\":[{\"@type\":\"ListItem\",\"position\":1,\"name\":\"Home\",\"item\":\"https:\/\/www.tourmusicfest.com\/es\/\"},{\"@type\":\"ListItem\",\"position\":2,\"name\":\"D\u00cdA 7: Pen\u00faltimo D\u00eda de las Finales del Tour Music Fest 2024 \u2013 Una Celebraci\u00f3n de Talento y Pasi\u00f3n\"}]},{\"@type\":\"WebSite\",\"@id\":\"https:\/\/www.tourmusicfest.com\/es\/#website\",\"url\":\"https:\/\/www.tourmusicfest.com\/es\/\",\"name\":\"Tour Music Fest - ES\",\"description\":\"The European Music Contest\",\"publisher\":{\"@id\":\"https:\/\/www.tourmusicfest.com\/es\/#organization\"},\"potentialAction\":[{\"@type\":\"SearchAction\",\"target\":{\"@type\":\"EntryPoint\",\"urlTemplate\":\"https:\/\/www.tourmusicfest.com\/es\/?s={search_term_string}\"},\"query-input\":{\"@type\":\"PropertyValueSpecification\",\"valueRequired\":true,\"valueName\":\"search_term_string\"}}],\"inLanguage\":\"es\"},{\"@type\":\"Organization\",\"@id\":\"https:\/\/www.tourmusicfest.com\/es\/#organization\",\"name\":\"ES - Tour Music Fest\",\"url\":\"https:\/\/www.tourmusicfest.com\/es\/\",\"logo\":{\"@type\":\"ImageObject\",\"inLanguage\":\"es\",\"@id\":\"https:\/\/www.tourmusicfest.com\/es\/#\/schema\/logo\/image\/\",\"url\":\"https:\/\/www.tourmusicfest.com\/es\/files\/2024\/04\/Brand-TMF-grey.png\",\"contentUrl\":\"https:\/\/www.tourmusicfest.com\/es\/files\/2024\/04\/Brand-TMF-grey.png\",\"width\":1181,\"height\":875,\"caption\":\"ES - Tour Music Fest\"},\"image\":{\"@id\":\"https:\/\/www.tourmusicfest.com\/es\/#\/schema\/logo\/image\/\"},\"sameAs\":[\"https:\/\/facebook.com\/tourmusicfest\",\"https:\/\/instagram.com\/tourmusicfest\"]},{\"@type\":\"Person\",\"@id\":\"https:\/\/www.tourmusicfest.com\/es\/#\/schema\/person\/390d861689d02485bce7bf22b19bfe79\",\"name\":\"tmfeuropa17\",\"image\":{\"@type\":\"ImageObject\",\"inLanguage\":\"es\",\"@id\":\"https:\/\/www.tourmusicfest.com\/es\/#\/schema\/person\/image\/\",\"url\":\"https:\/\/secure.gravatar.com\/avatar\/2b5fc8be00f182d9a3134943aeed9d38e7bcb4a9b63a07ad32e9141daebd39dd?s=96&d=mm&r=g\",\"contentUrl\":\"https:\/\/secure.gravatar.com\/avatar\/2b5fc8be00f182d9a3134943aeed9d38e7bcb4a9b63a07ad32e9141daebd39dd?s=96&d=mm&r=g\",\"caption\":\"tmfeuropa17\"},\"url\":\"https:\/\/www.tourmusicfest.com\/es\/author\/tmfeuropa17\/\"}]}<\/script>\n<!-- \/ Yoast SEO plugin. -->","yoast_head_json":{"title":"D\u00cdA 7: Pen\u00faltimo D\u00eda de las Finales del Tour Music Fest 2024 \u2013 Una Celebraci\u00f3n de Talento y Pasi\u00f3n - ES - Tour Music Fest","robots":{"index":"index","follow":"follow","max-snippet":"max-snippet:-1","max-image-preview":"max-image-preview:large","max-video-preview":"max-video-preview:-1"},"canonical":"https:\/\/www.tourmusicfest.com\/es\/news\/dia-7-penultimo-dia-de-las-finales-del-tour-music-fest-2024-una-celebracion-de-talento-y-pasion\/","og_locale":"es_ES","og_type":"article","og_title":"D\u00cdA 7: Pen\u00faltimo D\u00eda de las Finales del Tour Music Fest 2024 \u2013 Una Celebraci\u00f3n de Talento y Pasi\u00f3n - ES - Tour Music Fest","og_description":"D\u00cdA 7: Pen\u00faltimo D\u00eda de las Finales del Tour Music Fest 2024 \u2013 Una Celebraci\u00f3n de Talento y Pasi\u00f3n Con la conclusi\u00f3n del D\u00eda 7 de las finales del Tour Music Fest 2024, la emoci\u00f3n ha alcanzado su punto m\u00e1s alto. Llena de masterclasses, semifinales emocionantes y el esperado Anuncio de Finalistas Europeos, el d\u00eda [&hellip;]","og_url":"https:\/\/www.tourmusicfest.com\/es\/news\/dia-7-penultimo-dia-de-las-finales-del-tour-music-fest-2024-una-celebracion-de-talento-y-pasion\/","og_site_name":"ES - Tour Music Fest","article_publisher":"https:\/\/facebook.com\/tourmusicfest","article_published_time":"2024-11-30T17:44:37+00:00","article_modified_time":"2024-12-17T12:42:52+00:00","og_image":[{"width":1920,"height":1080,"url":"https:\/\/www.tourmusicfest.com\/es\/files\/2024\/11\/blo_recap_new_day7.jpg","type":"image\/jpeg"}],"author":"tmfeuropa17","twitter_card":"summary_large_image","twitter_misc":{"Escrito por":"tmfeuropa17","Tiempo de lectura":"3 minutos"},"schema":{"@context":"https:\/\/schema.org","@graph":[{"@type":"Article","@id":"https:\/\/www.tourmusicfest.com\/es\/news\/dia-7-penultimo-dia-de-las-finales-del-tour-music-fest-2024-una-celebracion-de-talento-y-pasion\/#article","isPartOf":{"@id":"https:\/\/www.tourmusicfest.com\/es\/news\/dia-7-penultimo-dia-de-las-finales-del-tour-music-fest-2024-una-celebracion-de-talento-y-pasion\/"},"author":{"name":"tmfeuropa17","@id":"https:\/\/www.tourmusicfest.com\/es\/#\/schema\/person\/390d861689d02485bce7bf22b19bfe79"},"headline":"D\u00cdA 7: Pen\u00faltimo D\u00eda de las Finales del Tour Music Fest 2024 \u2013 Una Celebraci\u00f3n de Talento y Pasi\u00f3n","datePublished":"2024-11-30T17:44:37+00:00","dateModified":"2024-12-17T12:42:52+00:00","mainEntityOfPage":{"@id":"https:\/\/www.tourmusicfest.com\/es\/news\/dia-7-penultimo-dia-de-las-finales-del-tour-music-fest-2024-una-celebracion-de-talento-y-pasion\/"},"wordCount":454,"publisher":{"@id":"https:\/\/www.tourmusicfest.com\/es\/#organization"},"image":{"@id":"https:\/\/www.tourmusicfest.com\/es\/news\/dia-7-penultimo-dia-de-las-finales-del-tour-music-fest-2024-una-celebracion-de-talento-y-pasion\/#primaryimage"},"thumbnailUrl":"https:\/\/www.tourmusicfest.com\/es\/files\/2024\/11\/blo_recap_new_day7.jpg","articleSection":["News"],"inLanguage":"es"},{"@type":"WebPage","@id":"https:\/\/www.tourmusicfest.com\/es\/news\/dia-7-penultimo-dia-de-las-finales-del-tour-music-fest-2024-una-celebracion-de-talento-y-pasion\/","url":"https:\/\/www.tourmusicfest.com\/es\/news\/dia-7-penultimo-dia-de-las-finales-del-tour-music-fest-2024-una-celebracion-de-talento-y-pasion\/","name":"D\u00cdA 7: Pen\u00faltimo D\u00eda de las Finales del Tour Music Fest 2024 \u2013 Una Celebraci\u00f3n de Talento y Pasi\u00f3n - ES - Tour Music Fest","isPartOf":{"@id":"https:\/\/www.tourmusicfest.com\/es\/#website"},"primaryImageOfPage":{"@id":"https:\/\/www.tourmusicfest.com\/es\/news\/dia-7-penultimo-dia-de-las-finales-del-tour-music-fest-2024-una-celebracion-de-talento-y-pasion\/#primaryimage"},"image":{"@id":"https:\/\/www.tourmusicfest.com\/es\/news\/dia-7-penultimo-dia-de-las-finales-del-tour-music-fest-2024-una-celebracion-de-talento-y-pasion\/#primaryimage"},"thumbnailUrl":"https:\/\/www.tourmusicfest.com\/es\/files\/2024\/11\/blo_recap_new_day7.jpg","datePublished":"2024-11-30T17:44:37+00:00","dateModified":"2024-12-17T12:42:52+00:00","breadcrumb":{"@id":"https:\/\/www.tourmusicfest.com\/es\/news\/dia-7-penultimo-dia-de-las-finales-del-tour-music-fest-2024-una-celebracion-de-talento-y-pasion\/#breadcrumb"},"inLanguage":"es","potentialAction":[{"@type":"ReadAction","target":["https:\/\/www.tourmusicfest.com\/es\/news\/dia-7-penultimo-dia-de-las-finales-del-tour-music-fest-2024-una-celebracion-de-talento-y-pasion\/"]}]},{"@type":"ImageObject","inLanguage":"es","@id":"https:\/\/www.tourmusicfest.com\/es\/news\/dia-7-penultimo-dia-de-las-finales-del-tour-music-fest-2024-una-celebracion-de-talento-y-pasion\/#primaryimage","url":"https:\/\/www.tourmusicfest.com\/es\/files\/2024\/11\/blo_recap_new_day7.jpg","contentUrl":"https:\/\/www.tourmusicfest.com\/es\/files\/2024\/11\/blo_recap_new_day7.jpg","width":1920,"height":1080},{"@type":"BreadcrumbList","@id":"https:\/\/www.tourmusicfest.com\/es\/news\/dia-7-penultimo-dia-de-las-finales-del-tour-music-fest-2024-una-celebracion-de-talento-y-pasion\/#breadcrumb","itemListElement":[{"@type":"ListItem","position":1,"name":"Home","item":"https:\/\/www.tourmusicfest.com\/es\/"},{"@type":"ListItem","position":2,"name":"D\u00cdA 7: Pen\u00faltimo D\u00eda de las Finales del Tour Music Fest 2024 \u2013 Una Celebraci\u00f3n de Talento y Pasi\u00f3n"}]},{"@type":"WebSite","@id":"https:\/\/www.tourmusicfest.com\/es\/#website","url":"https:\/\/www.tourmusicfest.com\/es\/","name":"Tour Music Fest - ES","description":"The European Music Contest","publisher":{"@id":"https:\/\/www.tourmusicfest.com\/es\/#organization"},"potentialAction":[{"@type":"SearchAction","target":{"@type":"EntryPoint","urlTemplate":"https:\/\/www.tourmusicfest.com\/es\/?s={search_term_string}"},"query-input":{"@type":"PropertyValueSpecification","valueRequired":true,"valueName":"search_term_string"}}],"inLanguage":"es"},{"@type":"Organization","@id":"https:\/\/www.tourmusicfest.com\/es\/#organization","name":"ES - Tour Music Fest","url":"https:\/\/www.tourmusicfest.com\/es\/","logo":{"@type":"ImageObject","inLanguage":"es","@id":"https:\/\/www.tourmusicfest.com\/es\/#\/schema\/logo\/image\/","url":"https:\/\/www.tourmusicfest.com\/es\/files\/2024\/04\/Brand-TMF-grey.png","contentUrl":"https:\/\/www.tourmusicfest.com\/es\/files\/2024\/04\/Brand-TMF-grey.png","width":1181,"height":875,"caption":"ES - Tour Music Fest"},"image":{"@id":"https:\/\/www.tourmusicfest.com\/es\/#\/schema\/logo\/image\/"},"sameAs":["https:\/\/facebook.com\/tourmusicfest","https:\/\/instagram.com\/tourmusicfest"]},{"@type":"Person","@id":"https:\/\/www.tourmusicfest.com\/es\/#\/schema\/person\/390d861689d02485bce7bf22b19bfe79","name":"tmfeuropa17","image":{"@type":"ImageObject","inLanguage":"es","@id":"https:\/\/www.tourmusicfest.com\/es\/#\/schema\/person\/image\/","url":"https:\/\/secure.gravatar.com\/avatar\/2b5fc8be00f182d9a3134943aeed9d38e7bcb4a9b63a07ad32e9141daebd39dd?s=96&d=mm&r=g","contentUrl":"https:\/\/secure.gravatar.com\/avatar\/2b5fc8be00f182d9a3134943aeed9d38e7bcb4a9b63a07ad32e9141daebd39dd?s=96&d=mm&r=g","caption":"tmfeuropa17"},"url":"https:\/\/www.tourmusicfest.com\/es\/author\/tmfeuropa17\/"}]}},"_links":{"self":[{"href":"https:\/\/www.tourmusicfest.com\/es\/wp-json\/wp\/v2\/posts\/3351","targetHints":{"allow":["GET"]}}],"collection":[{"href":"https:\/\/www.tourmusicfest.com\/es\/wp-json\/wp\/v2\/posts"}],"about":[{"href":"https:\/\/www.tourmusicfest.com\/es\/wp-json\/wp\/v2\/types\/post"}],"author":[{"embeddable":true,"href":"https:\/\/www.tourmusicfest.com\/es\/wp-json\/wp\/v2\/users\/3"}],"replies":[{"embeddable":true,"href":"https:\/\/www.tourmusicfest.com\/es\/wp-json\/wp\/v2\/comments?post=3351"}],"version-history":[{"count":2,"href":"https:\/\/www.tourmusicfest.com\/es\/wp-json\/wp\/v2\/posts\/3351\/revisions"}],"predecessor-version":[{"id":3371,"href":"https:\/\/www.tourmusicfest.com\/es\/wp-json\/wp\/v2\/posts\/3351\/revisions\/3371"}],"wp:featuredmedia":[{"embeddable":true,"href":"https:\/\/www.tourmusicfest.com\/es\/wp-json\/wp\/v2\/media\/3352"}],"wp:attachment":[{"href":"https:\/\/www.tourmusicfest.com\/es\/wp-json\/wp\/v2\/media?parent=3351"}],"wp:term":[{"taxonomy":"category","embeddable":true,"href":"https:\/\/www.tourmusicfest.com\/es\/wp-json\/wp\/v2\/categories?post=3351"},{"taxonomy":"post_tag","embeddable":true,"href":"https:\/\/www.tourmusicfest.com\/es\/wp-json\/wp\/v2\/tags?post=3351"}],"curies":[{"name":"wp","href":"https:\/\/api.w.org\/{rel}","templated":true}]}}