{"id":3348,"date":"2024-11-30T10:38:10","date_gmt":"2024-11-30T10:38:10","guid":{"rendered":"https:\/\/www.tourmusicfest.com\/es\/?p=3348"},"modified":"2024-11-30T18:39:36","modified_gmt":"2024-11-30T18:39:36","slug":"dia-6-otro-dia-extraordinario-de-musica-y-aprendizaje-en-el-tour-music-fest-2024","status":"publish","type":"post","link":"https:\/\/www.tourmusicfest.com\/es\/news\/dia-6-otro-dia-extraordinario-de-musica-y-aprendizaje-en-el-tour-music-fest-2024\/","title":{"rendered":"D\u00cdA 6: Otro d\u00eda extraordinario de m\u00fasica y aprendizaje en el Tour Music Fest 2024"},"content":{"rendered":"<h3><strong>D\u00cdA 6: Otro d\u00eda extraordinario de m\u00fasica y aprendizaje en el Tour Music Fest 2024<\/strong><\/h3>\n<p>El <strong>D\u00eda 6<\/strong> de las finales del <strong>Tour Music Fest 2024<\/strong> trajo una avalancha de emociones y actuaciones memorables. Con una serie de eventos que mostraron talento de toda Europa, el TMF sigue demostrando por qu\u00e9 es el concurso musical m\u00e1s grande de Europa.<\/p>\n<h4><strong>Masterclasses: Formaci\u00f3n de alta calidad<\/strong><\/h4>\n<p>El d\u00eda comenz\u00f3 con una masterclass de <strong>Andrea Ricci<\/strong>, quien profundiz\u00f3 en el tema de <strong>&#8220;Derechos de autor y derechos de interpretaci\u00f3n&#8221;<\/strong>, brindando herramientas esenciales para proteger la creatividad de los participantes.<\/p>\n<p>Luego, la reconocida coach vocal <strong>Paola Folli<\/strong> realiz\u00f3 una sesi\u00f3n pr\u00e1ctica sobre <strong>&#8220;T\u00e9cnicas vocales&#8221;<\/strong>, compartiendo consejos invaluables para mejorar las habilidades vocales.<\/p>\n<p>Por la tarde, el compositor y productor <strong>Valter Sacripanti<\/strong> organiz\u00f3 una sesi\u00f3n sobre <strong>&#8220;Consejos para composici\u00f3n de canciones&#8221;<\/strong>, ofreciendo orientaci\u00f3n pr\u00e1ctica para crear temas exitosos.<\/p>\n<p>El d\u00eda concluy\u00f3 con una inspiradora masterclass de <strong>Annal\u00f9<\/strong>, centrada en <strong>&#8220;Estilo e interpretaci\u00f3n vocal&#8221;<\/strong>, animando a los artistas a descubrir su voz \u00fanica.<\/p>\n<h4><strong>Las competiciones del d\u00eda<\/strong><\/h4>\n<p>El <strong>D\u00eda 6<\/strong> estuvo repleto de competiciones que mostraron algunos de los mejores talentos emergentes de Europa:<\/p>\n<ul>\n<li><strong>Singer Awards \u2013 Italy National Finals<\/strong>: Las voces italianas se enfrentaron en una competici\u00f3n intensa y de alto nivel.<\/li>\n<li><strong>Senior Songwriter Competition \u2013 European Final<\/strong>: Los mejores compositores senior compartieron historias y emociones a trav\u00e9s de sus composiciones.<\/li>\n<li><strong>Baby Singer Awards \u2013 National Final<\/strong>: Los talentos m\u00e1s j\u00f3venes emocionaron al p\u00fablico y al jurado con su energ\u00eda y talento.<\/li>\n<li><strong>Rap Contest \u2013 European Semi-Finals<\/strong>: Creatividad y energ\u00eda desbordaron en esta competici\u00f3n con actuaciones \u00fanicas y atractivas.<\/li>\n<\/ul>\n<h4><strong>Ganadores del D\u00eda 6<\/strong><\/h4>\n<p>Aqu\u00ed est\u00e1n los talentos excepcionales que destacaron durante este emocionante d\u00eda:<\/p>\n<p><strong>Cantautores que avanzan a la Final Europea<\/strong><\/p>\n<ul>\n<li>Zoe Tedeschi<\/li>\n<li>BLUESY<\/li>\n<li>FAMA<\/li>\n<li>Maria Pia Pizzolla<\/li>\n<li>Fylomena<\/li>\n<li>Labes<\/li>\n<\/ul>\n<p><strong>Raperos que avanzan a la Final Europea<\/strong><\/p>\n<ul>\n<li>La Mn\u00f2r<\/li>\n<li>Personal<\/li>\n<li>LAME<\/li>\n<li>Bozza<\/li>\n<\/ul>\n<p>Ganador de la Categor\u00eda Autores:<\/p>\n<ul>\n<li><strong>Tha Manager<\/strong><\/li>\n<\/ul>\n<p>Ganadora de la Categor\u00eda Baby Singer:<\/p>\n<ul>\n<li><strong>Caterina Cavallo<\/strong><\/li>\n<\/ul>\n<p>Ganador de la Categor\u00eda Cantautores Over:<\/p>\n<ul>\n<li><strong>Palermitano 71<\/strong><\/li>\n<\/ul>\n<h4><strong>El viaje contin\u00faa<\/strong><\/h4>\n<p>Con el <strong>D\u00eda 6<\/strong>, el <strong>Tour Music Fest 2024<\/strong> mantiene viva la celebraci\u00f3n de la m\u00fasica emergente. Los artistas siguen creciendo, dejando emociones inolvidables en el p\u00fablico y el jurado.<\/p>\n<h4><strong>\u00a1Prep\u00e1rate para el D\u00eda 7!<\/strong><\/h4>\n<p>Descubre todos los eventos y masterclasses en <a href=\"https:\/\/festival.tourmusicfest.it\" target=\"_new\" rel=\"noopener\">festival.tourmusicfest.it<\/a>.<\/p>\n","protected":false},"excerpt":{"rendered":"<p>D\u00cdA 6: Otro d\u00eda extraordinario de m\u00fasica y aprendizaje en el Tour Music Fest 2024 El D\u00eda 6 de las finales del Tour Music Fest 2024 trajo una avalancha de emociones y actuaciones memorables. Con una serie de eventos que mostraron talento de toda Europa, el TMF sigue demostrando por qu\u00e9 es el concurso musical [&hellip;]<\/p>\n","protected":false},"author":3,"featured_media":3349,"comment_status":"closed","ping_status":"closed","sticky":false,"template":"","format":"standard","meta":{"_acf_changed":false,"footnotes":""},"categories":[4],"tags":[],"class_list":["post-3348","post","type-post","status-publish","format-standard","has-post-thumbnail","hentry","category-news"],"acf":[],"yoast_head":"<!-- This site is optimized with the Yoast SEO plugin v26.7 - https:\/\/yoast.com\/wordpress\/plugins\/seo\/ -->\n<title>D\u00cdA 6: Otro d\u00eda extraordinario de m\u00fasica y aprendizaje en el Tour Music Fest 2024 - ES - Tour Music Fest<\/title>\n<meta name=\"robots\" content=\"index, follow, max-snippet:-1, max-image-preview:large, max-video-preview:-1\" \/>\n<link rel=\"canonical\" href=\"https:\/\/www.tourmusicfest.com\/es\/news\/dia-6-otro-dia-extraordinario-de-musica-y-aprendizaje-en-el-tour-music-fest-2024\/\" \/>\n<meta property=\"og:locale\" content=\"es_ES\" \/>\n<meta property=\"og:type\" content=\"article\" \/>\n<meta property=\"og:title\" content=\"D\u00cdA 6: Otro d\u00eda extraordinario de m\u00fasica y aprendizaje en el Tour Music Fest 2024 - ES - Tour Music Fest\" \/>\n<meta property=\"og:description\" content=\"D\u00cdA 6: Otro d\u00eda extraordinario de m\u00fasica y aprendizaje en el Tour Music Fest 2024 El D\u00eda 6 de las finales del Tour Music Fest 2024 trajo una avalancha de emociones y actuaciones memorables. Con una serie de eventos que mostraron talento de toda Europa, el TMF sigue demostrando por qu\u00e9 es el concurso musical [&hellip;]\" \/>\n<meta property=\"og:url\" content=\"https:\/\/www.tourmusicfest.com\/es\/news\/dia-6-otro-dia-extraordinario-de-musica-y-aprendizaje-en-el-tour-music-fest-2024\/\" \/>\n<meta property=\"og:site_name\" content=\"ES - Tour Music Fest\" \/>\n<meta property=\"article:publisher\" content=\"https:\/\/facebook.com\/tourmusicfest\" \/>\n<meta property=\"article:published_time\" content=\"2024-11-30T10:38:10+00:00\" \/>\n<meta property=\"article:modified_time\" content=\"2024-11-30T18:39:36+00:00\" \/>\n<meta property=\"og:image\" content=\"https:\/\/www.tourmusicfest.com\/es\/files\/2024\/11\/blo_recap_new_day6.jpg\" \/>\n\t<meta property=\"og:image:width\" content=\"1920\" \/>\n\t<meta property=\"og:image:height\" content=\"1080\" \/>\n\t<meta property=\"og:image:type\" content=\"image\/jpeg\" \/>\n<meta name=\"author\" content=\"tmfeuropa17\" \/>\n<meta name=\"twitter:card\" content=\"summary_large_image\" \/>\n<meta name=\"twitter:label1\" content=\"Escrito por\" \/>\n\t<meta name=\"twitter:data1\" content=\"tmfeuropa17\" \/>\n\t<meta name=\"twitter:label2\" content=\"Tiempo de lectura\" \/>\n\t<meta name=\"twitter:data2\" content=\"3 minutos\" \/>\n<script type=\"application\/ld+json\" class=\"yoast-schema-graph\">{\"@context\":\"https:\/\/schema.org\",\"@graph\":[{\"@type\":\"Article\",\"@id\":\"https:\/\/www.tourmusicfest.com\/es\/news\/dia-6-otro-dia-extraordinario-de-musica-y-aprendizaje-en-el-tour-music-fest-2024\/#article\",\"isPartOf\":{\"@id\":\"https:\/\/www.tourmusicfest.com\/es\/news\/dia-6-otro-dia-extraordinario-de-musica-y-aprendizaje-en-el-tour-music-fest-2024\/\"},\"author\":{\"name\":\"tmfeuropa17\",\"@id\":\"https:\/\/www.tourmusicfest.com\/es\/#\/schema\/person\/390d861689d02485bce7bf22b19bfe79\"},\"headline\":\"D\u00cdA 6: Otro d\u00eda extraordinario de m\u00fasica y aprendizaje en el Tour Music Fest 2024\",\"datePublished\":\"2024-11-30T10:38:10+00:00\",\"dateModified\":\"2024-11-30T18:39:36+00:00\",\"mainEntityOfPage\":{\"@id\":\"https:\/\/www.tourmusicfest.com\/es\/news\/dia-6-otro-dia-extraordinario-de-musica-y-aprendizaje-en-el-tour-music-fest-2024\/\"},\"wordCount\":421,\"publisher\":{\"@id\":\"https:\/\/www.tourmusicfest.com\/es\/#organization\"},\"image\":{\"@id\":\"https:\/\/www.tourmusicfest.com\/es\/news\/dia-6-otro-dia-extraordinario-de-musica-y-aprendizaje-en-el-tour-music-fest-2024\/#primaryimage\"},\"thumbnailUrl\":\"https:\/\/www.tourmusicfest.com\/es\/files\/2024\/11\/blo_recap_new_day6.jpg\",\"articleSection\":[\"News\"],\"inLanguage\":\"es\"},{\"@type\":\"WebPage\",\"@id\":\"https:\/\/www.tourmusicfest.com\/es\/news\/dia-6-otro-dia-extraordinario-de-musica-y-aprendizaje-en-el-tour-music-fest-2024\/\",\"url\":\"https:\/\/www.tourmusicfest.com\/es\/news\/dia-6-otro-dia-extraordinario-de-musica-y-aprendizaje-en-el-tour-music-fest-2024\/\",\"name\":\"D\u00cdA 6: Otro d\u00eda extraordinario de m\u00fasica y aprendizaje en el Tour Music Fest 2024 - ES - Tour Music Fest\",\"isPartOf\":{\"@id\":\"https:\/\/www.tourmusicfest.com\/es\/#website\"},\"primaryImageOfPage\":{\"@id\":\"https:\/\/www.tourmusicfest.com\/es\/news\/dia-6-otro-dia-extraordinario-de-musica-y-aprendizaje-en-el-tour-music-fest-2024\/#primaryimage\"},\"image\":{\"@id\":\"https:\/\/www.tourmusicfest.com\/es\/news\/dia-6-otro-dia-extraordinario-de-musica-y-aprendizaje-en-el-tour-music-fest-2024\/#primaryimage\"},\"thumbnailUrl\":\"https:\/\/www.tourmusicfest.com\/es\/files\/2024\/11\/blo_recap_new_day6.jpg\",\"datePublished\":\"2024-11-30T10:38:10+00:00\",\"dateModified\":\"2024-11-30T18:39:36+00:00\",\"breadcrumb\":{\"@id\":\"https:\/\/www.tourmusicfest.com\/es\/news\/dia-6-otro-dia-extraordinario-de-musica-y-aprendizaje-en-el-tour-music-fest-2024\/#breadcrumb\"},\"inLanguage\":\"es\",\"potentialAction\":[{\"@type\":\"ReadAction\",\"target\":[\"https:\/\/www.tourmusicfest.com\/es\/news\/dia-6-otro-dia-extraordinario-de-musica-y-aprendizaje-en-el-tour-music-fest-2024\/\"]}]},{\"@type\":\"ImageObject\",\"inLanguage\":\"es\",\"@id\":\"https:\/\/www.tourmusicfest.com\/es\/news\/dia-6-otro-dia-extraordinario-de-musica-y-aprendizaje-en-el-tour-music-fest-2024\/#primaryimage\",\"url\":\"https:\/\/www.tourmusicfest.com\/es\/files\/2024\/11\/blo_recap_new_day6.jpg\",\"contentUrl\":\"https:\/\/www.tourmusicfest.com\/es\/files\/2024\/11\/blo_recap_new_day6.jpg\",\"width\":1920,\"height\":1080},{\"@type\":\"BreadcrumbList\",\"@id\":\"https:\/\/www.tourmusicfest.com\/es\/news\/dia-6-otro-dia-extraordinario-de-musica-y-aprendizaje-en-el-tour-music-fest-2024\/#breadcrumb\",\"itemListElement\":[{\"@type\":\"ListItem\",\"position\":1,\"name\":\"Home\",\"item\":\"https:\/\/www.tourmusicfest.com\/es\/\"},{\"@type\":\"ListItem\",\"position\":2,\"name\":\"D\u00cdA 6: Otro d\u00eda extraordinario de m\u00fasica y aprendizaje en el Tour Music Fest 2024\"}]},{\"@type\":\"WebSite\",\"@id\":\"https:\/\/www.tourmusicfest.com\/es\/#website\",\"url\":\"https:\/\/www.tourmusicfest.com\/es\/\",\"name\":\"Tour Music Fest - ES\",\"description\":\"The European Music Contest\",\"publisher\":{\"@id\":\"https:\/\/www.tourmusicfest.com\/es\/#organization\"},\"potentialAction\":[{\"@type\":\"SearchAction\",\"target\":{\"@type\":\"EntryPoint\",\"urlTemplate\":\"https:\/\/www.tourmusicfest.com\/es\/?s={search_term_string}\"},\"query-input\":{\"@type\":\"PropertyValueSpecification\",\"valueRequired\":true,\"valueName\":\"search_term_string\"}}],\"inLanguage\":\"es\"},{\"@type\":\"Organization\",\"@id\":\"https:\/\/www.tourmusicfest.com\/es\/#organization\",\"name\":\"ES - Tour Music Fest\",\"url\":\"https:\/\/www.tourmusicfest.com\/es\/\",\"logo\":{\"@type\":\"ImageObject\",\"inLanguage\":\"es\",\"@id\":\"https:\/\/www.tourmusicfest.com\/es\/#\/schema\/logo\/image\/\",\"url\":\"https:\/\/www.tourmusicfest.com\/es\/files\/2024\/04\/Brand-TMF-grey.png\",\"contentUrl\":\"https:\/\/www.tourmusicfest.com\/es\/files\/2024\/04\/Brand-TMF-grey.png\",\"width\":1181,\"height\":875,\"caption\":\"ES - Tour Music Fest\"},\"image\":{\"@id\":\"https:\/\/www.tourmusicfest.com\/es\/#\/schema\/logo\/image\/\"},\"sameAs\":[\"https:\/\/facebook.com\/tourmusicfest\",\"https:\/\/instagram.com\/tourmusicfest\"]},{\"@type\":\"Person\",\"@id\":\"https:\/\/www.tourmusicfest.com\/es\/#\/schema\/person\/390d861689d02485bce7bf22b19bfe79\",\"name\":\"tmfeuropa17\",\"image\":{\"@type\":\"ImageObject\",\"inLanguage\":\"es\",\"@id\":\"https:\/\/www.tourmusicfest.com\/es\/#\/schema\/person\/image\/\",\"url\":\"https:\/\/secure.gravatar.com\/avatar\/2b5fc8be00f182d9a3134943aeed9d38e7bcb4a9b63a07ad32e9141daebd39dd?s=96&d=mm&r=g\",\"contentUrl\":\"https:\/\/secure.gravatar.com\/avatar\/2b5fc8be00f182d9a3134943aeed9d38e7bcb4a9b63a07ad32e9141daebd39dd?s=96&d=mm&r=g\",\"caption\":\"tmfeuropa17\"},\"url\":\"https:\/\/www.tourmusicfest.com\/es\/author\/tmfeuropa17\/\"}]}<\/script>\n<!-- \/ Yoast SEO plugin. -->","yoast_head_json":{"title":"D\u00cdA 6: Otro d\u00eda extraordinario de m\u00fasica y aprendizaje en el Tour Music Fest 2024 - ES - Tour Music Fest","robots":{"index":"index","follow":"follow","max-snippet":"max-snippet:-1","max-image-preview":"max-image-preview:large","max-video-preview":"max-video-preview:-1"},"canonical":"https:\/\/www.tourmusicfest.com\/es\/news\/dia-6-otro-dia-extraordinario-de-musica-y-aprendizaje-en-el-tour-music-fest-2024\/","og_locale":"es_ES","og_type":"article","og_title":"D\u00cdA 6: Otro d\u00eda extraordinario de m\u00fasica y aprendizaje en el Tour Music Fest 2024 - ES - Tour Music Fest","og_description":"D\u00cdA 6: Otro d\u00eda extraordinario de m\u00fasica y aprendizaje en el Tour Music Fest 2024 El D\u00eda 6 de las finales del Tour Music Fest 2024 trajo una avalancha de emociones y actuaciones memorables. Con una serie de eventos que mostraron talento de toda Europa, el TMF sigue demostrando por qu\u00e9 es el concurso musical [&hellip;]","og_url":"https:\/\/www.tourmusicfest.com\/es\/news\/dia-6-otro-dia-extraordinario-de-musica-y-aprendizaje-en-el-tour-music-fest-2024\/","og_site_name":"ES - Tour Music Fest","article_publisher":"https:\/\/facebook.com\/tourmusicfest","article_published_time":"2024-11-30T10:38:10+00:00","article_modified_time":"2024-11-30T18:39:36+00:00","og_image":[{"width":1920,"height":1080,"url":"https:\/\/www.tourmusicfest.com\/es\/files\/2024\/11\/blo_recap_new_day6.jpg","type":"image\/jpeg"}],"author":"tmfeuropa17","twitter_card":"summary_large_image","twitter_misc":{"Escrito por":"tmfeuropa17","Tiempo de lectura":"3 minutos"},"schema":{"@context":"https:\/\/schema.org","@graph":[{"@type":"Article","@id":"https:\/\/www.tourmusicfest.com\/es\/news\/dia-6-otro-dia-extraordinario-de-musica-y-aprendizaje-en-el-tour-music-fest-2024\/#article","isPartOf":{"@id":"https:\/\/www.tourmusicfest.com\/es\/news\/dia-6-otro-dia-extraordinario-de-musica-y-aprendizaje-en-el-tour-music-fest-2024\/"},"author":{"name":"tmfeuropa17","@id":"https:\/\/www.tourmusicfest.com\/es\/#\/schema\/person\/390d861689d02485bce7bf22b19bfe79"},"headline":"D\u00cdA 6: Otro d\u00eda extraordinario de m\u00fasica y aprendizaje en el Tour Music Fest 2024","datePublished":"2024-11-30T10:38:10+00:00","dateModified":"2024-11-30T18:39:36+00:00","mainEntityOfPage":{"@id":"https:\/\/www.tourmusicfest.com\/es\/news\/dia-6-otro-dia-extraordinario-de-musica-y-aprendizaje-en-el-tour-music-fest-2024\/"},"wordCount":421,"publisher":{"@id":"https:\/\/www.tourmusicfest.com\/es\/#organization"},"image":{"@id":"https:\/\/www.tourmusicfest.com\/es\/news\/dia-6-otro-dia-extraordinario-de-musica-y-aprendizaje-en-el-tour-music-fest-2024\/#primaryimage"},"thumbnailUrl":"https:\/\/www.tourmusicfest.com\/es\/files\/2024\/11\/blo_recap_new_day6.jpg","articleSection":["News"],"inLanguage":"es"},{"@type":"WebPage","@id":"https:\/\/www.tourmusicfest.com\/es\/news\/dia-6-otro-dia-extraordinario-de-musica-y-aprendizaje-en-el-tour-music-fest-2024\/","url":"https:\/\/www.tourmusicfest.com\/es\/news\/dia-6-otro-dia-extraordinario-de-musica-y-aprendizaje-en-el-tour-music-fest-2024\/","name":"D\u00cdA 6: Otro d\u00eda extraordinario de m\u00fasica y aprendizaje en el Tour Music Fest 2024 - ES - Tour Music Fest","isPartOf":{"@id":"https:\/\/www.tourmusicfest.com\/es\/#website"},"primaryImageOfPage":{"@id":"https:\/\/www.tourmusicfest.com\/es\/news\/dia-6-otro-dia-extraordinario-de-musica-y-aprendizaje-en-el-tour-music-fest-2024\/#primaryimage"},"image":{"@id":"https:\/\/www.tourmusicfest.com\/es\/news\/dia-6-otro-dia-extraordinario-de-musica-y-aprendizaje-en-el-tour-music-fest-2024\/#primaryimage"},"thumbnailUrl":"https:\/\/www.tourmusicfest.com\/es\/files\/2024\/11\/blo_recap_new_day6.jpg","datePublished":"2024-11-30T10:38:10+00:00","dateModified":"2024-11-30T18:39:36+00:00","breadcrumb":{"@id":"https:\/\/www.tourmusicfest.com\/es\/news\/dia-6-otro-dia-extraordinario-de-musica-y-aprendizaje-en-el-tour-music-fest-2024\/#breadcrumb"},"inLanguage":"es","potentialAction":[{"@type":"ReadAction","target":["https:\/\/www.tourmusicfest.com\/es\/news\/dia-6-otro-dia-extraordinario-de-musica-y-aprendizaje-en-el-tour-music-fest-2024\/"]}]},{"@type":"ImageObject","inLanguage":"es","@id":"https:\/\/www.tourmusicfest.com\/es\/news\/dia-6-otro-dia-extraordinario-de-musica-y-aprendizaje-en-el-tour-music-fest-2024\/#primaryimage","url":"https:\/\/www.tourmusicfest.com\/es\/files\/2024\/11\/blo_recap_new_day6.jpg","contentUrl":"https:\/\/www.tourmusicfest.com\/es\/files\/2024\/11\/blo_recap_new_day6.jpg","width":1920,"height":1080},{"@type":"BreadcrumbList","@id":"https:\/\/www.tourmusicfest.com\/es\/news\/dia-6-otro-dia-extraordinario-de-musica-y-aprendizaje-en-el-tour-music-fest-2024\/#breadcrumb","itemListElement":[{"@type":"ListItem","position":1,"name":"Home","item":"https:\/\/www.tourmusicfest.com\/es\/"},{"@type":"ListItem","position":2,"name":"D\u00cdA 6: Otro d\u00eda extraordinario de m\u00fasica y aprendizaje en el Tour Music Fest 2024"}]},{"@type":"WebSite","@id":"https:\/\/www.tourmusicfest.com\/es\/#website","url":"https:\/\/www.tourmusicfest.com\/es\/","name":"Tour Music Fest - ES","description":"The European Music Contest","publisher":{"@id":"https:\/\/www.tourmusicfest.com\/es\/#organization"},"potentialAction":[{"@type":"SearchAction","target":{"@type":"EntryPoint","urlTemplate":"https:\/\/www.tourmusicfest.com\/es\/?s={search_term_string}"},"query-input":{"@type":"PropertyValueSpecification","valueRequired":true,"valueName":"search_term_string"}}],"inLanguage":"es"},{"@type":"Organization","@id":"https:\/\/www.tourmusicfest.com\/es\/#organization","name":"ES - Tour Music Fest","url":"https:\/\/www.tourmusicfest.com\/es\/","logo":{"@type":"ImageObject","inLanguage":"es","@id":"https:\/\/www.tourmusicfest.com\/es\/#\/schema\/logo\/image\/","url":"https:\/\/www.tourmusicfest.com\/es\/files\/2024\/04\/Brand-TMF-grey.png","contentUrl":"https:\/\/www.tourmusicfest.com\/es\/files\/2024\/04\/Brand-TMF-grey.png","width":1181,"height":875,"caption":"ES - Tour Music Fest"},"image":{"@id":"https:\/\/www.tourmusicfest.com\/es\/#\/schema\/logo\/image\/"},"sameAs":["https:\/\/facebook.com\/tourmusicfest","https:\/\/instagram.com\/tourmusicfest"]},{"@type":"Person","@id":"https:\/\/www.tourmusicfest.com\/es\/#\/schema\/person\/390d861689d02485bce7bf22b19bfe79","name":"tmfeuropa17","image":{"@type":"ImageObject","inLanguage":"es","@id":"https:\/\/www.tourmusicfest.com\/es\/#\/schema\/person\/image\/","url":"https:\/\/secure.gravatar.com\/avatar\/2b5fc8be00f182d9a3134943aeed9d38e7bcb4a9b63a07ad32e9141daebd39dd?s=96&d=mm&r=g","contentUrl":"https:\/\/secure.gravatar.com\/avatar\/2b5fc8be00f182d9a3134943aeed9d38e7bcb4a9b63a07ad32e9141daebd39dd?s=96&d=mm&r=g","caption":"tmfeuropa17"},"url":"https:\/\/www.tourmusicfest.com\/es\/author\/tmfeuropa17\/"}]}},"_links":{"self":[{"href":"https:\/\/www.tourmusicfest.com\/es\/wp-json\/wp\/v2\/posts\/3348","targetHints":{"allow":["GET"]}}],"collection":[{"href":"https:\/\/www.tourmusicfest.com\/es\/wp-json\/wp\/v2\/posts"}],"about":[{"href":"https:\/\/www.tourmusicfest.com\/es\/wp-json\/wp\/v2\/types\/post"}],"author":[{"embeddable":true,"href":"https:\/\/www.tourmusicfest.com\/es\/wp-json\/wp\/v2\/users\/3"}],"replies":[{"embeddable":true,"href":"https:\/\/www.tourmusicfest.com\/es\/wp-json\/wp\/v2\/comments?post=3348"}],"version-history":[{"count":4,"href":"https:\/\/www.tourmusicfest.com\/es\/wp-json\/wp\/v2\/posts\/3348\/revisions"}],"predecessor-version":[{"id":3370,"href":"https:\/\/www.tourmusicfest.com\/es\/wp-json\/wp\/v2\/posts\/3348\/revisions\/3370"}],"wp:featuredmedia":[{"embeddable":true,"href":"https:\/\/www.tourmusicfest.com\/es\/wp-json\/wp\/v2\/media\/3349"}],"wp:attachment":[{"href":"https:\/\/www.tourmusicfest.com\/es\/wp-json\/wp\/v2\/media?parent=3348"}],"wp:term":[{"taxonomy":"category","embeddable":true,"href":"https:\/\/www.tourmusicfest.com\/es\/wp-json\/wp\/v2\/categories?post=3348"},{"taxonomy":"post_tag","embeddable":true,"href":"https:\/\/www.tourmusicfest.com\/es\/wp-json\/wp\/v2\/tags?post=3348"}],"curies":[{"name":"wp","href":"https:\/\/api.w.org\/{rel}","templated":true}]}}