{"id":3345,"date":"2024-11-29T10:41:15","date_gmt":"2024-11-29T10:41:15","guid":{"rendered":"https:\/\/www.tourmusicfest.com\/es\/?p=3345"},"modified":"2024-11-29T12:09:54","modified_gmt":"2024-11-29T12:09:54","slug":"dia-5-un-dia-de-emociones-y-talento-en-las-finales-del-tour-music-fest-2024","status":"publish","type":"post","link":"https:\/\/www.tourmusicfest.com\/es\/news\/dia-5-un-dia-de-emociones-y-talento-en-las-finales-del-tour-music-fest-2024\/","title":{"rendered":"D\u00cdA 5: Un D\u00eda de Emociones y Talento en las Finales del Tour Music Fest 2024"},"content":{"rendered":"<h3><strong>D\u00cdA 5: Un D\u00eda de Emociones y Talento en las Finales del Tour Music Fest 2024<\/strong><\/h3>\n<p>El quinto d\u00eda de las finales del Tour Music Fest 2024 fue una celebraci\u00f3n del talento vocal, el crecimiento art\u00edstico y momentos inspiradores. San Marino se confirm\u00f3 nuevamente como el epicentro de la m\u00fasica emergente europea, ofreciendo un programa lleno de actuaciones, masterclasses y creatividad.<\/p>\n<h4><strong>Masterclasses: Aprendiendo de los Mejores<\/strong><\/h4>\n<p>El d\u00eda comenz\u00f3 con una masterclass de <strong>Francesca Pignatelli<\/strong>, enfocada en <strong>&#8220;T\u00e9cnicas de Calentamiento Vocal&#8221;<\/strong>, con ejercicios pr\u00e1cticos para preparar la voz de la mejor manera. Por la tarde, <strong>Andrea Rodini<\/strong> lider\u00f3 un encuentro art\u00edstico, compartiendo valiosos consejos sobre c\u00f3mo construir una identidad musical \u00fanica.<\/p>\n<p>M\u00e1s tarde, <strong>Fabrizio Galassi<\/strong> imparti\u00f3 una sesi\u00f3n clave sobre <strong>&#8220;Marketing y Comunicaci\u00f3n para M\u00fasicos&#8221;<\/strong>, equipando a los participantes con herramientas esenciales para navegar en la industria musical actual. El d\u00eda concluy\u00f3 con la masterclass de <strong>Gabriele Giorgi<\/strong>, <strong>&#8220;Presencia Esc\u00e9nica&#8221;<\/strong>, guiando a los asistentes sobre c\u00f3mo cautivar al p\u00fablico con confianza y carisma.<\/p>\n<h4><strong>Competiciones: Talento Sin Edad<\/strong><\/h4>\n<p>Las competiciones del d\u00eda presentaron las mejores voces de todas las generaciones, ofreciendo momentos inolvidables:<\/p>\n<ul>\n<li><strong>Singer Songwriter Awards \u2013 Final Nacional Italia<\/strong>: Interpretaciones originales y conmovedoras que emocionaron al p\u00fablico.<\/li>\n<li><strong>Senior Singer Competition<\/strong>: Voces experimentadas demostrando todo su talento y maestr\u00eda.<\/li>\n<li><strong>Junior Singer Awards \u2013 Final Nacional<\/strong>: J\u00f3venes talentos que impresionaron con su energ\u00eda y pasi\u00f3n.<\/li>\n<li><strong>Rap Contest \u2013 Final Nacional Italia, Ronda 2<\/strong>: Actuaciones llenas de energ\u00eda que elevaron el rap italiano a un nuevo nivel.<\/li>\n<\/ul>\n<h4><strong>Ganadores Anunciados<\/strong><\/h4>\n<p>El d\u00eda termin\u00f3 con el tan esperado anuncio de los ganadores de las categor\u00edas principales:<\/p>\n<p><strong>Cantautores que avanzan a la Final Europea:<\/strong><\/p>\n<ul>\n<li>Zoe Tedeschi<\/li>\n<li>BLUESY<\/li>\n<li>FAMA<\/li>\n<li>Maria Pia Pizzolla<\/li>\n<li>Fylomena<\/li>\n<li>Labes<\/li>\n<\/ul>\n<p><strong>Cantantes Junior que avanzan a la segunda ronda:<\/strong><\/p>\n<ul>\n<li>Martina Cervellin<\/li>\n<li>Emma e Giulia<\/li>\n<li>Ambra<\/li>\n<li>Carolina Galassi<\/li>\n<li>JACK B<\/li>\n<li>Sofia Ellero<\/li>\n<li>Alice<\/li>\n<li>Soraja<\/li>\n<\/ul>\n<p><strong>Finalistas de rap que avanzan a la Final Europea:<\/strong><\/p>\n<ul>\n<li>La Mn\u00f2r<\/li>\n<li>Personal<\/li>\n<li>LAME<\/li>\n<li>Bozza<\/li>\n<\/ul>\n<p><strong>Finalista de Senior Singer Awards que avanza a la Gran Final:<\/strong><\/p>\n<ul>\n<li>William Mangion Mascoli<\/li>\n<\/ul>\n<h4><strong>Un D\u00eda para Recordar<\/strong><\/h4>\n<p>El D\u00eda 5 fue un ejemplo perfecto de c\u00f3mo el Tour Music Fest celebra la m\u00fasica, eleva a los talentos emergentes y brinda una oportunidad \u00fanica de crecimiento y colaboraci\u00f3n. \u00a1Las emociones estuvieron al m\u00e1ximo y la expectativa para los pr\u00f3ximos d\u00edas est\u00e1 en su punto m\u00e1s alto!<\/p>\n<h4><strong>Mantente Actualizado<\/strong><\/h4>\n<p>Consulta el programa completo de eventos en <a href=\"https:\/\/festival.tourmusicfest.it\" target=\"_new\" rel=\"noopener\">festival.tourmusicfest.it<\/a> y sigue viviendo la experiencia TMF.<\/p>\n","protected":false},"excerpt":{"rendered":"<p>D\u00cdA 5: Un D\u00eda de Emociones y Talento en las Finales del Tour Music Fest 2024 El quinto d\u00eda de las finales del Tour Music Fest 2024 fue una celebraci\u00f3n del talento vocal, el crecimiento art\u00edstico y momentos inspiradores. San Marino se confirm\u00f3 nuevamente como el epicentro de la m\u00fasica emergente europea, ofreciendo un programa [&hellip;]<\/p>\n","protected":false},"author":3,"featured_media":3346,"comment_status":"closed","ping_status":"closed","sticky":false,"template":"","format":"standard","meta":{"_acf_changed":false,"footnotes":""},"categories":[4],"tags":[],"class_list":["post-3345","post","type-post","status-publish","format-standard","has-post-thumbnail","hentry","category-news"],"acf":[],"yoast_head":"<!-- This site is optimized with the Yoast SEO plugin v26.7 - https:\/\/yoast.com\/wordpress\/plugins\/seo\/ -->\n<title>D\u00cdA 5: Un D\u00eda de Emociones y Talento en las Finales del Tour Music Fest 2024 - ES - Tour Music Fest<\/title>\n<meta name=\"robots\" content=\"index, follow, max-snippet:-1, max-image-preview:large, max-video-preview:-1\" \/>\n<link rel=\"canonical\" href=\"https:\/\/www.tourmusicfest.com\/es\/news\/dia-5-un-dia-de-emociones-y-talento-en-las-finales-del-tour-music-fest-2024\/\" \/>\n<meta property=\"og:locale\" content=\"es_ES\" \/>\n<meta property=\"og:type\" content=\"article\" \/>\n<meta property=\"og:title\" content=\"D\u00cdA 5: Un D\u00eda de Emociones y Talento en las Finales del Tour Music Fest 2024 - ES - Tour Music Fest\" \/>\n<meta property=\"og:description\" content=\"D\u00cdA 5: Un D\u00eda de Emociones y Talento en las Finales del Tour Music Fest 2024 El quinto d\u00eda de las finales del Tour Music Fest 2024 fue una celebraci\u00f3n del talento vocal, el crecimiento art\u00edstico y momentos inspiradores. San Marino se confirm\u00f3 nuevamente como el epicentro de la m\u00fasica emergente europea, ofreciendo un programa [&hellip;]\" \/>\n<meta property=\"og:url\" content=\"https:\/\/www.tourmusicfest.com\/es\/news\/dia-5-un-dia-de-emociones-y-talento-en-las-finales-del-tour-music-fest-2024\/\" \/>\n<meta property=\"og:site_name\" content=\"ES - Tour Music Fest\" \/>\n<meta property=\"article:publisher\" content=\"https:\/\/facebook.com\/tourmusicfest\" \/>\n<meta property=\"article:published_time\" content=\"2024-11-29T10:41:15+00:00\" \/>\n<meta property=\"article:modified_time\" content=\"2024-11-29T12:09:54+00:00\" \/>\n<meta property=\"og:image\" content=\"https:\/\/www.tourmusicfest.com\/es\/files\/2024\/11\/blo_recap_new_day5.jpg\" \/>\n\t<meta property=\"og:image:width\" content=\"1920\" \/>\n\t<meta property=\"og:image:height\" content=\"1080\" \/>\n\t<meta property=\"og:image:type\" content=\"image\/jpeg\" \/>\n<meta name=\"author\" content=\"tmfeuropa17\" \/>\n<meta name=\"twitter:card\" content=\"summary_large_image\" \/>\n<meta name=\"twitter:label1\" content=\"Escrito por\" \/>\n\t<meta name=\"twitter:data1\" content=\"tmfeuropa17\" \/>\n\t<meta name=\"twitter:label2\" content=\"Tiempo de lectura\" \/>\n\t<meta name=\"twitter:data2\" content=\"3 minutos\" \/>\n<script type=\"application\/ld+json\" class=\"yoast-schema-graph\">{\"@context\":\"https:\/\/schema.org\",\"@graph\":[{\"@type\":\"Article\",\"@id\":\"https:\/\/www.tourmusicfest.com\/es\/news\/dia-5-un-dia-de-emociones-y-talento-en-las-finales-del-tour-music-fest-2024\/#article\",\"isPartOf\":{\"@id\":\"https:\/\/www.tourmusicfest.com\/es\/news\/dia-5-un-dia-de-emociones-y-talento-en-las-finales-del-tour-music-fest-2024\/\"},\"author\":{\"name\":\"tmfeuropa17\",\"@id\":\"https:\/\/www.tourmusicfest.com\/es\/#\/schema\/person\/390d861689d02485bce7bf22b19bfe79\"},\"headline\":\"D\u00cdA 5: Un D\u00eda de Emociones y Talento en las Finales del Tour Music Fest 2024\",\"datePublished\":\"2024-11-29T10:41:15+00:00\",\"dateModified\":\"2024-11-29T12:09:54+00:00\",\"mainEntityOfPage\":{\"@id\":\"https:\/\/www.tourmusicfest.com\/es\/news\/dia-5-un-dia-de-emociones-y-talento-en-las-finales-del-tour-music-fest-2024\/\"},\"wordCount\":443,\"publisher\":{\"@id\":\"https:\/\/www.tourmusicfest.com\/es\/#organization\"},\"image\":{\"@id\":\"https:\/\/www.tourmusicfest.com\/es\/news\/dia-5-un-dia-de-emociones-y-talento-en-las-finales-del-tour-music-fest-2024\/#primaryimage\"},\"thumbnailUrl\":\"https:\/\/www.tourmusicfest.com\/es\/files\/2024\/11\/blo_recap_new_day5.jpg\",\"articleSection\":[\"News\"],\"inLanguage\":\"es\"},{\"@type\":\"WebPage\",\"@id\":\"https:\/\/www.tourmusicfest.com\/es\/news\/dia-5-un-dia-de-emociones-y-talento-en-las-finales-del-tour-music-fest-2024\/\",\"url\":\"https:\/\/www.tourmusicfest.com\/es\/news\/dia-5-un-dia-de-emociones-y-talento-en-las-finales-del-tour-music-fest-2024\/\",\"name\":\"D\u00cdA 5: Un D\u00eda de Emociones y Talento en las Finales del Tour Music Fest 2024 - ES - Tour Music Fest\",\"isPartOf\":{\"@id\":\"https:\/\/www.tourmusicfest.com\/es\/#website\"},\"primaryImageOfPage\":{\"@id\":\"https:\/\/www.tourmusicfest.com\/es\/news\/dia-5-un-dia-de-emociones-y-talento-en-las-finales-del-tour-music-fest-2024\/#primaryimage\"},\"image\":{\"@id\":\"https:\/\/www.tourmusicfest.com\/es\/news\/dia-5-un-dia-de-emociones-y-talento-en-las-finales-del-tour-music-fest-2024\/#primaryimage\"},\"thumbnailUrl\":\"https:\/\/www.tourmusicfest.com\/es\/files\/2024\/11\/blo_recap_new_day5.jpg\",\"datePublished\":\"2024-11-29T10:41:15+00:00\",\"dateModified\":\"2024-11-29T12:09:54+00:00\",\"breadcrumb\":{\"@id\":\"https:\/\/www.tourmusicfest.com\/es\/news\/dia-5-un-dia-de-emociones-y-talento-en-las-finales-del-tour-music-fest-2024\/#breadcrumb\"},\"inLanguage\":\"es\",\"potentialAction\":[{\"@type\":\"ReadAction\",\"target\":[\"https:\/\/www.tourmusicfest.com\/es\/news\/dia-5-un-dia-de-emociones-y-talento-en-las-finales-del-tour-music-fest-2024\/\"]}]},{\"@type\":\"ImageObject\",\"inLanguage\":\"es\",\"@id\":\"https:\/\/www.tourmusicfest.com\/es\/news\/dia-5-un-dia-de-emociones-y-talento-en-las-finales-del-tour-music-fest-2024\/#primaryimage\",\"url\":\"https:\/\/www.tourmusicfest.com\/es\/files\/2024\/11\/blo_recap_new_day5.jpg\",\"contentUrl\":\"https:\/\/www.tourmusicfest.com\/es\/files\/2024\/11\/blo_recap_new_day5.jpg\",\"width\":1920,\"height\":1080},{\"@type\":\"BreadcrumbList\",\"@id\":\"https:\/\/www.tourmusicfest.com\/es\/news\/dia-5-un-dia-de-emociones-y-talento-en-las-finales-del-tour-music-fest-2024\/#breadcrumb\",\"itemListElement\":[{\"@type\":\"ListItem\",\"position\":1,\"name\":\"Home\",\"item\":\"https:\/\/www.tourmusicfest.com\/es\/\"},{\"@type\":\"ListItem\",\"position\":2,\"name\":\"D\u00cdA 5: Un D\u00eda de Emociones y Talento en las Finales del Tour Music Fest 2024\"}]},{\"@type\":\"WebSite\",\"@id\":\"https:\/\/www.tourmusicfest.com\/es\/#website\",\"url\":\"https:\/\/www.tourmusicfest.com\/es\/\",\"name\":\"Tour Music Fest - ES\",\"description\":\"The European Music Contest\",\"publisher\":{\"@id\":\"https:\/\/www.tourmusicfest.com\/es\/#organization\"},\"potentialAction\":[{\"@type\":\"SearchAction\",\"target\":{\"@type\":\"EntryPoint\",\"urlTemplate\":\"https:\/\/www.tourmusicfest.com\/es\/?s={search_term_string}\"},\"query-input\":{\"@type\":\"PropertyValueSpecification\",\"valueRequired\":true,\"valueName\":\"search_term_string\"}}],\"inLanguage\":\"es\"},{\"@type\":\"Organization\",\"@id\":\"https:\/\/www.tourmusicfest.com\/es\/#organization\",\"name\":\"ES - Tour Music Fest\",\"url\":\"https:\/\/www.tourmusicfest.com\/es\/\",\"logo\":{\"@type\":\"ImageObject\",\"inLanguage\":\"es\",\"@id\":\"https:\/\/www.tourmusicfest.com\/es\/#\/schema\/logo\/image\/\",\"url\":\"https:\/\/www.tourmusicfest.com\/es\/files\/2024\/04\/Brand-TMF-grey.png\",\"contentUrl\":\"https:\/\/www.tourmusicfest.com\/es\/files\/2024\/04\/Brand-TMF-grey.png\",\"width\":1181,\"height\":875,\"caption\":\"ES - Tour Music Fest\"},\"image\":{\"@id\":\"https:\/\/www.tourmusicfest.com\/es\/#\/schema\/logo\/image\/\"},\"sameAs\":[\"https:\/\/facebook.com\/tourmusicfest\",\"https:\/\/instagram.com\/tourmusicfest\"]},{\"@type\":\"Person\",\"@id\":\"https:\/\/www.tourmusicfest.com\/es\/#\/schema\/person\/390d861689d02485bce7bf22b19bfe79\",\"name\":\"tmfeuropa17\",\"image\":{\"@type\":\"ImageObject\",\"inLanguage\":\"es\",\"@id\":\"https:\/\/www.tourmusicfest.com\/es\/#\/schema\/person\/image\/\",\"url\":\"https:\/\/secure.gravatar.com\/avatar\/2b5fc8be00f182d9a3134943aeed9d38e7bcb4a9b63a07ad32e9141daebd39dd?s=96&d=mm&r=g\",\"contentUrl\":\"https:\/\/secure.gravatar.com\/avatar\/2b5fc8be00f182d9a3134943aeed9d38e7bcb4a9b63a07ad32e9141daebd39dd?s=96&d=mm&r=g\",\"caption\":\"tmfeuropa17\"},\"url\":\"https:\/\/www.tourmusicfest.com\/es\/author\/tmfeuropa17\/\"}]}<\/script>\n<!-- \/ Yoast SEO plugin. -->","yoast_head_json":{"title":"D\u00cdA 5: Un D\u00eda de Emociones y Talento en las Finales del Tour Music Fest 2024 - ES - Tour Music Fest","robots":{"index":"index","follow":"follow","max-snippet":"max-snippet:-1","max-image-preview":"max-image-preview:large","max-video-preview":"max-video-preview:-1"},"canonical":"https:\/\/www.tourmusicfest.com\/es\/news\/dia-5-un-dia-de-emociones-y-talento-en-las-finales-del-tour-music-fest-2024\/","og_locale":"es_ES","og_type":"article","og_title":"D\u00cdA 5: Un D\u00eda de Emociones y Talento en las Finales del Tour Music Fest 2024 - ES - Tour Music Fest","og_description":"D\u00cdA 5: Un D\u00eda de Emociones y Talento en las Finales del Tour Music Fest 2024 El quinto d\u00eda de las finales del Tour Music Fest 2024 fue una celebraci\u00f3n del talento vocal, el crecimiento art\u00edstico y momentos inspiradores. San Marino se confirm\u00f3 nuevamente como el epicentro de la m\u00fasica emergente europea, ofreciendo un programa [&hellip;]","og_url":"https:\/\/www.tourmusicfest.com\/es\/news\/dia-5-un-dia-de-emociones-y-talento-en-las-finales-del-tour-music-fest-2024\/","og_site_name":"ES - Tour Music Fest","article_publisher":"https:\/\/facebook.com\/tourmusicfest","article_published_time":"2024-11-29T10:41:15+00:00","article_modified_time":"2024-11-29T12:09:54+00:00","og_image":[{"width":1920,"height":1080,"url":"https:\/\/www.tourmusicfest.com\/es\/files\/2024\/11\/blo_recap_new_day5.jpg","type":"image\/jpeg"}],"author":"tmfeuropa17","twitter_card":"summary_large_image","twitter_misc":{"Escrito por":"tmfeuropa17","Tiempo de lectura":"3 minutos"},"schema":{"@context":"https:\/\/schema.org","@graph":[{"@type":"Article","@id":"https:\/\/www.tourmusicfest.com\/es\/news\/dia-5-un-dia-de-emociones-y-talento-en-las-finales-del-tour-music-fest-2024\/#article","isPartOf":{"@id":"https:\/\/www.tourmusicfest.com\/es\/news\/dia-5-un-dia-de-emociones-y-talento-en-las-finales-del-tour-music-fest-2024\/"},"author":{"name":"tmfeuropa17","@id":"https:\/\/www.tourmusicfest.com\/es\/#\/schema\/person\/390d861689d02485bce7bf22b19bfe79"},"headline":"D\u00cdA 5: Un D\u00eda de Emociones y Talento en las Finales del Tour Music Fest 2024","datePublished":"2024-11-29T10:41:15+00:00","dateModified":"2024-11-29T12:09:54+00:00","mainEntityOfPage":{"@id":"https:\/\/www.tourmusicfest.com\/es\/news\/dia-5-un-dia-de-emociones-y-talento-en-las-finales-del-tour-music-fest-2024\/"},"wordCount":443,"publisher":{"@id":"https:\/\/www.tourmusicfest.com\/es\/#organization"},"image":{"@id":"https:\/\/www.tourmusicfest.com\/es\/news\/dia-5-un-dia-de-emociones-y-talento-en-las-finales-del-tour-music-fest-2024\/#primaryimage"},"thumbnailUrl":"https:\/\/www.tourmusicfest.com\/es\/files\/2024\/11\/blo_recap_new_day5.jpg","articleSection":["News"],"inLanguage":"es"},{"@type":"WebPage","@id":"https:\/\/www.tourmusicfest.com\/es\/news\/dia-5-un-dia-de-emociones-y-talento-en-las-finales-del-tour-music-fest-2024\/","url":"https:\/\/www.tourmusicfest.com\/es\/news\/dia-5-un-dia-de-emociones-y-talento-en-las-finales-del-tour-music-fest-2024\/","name":"D\u00cdA 5: Un D\u00eda de Emociones y Talento en las Finales del Tour Music Fest 2024 - ES - Tour Music Fest","isPartOf":{"@id":"https:\/\/www.tourmusicfest.com\/es\/#website"},"primaryImageOfPage":{"@id":"https:\/\/www.tourmusicfest.com\/es\/news\/dia-5-un-dia-de-emociones-y-talento-en-las-finales-del-tour-music-fest-2024\/#primaryimage"},"image":{"@id":"https:\/\/www.tourmusicfest.com\/es\/news\/dia-5-un-dia-de-emociones-y-talento-en-las-finales-del-tour-music-fest-2024\/#primaryimage"},"thumbnailUrl":"https:\/\/www.tourmusicfest.com\/es\/files\/2024\/11\/blo_recap_new_day5.jpg","datePublished":"2024-11-29T10:41:15+00:00","dateModified":"2024-11-29T12:09:54+00:00","breadcrumb":{"@id":"https:\/\/www.tourmusicfest.com\/es\/news\/dia-5-un-dia-de-emociones-y-talento-en-las-finales-del-tour-music-fest-2024\/#breadcrumb"},"inLanguage":"es","potentialAction":[{"@type":"ReadAction","target":["https:\/\/www.tourmusicfest.com\/es\/news\/dia-5-un-dia-de-emociones-y-talento-en-las-finales-del-tour-music-fest-2024\/"]}]},{"@type":"ImageObject","inLanguage":"es","@id":"https:\/\/www.tourmusicfest.com\/es\/news\/dia-5-un-dia-de-emociones-y-talento-en-las-finales-del-tour-music-fest-2024\/#primaryimage","url":"https:\/\/www.tourmusicfest.com\/es\/files\/2024\/11\/blo_recap_new_day5.jpg","contentUrl":"https:\/\/www.tourmusicfest.com\/es\/files\/2024\/11\/blo_recap_new_day5.jpg","width":1920,"height":1080},{"@type":"BreadcrumbList","@id":"https:\/\/www.tourmusicfest.com\/es\/news\/dia-5-un-dia-de-emociones-y-talento-en-las-finales-del-tour-music-fest-2024\/#breadcrumb","itemListElement":[{"@type":"ListItem","position":1,"name":"Home","item":"https:\/\/www.tourmusicfest.com\/es\/"},{"@type":"ListItem","position":2,"name":"D\u00cdA 5: Un D\u00eda de Emociones y Talento en las Finales del Tour Music Fest 2024"}]},{"@type":"WebSite","@id":"https:\/\/www.tourmusicfest.com\/es\/#website","url":"https:\/\/www.tourmusicfest.com\/es\/","name":"Tour Music Fest - ES","description":"The European Music Contest","publisher":{"@id":"https:\/\/www.tourmusicfest.com\/es\/#organization"},"potentialAction":[{"@type":"SearchAction","target":{"@type":"EntryPoint","urlTemplate":"https:\/\/www.tourmusicfest.com\/es\/?s={search_term_string}"},"query-input":{"@type":"PropertyValueSpecification","valueRequired":true,"valueName":"search_term_string"}}],"inLanguage":"es"},{"@type":"Organization","@id":"https:\/\/www.tourmusicfest.com\/es\/#organization","name":"ES - Tour Music Fest","url":"https:\/\/www.tourmusicfest.com\/es\/","logo":{"@type":"ImageObject","inLanguage":"es","@id":"https:\/\/www.tourmusicfest.com\/es\/#\/schema\/logo\/image\/","url":"https:\/\/www.tourmusicfest.com\/es\/files\/2024\/04\/Brand-TMF-grey.png","contentUrl":"https:\/\/www.tourmusicfest.com\/es\/files\/2024\/04\/Brand-TMF-grey.png","width":1181,"height":875,"caption":"ES - Tour Music Fest"},"image":{"@id":"https:\/\/www.tourmusicfest.com\/es\/#\/schema\/logo\/image\/"},"sameAs":["https:\/\/facebook.com\/tourmusicfest","https:\/\/instagram.com\/tourmusicfest"]},{"@type":"Person","@id":"https:\/\/www.tourmusicfest.com\/es\/#\/schema\/person\/390d861689d02485bce7bf22b19bfe79","name":"tmfeuropa17","image":{"@type":"ImageObject","inLanguage":"es","@id":"https:\/\/www.tourmusicfest.com\/es\/#\/schema\/person\/image\/","url":"https:\/\/secure.gravatar.com\/avatar\/2b5fc8be00f182d9a3134943aeed9d38e7bcb4a9b63a07ad32e9141daebd39dd?s=96&d=mm&r=g","contentUrl":"https:\/\/secure.gravatar.com\/avatar\/2b5fc8be00f182d9a3134943aeed9d38e7bcb4a9b63a07ad32e9141daebd39dd?s=96&d=mm&r=g","caption":"tmfeuropa17"},"url":"https:\/\/www.tourmusicfest.com\/es\/author\/tmfeuropa17\/"}]}},"_links":{"self":[{"href":"https:\/\/www.tourmusicfest.com\/es\/wp-json\/wp\/v2\/posts\/3345","targetHints":{"allow":["GET"]}}],"collection":[{"href":"https:\/\/www.tourmusicfest.com\/es\/wp-json\/wp\/v2\/posts"}],"about":[{"href":"https:\/\/www.tourmusicfest.com\/es\/wp-json\/wp\/v2\/types\/post"}],"author":[{"embeddable":true,"href":"https:\/\/www.tourmusicfest.com\/es\/wp-json\/wp\/v2\/users\/3"}],"replies":[{"embeddable":true,"href":"https:\/\/www.tourmusicfest.com\/es\/wp-json\/wp\/v2\/comments?post=3345"}],"version-history":[{"count":3,"href":"https:\/\/www.tourmusicfest.com\/es\/wp-json\/wp\/v2\/posts\/3345\/revisions"}],"predecessor-version":[{"id":3361,"href":"https:\/\/www.tourmusicfest.com\/es\/wp-json\/wp\/v2\/posts\/3345\/revisions\/3361"}],"wp:featuredmedia":[{"embeddable":true,"href":"https:\/\/www.tourmusicfest.com\/es\/wp-json\/wp\/v2\/media\/3346"}],"wp:attachment":[{"href":"https:\/\/www.tourmusicfest.com\/es\/wp-json\/wp\/v2\/media?parent=3345"}],"wp:term":[{"taxonomy":"category","embeddable":true,"href":"https:\/\/www.tourmusicfest.com\/es\/wp-json\/wp\/v2\/categories?post=3345"},{"taxonomy":"post_tag","embeddable":true,"href":"https:\/\/www.tourmusicfest.com\/es\/wp-json\/wp\/v2\/tags?post=3345"}],"curies":[{"name":"wp","href":"https:\/\/api.w.org\/{rel}","templated":true}]}}