{"id":3091,"date":"2024-07-09T10:08:39","date_gmt":"2024-07-09T09:08:39","guid":{"rendered":"https:\/\/www.tourmusicfest.com\/es\/?p=3091"},"modified":"2024-07-09T10:08:47","modified_gmt":"2024-07-09T09:08:47","slug":"inicio-del-tour-europeo-de-las-audiciones-en-vivo","status":"publish","type":"post","link":"https:\/\/www.tourmusicfest.com\/es\/news\/inicio-del-tour-europeo-de-las-audiciones-en-vivo\/","title":{"rendered":"Inicio del tour europeo de las audiciones en vivo"},"content":{"rendered":"<p>Prep\u00e1rate para una experiencia cautivadora que cruzar\u00e1 <strong>11 pa\u00edses europeos, 35 ciudades e involucrar\u00e1 a miles de talentosos artistas<\/strong> que actuar\u00e1n en las audiciones de la nueva edici\u00f3n del TMF, que celebra su 15\u00ba aniversario este a\u00f1o.<\/p>\n<p><strong>El 10 de julio, nuestro equipo partir\u00e1 de Ljubljana<\/strong>, la capital de Eslovenia, para embarcarse en este \u00e9pico viaje hacia el coraz\u00f3n de la m\u00fasica emergente. Viajaremos a trav\u00e9s de Austria, Polonia, Rep\u00fablica Checa, Alemania, Francia, Malta, Suiza, Italia, Espa\u00f1a y la Rep\u00fablica de San Marino, explorando las diversas culturas musicales de la escena emergente europea.<\/p>\n<p><strong>El personal, los tutores y los coaches est\u00e1n ansiosos por escuchar, conectarse y escuchar a los artistas emergentes<\/strong> que encontraremos durante este tour. Estamos comprometidos a ofrecerles una experiencia musical extraordinaria, cultivando su talento y amplificando sus voces.<\/p>\n<p><strong>\u00bfEres cantante, m\u00fasico, rapero o DJ?<\/strong> \u00a1No pierdas esta incre\u00edble oportunidad! \u00danete a nosotros para las Audiciones en Vivo y muestra tu unicidad musical. Visita nuestro sitio web oficial para m\u00e1s informaci\u00f3n y para registrarte. \u00a1Apres\u00farate, <strong>las inscripciones a\u00fan est\u00e1n abiertas!<\/strong><\/p>\n<p>\u00a1\u00danete a nosotros en este emocionante viaje musical, donde los sue\u00f1os se cultivan, los talentos se descubren y la m\u00fasica es la protagonista!<\/p>\n<p><strong>CALENDARIO DEL TOUR DE LAS AUDICIONES EN VIVO:<\/strong><\/p>\n<ul>\n<li><strong>Eslovenia<\/strong> \ud83d\udccd Ljubljana \ud83d\udcc5 10 de julio de 2024<\/li>\n<li><strong>Austria<\/strong> \ud83d\udccd Viena \ud83d\udcc5 12 de julio de 2024<\/li>\n<li><strong>Polonia<\/strong> \ud83d\udccd Zakopane \ud83d\udcc5 14 de julio de 2024<\/li>\n<li><strong>Rep\u00fablica Checa<\/strong> \ud83d\udccd Praga \ud83d\udcc5 16 de julio de 2024<\/li>\n<li><strong>Alemania<\/strong> \ud83d\udccd Berl\u00edn \ud83d\udcc5 17 de julio de 2024<\/li>\n<li><strong>Alemania<\/strong> \ud83d\udccd Colonia \ud83d\udcc5 19 de julio de 2024<\/li>\n<li><strong>Pa\u00edses Bajos<\/strong> \ud83d\udccd \u00c1msterdam \ud83d\udcc5 20 de julio de 2024<\/li>\n<li><strong>Francia<\/strong> \ud83d\udccd Par\u00eds \ud83d\udcc5 23 de julio de 2024<\/li>\n<li><strong>Suiza<\/strong> \ud83d\udccd Z\u00farich \ud83d\udcc5 25 de julio de 2024<\/li>\n<li><strong>Italia<\/strong> \ud83d\udccd 23 ciudades \ud83d\udcc5 A partir del 26 de agosto de 2024 (Haz clic aqu\u00ed para descubrir todas las paradas)<\/li>\n<li><strong>Malta<\/strong> \ud83d\udccd Sliema \ud83d\udcc5 21 de octubre de 2024<\/li>\n<li><strong>Espa\u00f1a<\/strong> \ud83d\udccd Valencia \ud83d\udcc5 25 de octubre de 2024<\/li>\n<li><strong>Espa\u00f1a<\/strong> \ud83d\udccd Madrid \ud83d\udcc5 27 de octubre de 2024<\/li>\n<li><strong>San Marino<\/strong> \ud83d\udccd San Marino \ud83d\udcc5 21 de noviembre de 2024<\/li>\n<\/ul>\n<p>\u00a1Les recordamos que las inscripciones a\u00fan est\u00e1n abiertas! \u00a1Nos vemos por Europa! \u00a1Mant\u00e9nganse al tanto!<\/p>\n<p><strong>Tour Music Fest &#8211; We Love Your Music<\/strong><\/p>\n","protected":false},"excerpt":{"rendered":"<p>Prep\u00e1rate para una experiencia cautivadora que cruzar\u00e1 11 pa\u00edses europeos, 35 ciudades e involucrar\u00e1 a miles de talentosos artistas que actuar\u00e1n en las audiciones de la nueva edici\u00f3n del TMF, que celebra su 15\u00ba aniversario este a\u00f1o. El 10 de julio, nuestro equipo partir\u00e1 de Ljubljana, la capital de Eslovenia, para embarcarse en este \u00e9pico [&hellip;]<\/p>\n","protected":false},"author":3,"featured_media":3092,"comment_status":"closed","ping_status":"closed","sticky":false,"template":"","format":"standard","meta":{"_acf_changed":false,"footnotes":""},"categories":[4],"tags":[],"class_list":["post-3091","post","type-post","status-publish","format-standard","has-post-thumbnail","hentry","category-news"],"acf":[],"yoast_head":"<!-- This site is optimized with the Yoast SEO plugin v26.7 - https:\/\/yoast.com\/wordpress\/plugins\/seo\/ -->\n<title>Inicio del tour europeo de las audiciones en vivo - ES - Tour Music Fest<\/title>\n<meta name=\"robots\" content=\"index, follow, max-snippet:-1, max-image-preview:large, max-video-preview:-1\" \/>\n<link rel=\"canonical\" href=\"https:\/\/www.tourmusicfest.com\/es\/news\/inicio-del-tour-europeo-de-las-audiciones-en-vivo\/\" \/>\n<meta property=\"og:locale\" content=\"es_ES\" \/>\n<meta property=\"og:type\" content=\"article\" \/>\n<meta property=\"og:title\" content=\"Inicio del tour europeo de las audiciones en vivo - ES - Tour Music Fest\" \/>\n<meta property=\"og:description\" content=\"Prep\u00e1rate para una experiencia cautivadora que cruzar\u00e1 11 pa\u00edses europeos, 35 ciudades e involucrar\u00e1 a miles de talentosos artistas que actuar\u00e1n en las audiciones de la nueva edici\u00f3n del TMF, que celebra su 15\u00ba aniversario este a\u00f1o. El 10 de julio, nuestro equipo partir\u00e1 de Ljubljana, la capital de Eslovenia, para embarcarse en este \u00e9pico [&hellip;]\" \/>\n<meta property=\"og:url\" content=\"https:\/\/www.tourmusicfest.com\/es\/news\/inicio-del-tour-europeo-de-las-audiciones-en-vivo\/\" \/>\n<meta property=\"og:site_name\" content=\"ES - Tour Music Fest\" \/>\n<meta property=\"article:publisher\" content=\"https:\/\/facebook.com\/tourmusicfest\" \/>\n<meta property=\"article:published_time\" content=\"2024-07-09T09:08:39+00:00\" \/>\n<meta property=\"article:modified_time\" content=\"2024-07-09T09:08:47+00:00\" \/>\n<meta property=\"og:image\" content=\"https:\/\/www.tourmusicfest.com\/es\/files\/2024\/07\/articolo_tour_live_audition2024_2.jpg\" \/>\n\t<meta property=\"og:image:width\" content=\"1920\" \/>\n\t<meta property=\"og:image:height\" content=\"1080\" \/>\n\t<meta property=\"og:image:type\" content=\"image\/jpeg\" \/>\n<meta name=\"author\" content=\"tmfeuropa17\" \/>\n<meta name=\"twitter:card\" content=\"summary_large_image\" \/>\n<meta name=\"twitter:label1\" content=\"Escrito por\" \/>\n\t<meta name=\"twitter:data1\" content=\"tmfeuropa17\" \/>\n\t<meta name=\"twitter:label2\" content=\"Tiempo de lectura\" \/>\n\t<meta name=\"twitter:data2\" content=\"3 minutos\" \/>\n<script type=\"application\/ld+json\" class=\"yoast-schema-graph\">{\"@context\":\"https:\/\/schema.org\",\"@graph\":[{\"@type\":\"Article\",\"@id\":\"https:\/\/www.tourmusicfest.com\/es\/news\/inicio-del-tour-europeo-de-las-audiciones-en-vivo\/#article\",\"isPartOf\":{\"@id\":\"https:\/\/www.tourmusicfest.com\/es\/news\/inicio-del-tour-europeo-de-las-audiciones-en-vivo\/\"},\"author\":{\"name\":\"tmfeuropa17\",\"@id\":\"https:\/\/www.tourmusicfest.com\/es\/#\/schema\/person\/390d861689d02485bce7bf22b19bfe79\"},\"headline\":\"Inicio del tour europeo de las audiciones en vivo\",\"datePublished\":\"2024-07-09T09:08:39+00:00\",\"dateModified\":\"2024-07-09T09:08:47+00:00\",\"mainEntityOfPage\":{\"@id\":\"https:\/\/www.tourmusicfest.com\/es\/news\/inicio-del-tour-europeo-de-las-audiciones-en-vivo\/\"},\"wordCount\":347,\"publisher\":{\"@id\":\"https:\/\/www.tourmusicfest.com\/es\/#organization\"},\"image\":{\"@id\":\"https:\/\/www.tourmusicfest.com\/es\/news\/inicio-del-tour-europeo-de-las-audiciones-en-vivo\/#primaryimage\"},\"thumbnailUrl\":\"https:\/\/www.tourmusicfest.com\/es\/files\/2024\/07\/articolo_tour_live_audition2024_2.jpg\",\"articleSection\":[\"News\"],\"inLanguage\":\"es\"},{\"@type\":\"WebPage\",\"@id\":\"https:\/\/www.tourmusicfest.com\/es\/news\/inicio-del-tour-europeo-de-las-audiciones-en-vivo\/\",\"url\":\"https:\/\/www.tourmusicfest.com\/es\/news\/inicio-del-tour-europeo-de-las-audiciones-en-vivo\/\",\"name\":\"Inicio del tour europeo de las audiciones en vivo - ES - Tour Music Fest\",\"isPartOf\":{\"@id\":\"https:\/\/www.tourmusicfest.com\/es\/#website\"},\"primaryImageOfPage\":{\"@id\":\"https:\/\/www.tourmusicfest.com\/es\/news\/inicio-del-tour-europeo-de-las-audiciones-en-vivo\/#primaryimage\"},\"image\":{\"@id\":\"https:\/\/www.tourmusicfest.com\/es\/news\/inicio-del-tour-europeo-de-las-audiciones-en-vivo\/#primaryimage\"},\"thumbnailUrl\":\"https:\/\/www.tourmusicfest.com\/es\/files\/2024\/07\/articolo_tour_live_audition2024_2.jpg\",\"datePublished\":\"2024-07-09T09:08:39+00:00\",\"dateModified\":\"2024-07-09T09:08:47+00:00\",\"breadcrumb\":{\"@id\":\"https:\/\/www.tourmusicfest.com\/es\/news\/inicio-del-tour-europeo-de-las-audiciones-en-vivo\/#breadcrumb\"},\"inLanguage\":\"es\",\"potentialAction\":[{\"@type\":\"ReadAction\",\"target\":[\"https:\/\/www.tourmusicfest.com\/es\/news\/inicio-del-tour-europeo-de-las-audiciones-en-vivo\/\"]}]},{\"@type\":\"ImageObject\",\"inLanguage\":\"es\",\"@id\":\"https:\/\/www.tourmusicfest.com\/es\/news\/inicio-del-tour-europeo-de-las-audiciones-en-vivo\/#primaryimage\",\"url\":\"https:\/\/www.tourmusicfest.com\/es\/files\/2024\/07\/articolo_tour_live_audition2024_2.jpg\",\"contentUrl\":\"https:\/\/www.tourmusicfest.com\/es\/files\/2024\/07\/articolo_tour_live_audition2024_2.jpg\",\"width\":1920,\"height\":1080},{\"@type\":\"BreadcrumbList\",\"@id\":\"https:\/\/www.tourmusicfest.com\/es\/news\/inicio-del-tour-europeo-de-las-audiciones-en-vivo\/#breadcrumb\",\"itemListElement\":[{\"@type\":\"ListItem\",\"position\":1,\"name\":\"Home\",\"item\":\"https:\/\/www.tourmusicfest.com\/es\/\"},{\"@type\":\"ListItem\",\"position\":2,\"name\":\"Inicio del tour europeo de las audiciones en vivo\"}]},{\"@type\":\"WebSite\",\"@id\":\"https:\/\/www.tourmusicfest.com\/es\/#website\",\"url\":\"https:\/\/www.tourmusicfest.com\/es\/\",\"name\":\"Tour Music Fest - ES\",\"description\":\"The European Music Contest\",\"publisher\":{\"@id\":\"https:\/\/www.tourmusicfest.com\/es\/#organization\"},\"potentialAction\":[{\"@type\":\"SearchAction\",\"target\":{\"@type\":\"EntryPoint\",\"urlTemplate\":\"https:\/\/www.tourmusicfest.com\/es\/?s={search_term_string}\"},\"query-input\":{\"@type\":\"PropertyValueSpecification\",\"valueRequired\":true,\"valueName\":\"search_term_string\"}}],\"inLanguage\":\"es\"},{\"@type\":\"Organization\",\"@id\":\"https:\/\/www.tourmusicfest.com\/es\/#organization\",\"name\":\"ES - Tour Music Fest\",\"url\":\"https:\/\/www.tourmusicfest.com\/es\/\",\"logo\":{\"@type\":\"ImageObject\",\"inLanguage\":\"es\",\"@id\":\"https:\/\/www.tourmusicfest.com\/es\/#\/schema\/logo\/image\/\",\"url\":\"https:\/\/www.tourmusicfest.com\/es\/files\/2024\/04\/Brand-TMF-grey.png\",\"contentUrl\":\"https:\/\/www.tourmusicfest.com\/es\/files\/2024\/04\/Brand-TMF-grey.png\",\"width\":1181,\"height\":875,\"caption\":\"ES - Tour Music Fest\"},\"image\":{\"@id\":\"https:\/\/www.tourmusicfest.com\/es\/#\/schema\/logo\/image\/\"},\"sameAs\":[\"https:\/\/facebook.com\/tourmusicfest\",\"https:\/\/instagram.com\/tourmusicfest\"]},{\"@type\":\"Person\",\"@id\":\"https:\/\/www.tourmusicfest.com\/es\/#\/schema\/person\/390d861689d02485bce7bf22b19bfe79\",\"name\":\"tmfeuropa17\",\"image\":{\"@type\":\"ImageObject\",\"inLanguage\":\"es\",\"@id\":\"https:\/\/www.tourmusicfest.com\/es\/#\/schema\/person\/image\/\",\"url\":\"https:\/\/secure.gravatar.com\/avatar\/2b5fc8be00f182d9a3134943aeed9d38e7bcb4a9b63a07ad32e9141daebd39dd?s=96&d=mm&r=g\",\"contentUrl\":\"https:\/\/secure.gravatar.com\/avatar\/2b5fc8be00f182d9a3134943aeed9d38e7bcb4a9b63a07ad32e9141daebd39dd?s=96&d=mm&r=g\",\"caption\":\"tmfeuropa17\"},\"url\":\"https:\/\/www.tourmusicfest.com\/es\/author\/tmfeuropa17\/\"}]}<\/script>\n<!-- \/ Yoast SEO plugin. -->","yoast_head_json":{"title":"Inicio del tour europeo de las audiciones en vivo - ES - Tour Music Fest","robots":{"index":"index","follow":"follow","max-snippet":"max-snippet:-1","max-image-preview":"max-image-preview:large","max-video-preview":"max-video-preview:-1"},"canonical":"https:\/\/www.tourmusicfest.com\/es\/news\/inicio-del-tour-europeo-de-las-audiciones-en-vivo\/","og_locale":"es_ES","og_type":"article","og_title":"Inicio del tour europeo de las audiciones en vivo - ES - Tour Music Fest","og_description":"Prep\u00e1rate para una experiencia cautivadora que cruzar\u00e1 11 pa\u00edses europeos, 35 ciudades e involucrar\u00e1 a miles de talentosos artistas que actuar\u00e1n en las audiciones de la nueva edici\u00f3n del TMF, que celebra su 15\u00ba aniversario este a\u00f1o. El 10 de julio, nuestro equipo partir\u00e1 de Ljubljana, la capital de Eslovenia, para embarcarse en este \u00e9pico [&hellip;]","og_url":"https:\/\/www.tourmusicfest.com\/es\/news\/inicio-del-tour-europeo-de-las-audiciones-en-vivo\/","og_site_name":"ES - Tour Music Fest","article_publisher":"https:\/\/facebook.com\/tourmusicfest","article_published_time":"2024-07-09T09:08:39+00:00","article_modified_time":"2024-07-09T09:08:47+00:00","og_image":[{"width":1920,"height":1080,"url":"https:\/\/www.tourmusicfest.com\/es\/files\/2024\/07\/articolo_tour_live_audition2024_2.jpg","type":"image\/jpeg"}],"author":"tmfeuropa17","twitter_card":"summary_large_image","twitter_misc":{"Escrito por":"tmfeuropa17","Tiempo de lectura":"3 minutos"},"schema":{"@context":"https:\/\/schema.org","@graph":[{"@type":"Article","@id":"https:\/\/www.tourmusicfest.com\/es\/news\/inicio-del-tour-europeo-de-las-audiciones-en-vivo\/#article","isPartOf":{"@id":"https:\/\/www.tourmusicfest.com\/es\/news\/inicio-del-tour-europeo-de-las-audiciones-en-vivo\/"},"author":{"name":"tmfeuropa17","@id":"https:\/\/www.tourmusicfest.com\/es\/#\/schema\/person\/390d861689d02485bce7bf22b19bfe79"},"headline":"Inicio del tour europeo de las audiciones en vivo","datePublished":"2024-07-09T09:08:39+00:00","dateModified":"2024-07-09T09:08:47+00:00","mainEntityOfPage":{"@id":"https:\/\/www.tourmusicfest.com\/es\/news\/inicio-del-tour-europeo-de-las-audiciones-en-vivo\/"},"wordCount":347,"publisher":{"@id":"https:\/\/www.tourmusicfest.com\/es\/#organization"},"image":{"@id":"https:\/\/www.tourmusicfest.com\/es\/news\/inicio-del-tour-europeo-de-las-audiciones-en-vivo\/#primaryimage"},"thumbnailUrl":"https:\/\/www.tourmusicfest.com\/es\/files\/2024\/07\/articolo_tour_live_audition2024_2.jpg","articleSection":["News"],"inLanguage":"es"},{"@type":"WebPage","@id":"https:\/\/www.tourmusicfest.com\/es\/news\/inicio-del-tour-europeo-de-las-audiciones-en-vivo\/","url":"https:\/\/www.tourmusicfest.com\/es\/news\/inicio-del-tour-europeo-de-las-audiciones-en-vivo\/","name":"Inicio del tour europeo de las audiciones en vivo - ES - Tour Music Fest","isPartOf":{"@id":"https:\/\/www.tourmusicfest.com\/es\/#website"},"primaryImageOfPage":{"@id":"https:\/\/www.tourmusicfest.com\/es\/news\/inicio-del-tour-europeo-de-las-audiciones-en-vivo\/#primaryimage"},"image":{"@id":"https:\/\/www.tourmusicfest.com\/es\/news\/inicio-del-tour-europeo-de-las-audiciones-en-vivo\/#primaryimage"},"thumbnailUrl":"https:\/\/www.tourmusicfest.com\/es\/files\/2024\/07\/articolo_tour_live_audition2024_2.jpg","datePublished":"2024-07-09T09:08:39+00:00","dateModified":"2024-07-09T09:08:47+00:00","breadcrumb":{"@id":"https:\/\/www.tourmusicfest.com\/es\/news\/inicio-del-tour-europeo-de-las-audiciones-en-vivo\/#breadcrumb"},"inLanguage":"es","potentialAction":[{"@type":"ReadAction","target":["https:\/\/www.tourmusicfest.com\/es\/news\/inicio-del-tour-europeo-de-las-audiciones-en-vivo\/"]}]},{"@type":"ImageObject","inLanguage":"es","@id":"https:\/\/www.tourmusicfest.com\/es\/news\/inicio-del-tour-europeo-de-las-audiciones-en-vivo\/#primaryimage","url":"https:\/\/www.tourmusicfest.com\/es\/files\/2024\/07\/articolo_tour_live_audition2024_2.jpg","contentUrl":"https:\/\/www.tourmusicfest.com\/es\/files\/2024\/07\/articolo_tour_live_audition2024_2.jpg","width":1920,"height":1080},{"@type":"BreadcrumbList","@id":"https:\/\/www.tourmusicfest.com\/es\/news\/inicio-del-tour-europeo-de-las-audiciones-en-vivo\/#breadcrumb","itemListElement":[{"@type":"ListItem","position":1,"name":"Home","item":"https:\/\/www.tourmusicfest.com\/es\/"},{"@type":"ListItem","position":2,"name":"Inicio del tour europeo de las audiciones en vivo"}]},{"@type":"WebSite","@id":"https:\/\/www.tourmusicfest.com\/es\/#website","url":"https:\/\/www.tourmusicfest.com\/es\/","name":"Tour Music Fest - ES","description":"The European Music Contest","publisher":{"@id":"https:\/\/www.tourmusicfest.com\/es\/#organization"},"potentialAction":[{"@type":"SearchAction","target":{"@type":"EntryPoint","urlTemplate":"https:\/\/www.tourmusicfest.com\/es\/?s={search_term_string}"},"query-input":{"@type":"PropertyValueSpecification","valueRequired":true,"valueName":"search_term_string"}}],"inLanguage":"es"},{"@type":"Organization","@id":"https:\/\/www.tourmusicfest.com\/es\/#organization","name":"ES - Tour Music Fest","url":"https:\/\/www.tourmusicfest.com\/es\/","logo":{"@type":"ImageObject","inLanguage":"es","@id":"https:\/\/www.tourmusicfest.com\/es\/#\/schema\/logo\/image\/","url":"https:\/\/www.tourmusicfest.com\/es\/files\/2024\/04\/Brand-TMF-grey.png","contentUrl":"https:\/\/www.tourmusicfest.com\/es\/files\/2024\/04\/Brand-TMF-grey.png","width":1181,"height":875,"caption":"ES - Tour Music Fest"},"image":{"@id":"https:\/\/www.tourmusicfest.com\/es\/#\/schema\/logo\/image\/"},"sameAs":["https:\/\/facebook.com\/tourmusicfest","https:\/\/instagram.com\/tourmusicfest"]},{"@type":"Person","@id":"https:\/\/www.tourmusicfest.com\/es\/#\/schema\/person\/390d861689d02485bce7bf22b19bfe79","name":"tmfeuropa17","image":{"@type":"ImageObject","inLanguage":"es","@id":"https:\/\/www.tourmusicfest.com\/es\/#\/schema\/person\/image\/","url":"https:\/\/secure.gravatar.com\/avatar\/2b5fc8be00f182d9a3134943aeed9d38e7bcb4a9b63a07ad32e9141daebd39dd?s=96&d=mm&r=g","contentUrl":"https:\/\/secure.gravatar.com\/avatar\/2b5fc8be00f182d9a3134943aeed9d38e7bcb4a9b63a07ad32e9141daebd39dd?s=96&d=mm&r=g","caption":"tmfeuropa17"},"url":"https:\/\/www.tourmusicfest.com\/es\/author\/tmfeuropa17\/"}]}},"_links":{"self":[{"href":"https:\/\/www.tourmusicfest.com\/es\/wp-json\/wp\/v2\/posts\/3091","targetHints":{"allow":["GET"]}}],"collection":[{"href":"https:\/\/www.tourmusicfest.com\/es\/wp-json\/wp\/v2\/posts"}],"about":[{"href":"https:\/\/www.tourmusicfest.com\/es\/wp-json\/wp\/v2\/types\/post"}],"author":[{"embeddable":true,"href":"https:\/\/www.tourmusicfest.com\/es\/wp-json\/wp\/v2\/users\/3"}],"replies":[{"embeddable":true,"href":"https:\/\/www.tourmusicfest.com\/es\/wp-json\/wp\/v2\/comments?post=3091"}],"version-history":[{"count":1,"href":"https:\/\/www.tourmusicfest.com\/es\/wp-json\/wp\/v2\/posts\/3091\/revisions"}],"predecessor-version":[{"id":3093,"href":"https:\/\/www.tourmusicfest.com\/es\/wp-json\/wp\/v2\/posts\/3091\/revisions\/3093"}],"wp:featuredmedia":[{"embeddable":true,"href":"https:\/\/www.tourmusicfest.com\/es\/wp-json\/wp\/v2\/media\/3092"}],"wp:attachment":[{"href":"https:\/\/www.tourmusicfest.com\/es\/wp-json\/wp\/v2\/media?parent=3091"}],"wp:term":[{"taxonomy":"category","embeddable":true,"href":"https:\/\/www.tourmusicfest.com\/es\/wp-json\/wp\/v2\/categories?post=3091"},{"taxonomy":"post_tag","embeddable":true,"href":"https:\/\/www.tourmusicfest.com\/es\/wp-json\/wp\/v2\/tags?post=3091"}],"curies":[{"name":"wp","href":"https:\/\/api.w.org\/{rel}","templated":true}]}}