{"id":3033,"date":"2024-05-23T15:46:56","date_gmt":"2024-05-23T14:46:56","guid":{"rendered":"https:\/\/www.tourmusicfest.com\/es\/?p=3033"},"modified":"2024-05-23T15:46:56","modified_gmt":"2024-05-23T14:46:56","slug":"tour-music-fest-2024-dando-la-bienvenida-a-malta-francia-y-los-paises-bajos","status":"publish","type":"post","link":"https:\/\/www.tourmusicfest.com\/es\/news\/tour-music-fest-2024-dando-la-bienvenida-a-malta-francia-y-los-paises-bajos\/","title":{"rendered":"Tour Music Fest 2024: \u00a1Dando la Bienvenida a Malta, Francia y los Pa\u00edses Bajos!"},"content":{"rendered":"<p><strong>Malta, Francia y los Pa\u00edses Bajos se Unen al TMF 2024<\/strong> Con la incorporaci\u00f3n de Malta, Francia y los Pa\u00edses Bajos, el Tour Music Fest demuestra una vez m\u00e1s su compromiso de descubrir y promover talentos musicales emergentes en toda Europa. Estos pa\u00edses, con sus ricas tradiciones musicales y sus vibrantes escenas art\u00edsticas, contribuir\u00e1n a que el TMF 2024 sea un evento a\u00fan m\u00e1s diverso y rico en creatividad.<\/p>\n<p><strong>Alemania: No Solo Berl\u00edn, \u00a1Bienvenida Colonia!<\/strong> Pero las novedades no terminan aqu\u00ed. Este a\u00f1o, por primera vez, el Tour Music Fest llegar\u00e1 a Colonia, ampliando su presencia en Alemania m\u00e1s all\u00e1 de la capital, Berl\u00edn. Esto significa que a\u00fan m\u00e1s artistas alemanes tendr\u00e1n la oportunidad de participar en las selecciones del TMF y mostrar su talento en un escenario internacional.<\/p>\n<p><strong>Un Evento en Constante Crecimiento<\/strong> Con la expansi\u00f3n a 12 pa\u00edses, el Tour Music Fest 2024 promete ser la edici\u00f3n m\u00e1s grande e inclusiva de todas. Cada a\u00f1o, el TMF se esfuerza por crear un entorno \u00fanico donde los m\u00fasicos puedan crecer, aprender y conectarse con otros artistas y profesionales de la industria. Las selecciones se llevar\u00e1n a cabo en varios pa\u00edses, ofreciendo a miles de artistas la oportunidad de participar y vivir una experiencia musical inolvidable.<\/p>\n<div class=\"video-youtube\"><iframe title=\"YouTube video player\" src=\"https:\/\/www.youtube.com\/embed\/kZxNoOHRYYc\" frameborder=\"0\" allowfullscreen=\"allowfullscreen\" data-mce-fragment=\"1\"><\/iframe><\/div>\n<p><strong>Selecciones del TMF 2024<\/strong> Las selecciones para el Tour Music Fest 2024 se realizar\u00e1n en 12 pa\u00edses: Austria, Francia, Alemania (Berl\u00edn y Colonia), Italia, Malta, Polonia, Rep\u00fablica Checa, San Marino, Eslovenia, Espa\u00f1a, Suiza y los Pa\u00edses Bajos. Cada pa\u00eds aportar\u00e1 su patrimonio cultural y art\u00edstico, enriqueciendo el festival con una amplia gama de estilos musicales e influencias diversas.<\/p>\n<p><strong>\u00a1\u00danete a Nosotros!<\/strong> Si eres un artista y deseas participar en el Tour Music Fest 2024, \u00a1las inscripciones a\u00fan est\u00e1n abiertas! No pierdas la oportunidad de formar parte de uno de los eventos musicales m\u00e1s importantes de Europa. Sigue nuestros canales sociales para estar al tanto de las \u00faltimas novedades y prep\u00e1rate para vivir una experiencia que podr\u00eda cambiar tu carrera musical.<\/p>\n<p>El Tour Music Fest est\u00e1 listo para acoger lo mejor de la m\u00fasica emergente europea, y estamos ansiosos por descubrir los talentos extraordinarios que se unir\u00e1n a nosotros este a\u00f1o. La m\u00fasica une, inspira y transforma: \u00a1\u00fanete al movimiento y muestra tu talento al mundo! \u00a1Inscr\u00edbete ahora y prep\u00e1rate para vivir el Tour Music Fest 2024!<\/p>\n","protected":false},"excerpt":{"rendered":"<p>Malta, Francia y los Pa\u00edses Bajos se Unen al TMF 2024 Con la incorporaci\u00f3n de Malta, Francia y los Pa\u00edses Bajos, el Tour Music Fest demuestra una vez m\u00e1s su compromiso de descubrir y promover talentos musicales emergentes en toda Europa. Estos pa\u00edses, con sus ricas tradiciones musicales y sus vibrantes escenas art\u00edsticas, contribuir\u00e1n a [&hellip;]<\/p>\n","protected":false},"author":3,"featured_media":3034,"comment_status":"closed","ping_status":"closed","sticky":false,"template":"","format":"standard","meta":{"_acf_changed":false,"footnotes":""},"categories":[4],"tags":[],"class_list":["post-3033","post","type-post","status-publish","format-standard","has-post-thumbnail","hentry","category-news"],"acf":[],"yoast_head":"<!-- This site is optimized with the Yoast SEO plugin v26.7 - https:\/\/yoast.com\/wordpress\/plugins\/seo\/ -->\n<title>Tour Music Fest 2024: \u00a1Dando la Bienvenida a Malta, Francia y los Pa\u00edses Bajos! - ES - Tour Music Fest<\/title>\n<meta name=\"robots\" content=\"index, follow, max-snippet:-1, max-image-preview:large, max-video-preview:-1\" \/>\n<link rel=\"canonical\" href=\"https:\/\/www.tourmusicfest.com\/es\/news\/tour-music-fest-2024-dando-la-bienvenida-a-malta-francia-y-los-paises-bajos\/\" \/>\n<meta property=\"og:locale\" content=\"es_ES\" \/>\n<meta property=\"og:type\" content=\"article\" \/>\n<meta property=\"og:title\" content=\"Tour Music Fest 2024: \u00a1Dando la Bienvenida a Malta, Francia y los Pa\u00edses Bajos!\" \/>\n<meta property=\"og:description\" content=\"Malta, Francia y los Pa\u00edses Bajos se Unen al TMF 2024 Con la incorporaci\u00f3n de Malta, Francia y los Pa\u00edses Bajos, el Tour Music Fest demuestra una vez m\u00e1s su compromiso de descubrir y promover talentos musicales emergentes en toda Europa. Estos pa\u00edses, con sus ricas tradiciones musicales y sus vibrantes escenas art\u00edsticas, contribuir\u00e1n a [&hellip;]\" \/>\n<meta property=\"og:url\" content=\"https:\/\/www.tourmusicfest.com\/es\/news\/tour-music-fest-2024-dando-la-bienvenida-a-malta-francia-y-los-paises-bajos\/\" \/>\n<meta property=\"og:site_name\" content=\"ES - Tour Music Fest\" \/>\n<meta property=\"article:publisher\" content=\"https:\/\/facebook.com\/tourmusicfest\" \/>\n<meta property=\"article:published_time\" content=\"2024-05-23T14:46:56+00:00\" \/>\n<meta property=\"og:image\" content=\"https:\/\/www.tourmusicfest.com\/es\/files\/2024\/05\/ARTICOLOFRANCIAOLANDAMALTA.jpg\" \/>\n\t<meta property=\"og:image:width\" content=\"1920\" \/>\n\t<meta property=\"og:image:height\" content=\"1080\" \/>\n\t<meta property=\"og:image:type\" content=\"image\/jpeg\" \/>\n<meta name=\"author\" content=\"tmfeuropa17\" \/>\n<meta name=\"twitter:card\" content=\"summary_large_image\" \/>\n<meta name=\"twitter:label1\" content=\"Escrito por\" \/>\n\t<meta name=\"twitter:data1\" content=\"tmfeuropa17\" \/>\n\t<meta name=\"twitter:label2\" content=\"Tiempo de lectura\" \/>\n\t<meta name=\"twitter:data2\" content=\"3 minutos\" \/>\n<script type=\"application\/ld+json\" class=\"yoast-schema-graph\">{\"@context\":\"https:\/\/schema.org\",\"@graph\":[{\"@type\":\"Article\",\"@id\":\"https:\/\/www.tourmusicfest.com\/es\/news\/tour-music-fest-2024-dando-la-bienvenida-a-malta-francia-y-los-paises-bajos\/#article\",\"isPartOf\":{\"@id\":\"https:\/\/www.tourmusicfest.com\/es\/news\/tour-music-fest-2024-dando-la-bienvenida-a-malta-francia-y-los-paises-bajos\/\"},\"author\":{\"name\":\"tmfeuropa17\",\"@id\":\"https:\/\/www.tourmusicfest.com\/es\/#\/schema\/person\/390d861689d02485bce7bf22b19bfe79\"},\"headline\":\"Tour Music Fest 2024: \u00a1Dando la Bienvenida a Malta, Francia y los Pa\u00edses Bajos!\",\"datePublished\":\"2024-05-23T14:46:56+00:00\",\"mainEntityOfPage\":{\"@id\":\"https:\/\/www.tourmusicfest.com\/es\/news\/tour-music-fest-2024-dando-la-bienvenida-a-malta-francia-y-los-paises-bajos\/\"},\"wordCount\":430,\"publisher\":{\"@id\":\"https:\/\/www.tourmusicfest.com\/es\/#organization\"},\"image\":{\"@id\":\"https:\/\/www.tourmusicfest.com\/es\/news\/tour-music-fest-2024-dando-la-bienvenida-a-malta-francia-y-los-paises-bajos\/#primaryimage\"},\"thumbnailUrl\":\"https:\/\/www.tourmusicfest.com\/es\/files\/2024\/05\/ARTICOLOFRANCIAOLANDAMALTA.jpg\",\"articleSection\":[\"News\"],\"inLanguage\":\"es\"},{\"@type\":\"WebPage\",\"@id\":\"https:\/\/www.tourmusicfest.com\/es\/news\/tour-music-fest-2024-dando-la-bienvenida-a-malta-francia-y-los-paises-bajos\/\",\"url\":\"https:\/\/www.tourmusicfest.com\/es\/news\/tour-music-fest-2024-dando-la-bienvenida-a-malta-francia-y-los-paises-bajos\/\",\"name\":\"Tour Music Fest 2024: \u00a1Dando la Bienvenida a Malta, Francia y los Pa\u00edses Bajos! - ES - Tour Music Fest\",\"isPartOf\":{\"@id\":\"https:\/\/www.tourmusicfest.com\/es\/#website\"},\"primaryImageOfPage\":{\"@id\":\"https:\/\/www.tourmusicfest.com\/es\/news\/tour-music-fest-2024-dando-la-bienvenida-a-malta-francia-y-los-paises-bajos\/#primaryimage\"},\"image\":{\"@id\":\"https:\/\/www.tourmusicfest.com\/es\/news\/tour-music-fest-2024-dando-la-bienvenida-a-malta-francia-y-los-paises-bajos\/#primaryimage\"},\"thumbnailUrl\":\"https:\/\/www.tourmusicfest.com\/es\/files\/2024\/05\/ARTICOLOFRANCIAOLANDAMALTA.jpg\",\"datePublished\":\"2024-05-23T14:46:56+00:00\",\"breadcrumb\":{\"@id\":\"https:\/\/www.tourmusicfest.com\/es\/news\/tour-music-fest-2024-dando-la-bienvenida-a-malta-francia-y-los-paises-bajos\/#breadcrumb\"},\"inLanguage\":\"es\",\"potentialAction\":[{\"@type\":\"ReadAction\",\"target\":[\"https:\/\/www.tourmusicfest.com\/es\/news\/tour-music-fest-2024-dando-la-bienvenida-a-malta-francia-y-los-paises-bajos\/\"]}]},{\"@type\":\"ImageObject\",\"inLanguage\":\"es\",\"@id\":\"https:\/\/www.tourmusicfest.com\/es\/news\/tour-music-fest-2024-dando-la-bienvenida-a-malta-francia-y-los-paises-bajos\/#primaryimage\",\"url\":\"https:\/\/www.tourmusicfest.com\/es\/files\/2024\/05\/ARTICOLOFRANCIAOLANDAMALTA.jpg\",\"contentUrl\":\"https:\/\/www.tourmusicfest.com\/es\/files\/2024\/05\/ARTICOLOFRANCIAOLANDAMALTA.jpg\",\"width\":1920,\"height\":1080},{\"@type\":\"BreadcrumbList\",\"@id\":\"https:\/\/www.tourmusicfest.com\/es\/news\/tour-music-fest-2024-dando-la-bienvenida-a-malta-francia-y-los-paises-bajos\/#breadcrumb\",\"itemListElement\":[{\"@type\":\"ListItem\",\"position\":1,\"name\":\"Home\",\"item\":\"https:\/\/www.tourmusicfest.com\/es\/\"},{\"@type\":\"ListItem\",\"position\":2,\"name\":\"Tour Music Fest 2024: \u00a1Dando la Bienvenida a Malta, Francia y los Pa\u00edses Bajos!\"}]},{\"@type\":\"WebSite\",\"@id\":\"https:\/\/www.tourmusicfest.com\/es\/#website\",\"url\":\"https:\/\/www.tourmusicfest.com\/es\/\",\"name\":\"Tour Music Fest - ES\",\"description\":\"The European Music Contest\",\"publisher\":{\"@id\":\"https:\/\/www.tourmusicfest.com\/es\/#organization\"},\"potentialAction\":[{\"@type\":\"SearchAction\",\"target\":{\"@type\":\"EntryPoint\",\"urlTemplate\":\"https:\/\/www.tourmusicfest.com\/es\/?s={search_term_string}\"},\"query-input\":{\"@type\":\"PropertyValueSpecification\",\"valueRequired\":true,\"valueName\":\"search_term_string\"}}],\"inLanguage\":\"es\"},{\"@type\":\"Organization\",\"@id\":\"https:\/\/www.tourmusicfest.com\/es\/#organization\",\"name\":\"ES - Tour Music Fest\",\"url\":\"https:\/\/www.tourmusicfest.com\/es\/\",\"logo\":{\"@type\":\"ImageObject\",\"inLanguage\":\"es\",\"@id\":\"https:\/\/www.tourmusicfest.com\/es\/#\/schema\/logo\/image\/\",\"url\":\"https:\/\/www.tourmusicfest.com\/es\/files\/2024\/04\/Brand-TMF-grey.png\",\"contentUrl\":\"https:\/\/www.tourmusicfest.com\/es\/files\/2024\/04\/Brand-TMF-grey.png\",\"width\":1181,\"height\":875,\"caption\":\"ES - Tour Music Fest\"},\"image\":{\"@id\":\"https:\/\/www.tourmusicfest.com\/es\/#\/schema\/logo\/image\/\"},\"sameAs\":[\"https:\/\/facebook.com\/tourmusicfest\",\"https:\/\/instagram.com\/tourmusicfest\"]},{\"@type\":\"Person\",\"@id\":\"https:\/\/www.tourmusicfest.com\/es\/#\/schema\/person\/390d861689d02485bce7bf22b19bfe79\",\"name\":\"tmfeuropa17\",\"image\":{\"@type\":\"ImageObject\",\"inLanguage\":\"es\",\"@id\":\"https:\/\/www.tourmusicfest.com\/es\/#\/schema\/person\/image\/\",\"url\":\"https:\/\/secure.gravatar.com\/avatar\/2b5fc8be00f182d9a3134943aeed9d38e7bcb4a9b63a07ad32e9141daebd39dd?s=96&d=mm&r=g\",\"contentUrl\":\"https:\/\/secure.gravatar.com\/avatar\/2b5fc8be00f182d9a3134943aeed9d38e7bcb4a9b63a07ad32e9141daebd39dd?s=96&d=mm&r=g\",\"caption\":\"tmfeuropa17\"},\"url\":\"https:\/\/www.tourmusicfest.com\/es\/author\/tmfeuropa17\/\"}]}<\/script>\n<!-- \/ Yoast SEO plugin. -->","yoast_head_json":{"title":"Tour Music Fest 2024: \u00a1Dando la Bienvenida a Malta, Francia y los Pa\u00edses Bajos! - ES - Tour Music Fest","robots":{"index":"index","follow":"follow","max-snippet":"max-snippet:-1","max-image-preview":"max-image-preview:large","max-video-preview":"max-video-preview:-1"},"canonical":"https:\/\/www.tourmusicfest.com\/es\/news\/tour-music-fest-2024-dando-la-bienvenida-a-malta-francia-y-los-paises-bajos\/","og_locale":"es_ES","og_type":"article","og_title":"Tour Music Fest 2024: \u00a1Dando la Bienvenida a Malta, Francia y los Pa\u00edses Bajos!","og_description":"Malta, Francia y los Pa\u00edses Bajos se Unen al TMF 2024 Con la incorporaci\u00f3n de Malta, Francia y los Pa\u00edses Bajos, el Tour Music Fest demuestra una vez m\u00e1s su compromiso de descubrir y promover talentos musicales emergentes en toda Europa. Estos pa\u00edses, con sus ricas tradiciones musicales y sus vibrantes escenas art\u00edsticas, contribuir\u00e1n a [&hellip;]","og_url":"https:\/\/www.tourmusicfest.com\/es\/news\/tour-music-fest-2024-dando-la-bienvenida-a-malta-francia-y-los-paises-bajos\/","og_site_name":"ES - Tour Music Fest","article_publisher":"https:\/\/facebook.com\/tourmusicfest","article_published_time":"2024-05-23T14:46:56+00:00","og_image":[{"width":1920,"height":1080,"url":"https:\/\/www.tourmusicfest.com\/es\/files\/2024\/05\/ARTICOLOFRANCIAOLANDAMALTA.jpg","type":"image\/jpeg"}],"author":"tmfeuropa17","twitter_card":"summary_large_image","twitter_misc":{"Escrito por":"tmfeuropa17","Tiempo de lectura":"3 minutos"},"schema":{"@context":"https:\/\/schema.org","@graph":[{"@type":"Article","@id":"https:\/\/www.tourmusicfest.com\/es\/news\/tour-music-fest-2024-dando-la-bienvenida-a-malta-francia-y-los-paises-bajos\/#article","isPartOf":{"@id":"https:\/\/www.tourmusicfest.com\/es\/news\/tour-music-fest-2024-dando-la-bienvenida-a-malta-francia-y-los-paises-bajos\/"},"author":{"name":"tmfeuropa17","@id":"https:\/\/www.tourmusicfest.com\/es\/#\/schema\/person\/390d861689d02485bce7bf22b19bfe79"},"headline":"Tour Music Fest 2024: \u00a1Dando la Bienvenida a Malta, Francia y los Pa\u00edses Bajos!","datePublished":"2024-05-23T14:46:56+00:00","mainEntityOfPage":{"@id":"https:\/\/www.tourmusicfest.com\/es\/news\/tour-music-fest-2024-dando-la-bienvenida-a-malta-francia-y-los-paises-bajos\/"},"wordCount":430,"publisher":{"@id":"https:\/\/www.tourmusicfest.com\/es\/#organization"},"image":{"@id":"https:\/\/www.tourmusicfest.com\/es\/news\/tour-music-fest-2024-dando-la-bienvenida-a-malta-francia-y-los-paises-bajos\/#primaryimage"},"thumbnailUrl":"https:\/\/www.tourmusicfest.com\/es\/files\/2024\/05\/ARTICOLOFRANCIAOLANDAMALTA.jpg","articleSection":["News"],"inLanguage":"es"},{"@type":"WebPage","@id":"https:\/\/www.tourmusicfest.com\/es\/news\/tour-music-fest-2024-dando-la-bienvenida-a-malta-francia-y-los-paises-bajos\/","url":"https:\/\/www.tourmusicfest.com\/es\/news\/tour-music-fest-2024-dando-la-bienvenida-a-malta-francia-y-los-paises-bajos\/","name":"Tour Music Fest 2024: \u00a1Dando la Bienvenida a Malta, Francia y los Pa\u00edses Bajos! - ES - Tour Music Fest","isPartOf":{"@id":"https:\/\/www.tourmusicfest.com\/es\/#website"},"primaryImageOfPage":{"@id":"https:\/\/www.tourmusicfest.com\/es\/news\/tour-music-fest-2024-dando-la-bienvenida-a-malta-francia-y-los-paises-bajos\/#primaryimage"},"image":{"@id":"https:\/\/www.tourmusicfest.com\/es\/news\/tour-music-fest-2024-dando-la-bienvenida-a-malta-francia-y-los-paises-bajos\/#primaryimage"},"thumbnailUrl":"https:\/\/www.tourmusicfest.com\/es\/files\/2024\/05\/ARTICOLOFRANCIAOLANDAMALTA.jpg","datePublished":"2024-05-23T14:46:56+00:00","breadcrumb":{"@id":"https:\/\/www.tourmusicfest.com\/es\/news\/tour-music-fest-2024-dando-la-bienvenida-a-malta-francia-y-los-paises-bajos\/#breadcrumb"},"inLanguage":"es","potentialAction":[{"@type":"ReadAction","target":["https:\/\/www.tourmusicfest.com\/es\/news\/tour-music-fest-2024-dando-la-bienvenida-a-malta-francia-y-los-paises-bajos\/"]}]},{"@type":"ImageObject","inLanguage":"es","@id":"https:\/\/www.tourmusicfest.com\/es\/news\/tour-music-fest-2024-dando-la-bienvenida-a-malta-francia-y-los-paises-bajos\/#primaryimage","url":"https:\/\/www.tourmusicfest.com\/es\/files\/2024\/05\/ARTICOLOFRANCIAOLANDAMALTA.jpg","contentUrl":"https:\/\/www.tourmusicfest.com\/es\/files\/2024\/05\/ARTICOLOFRANCIAOLANDAMALTA.jpg","width":1920,"height":1080},{"@type":"BreadcrumbList","@id":"https:\/\/www.tourmusicfest.com\/es\/news\/tour-music-fest-2024-dando-la-bienvenida-a-malta-francia-y-los-paises-bajos\/#breadcrumb","itemListElement":[{"@type":"ListItem","position":1,"name":"Home","item":"https:\/\/www.tourmusicfest.com\/es\/"},{"@type":"ListItem","position":2,"name":"Tour Music Fest 2024: \u00a1Dando la Bienvenida a Malta, Francia y los Pa\u00edses Bajos!"}]},{"@type":"WebSite","@id":"https:\/\/www.tourmusicfest.com\/es\/#website","url":"https:\/\/www.tourmusicfest.com\/es\/","name":"Tour Music Fest - ES","description":"The European Music Contest","publisher":{"@id":"https:\/\/www.tourmusicfest.com\/es\/#organization"},"potentialAction":[{"@type":"SearchAction","target":{"@type":"EntryPoint","urlTemplate":"https:\/\/www.tourmusicfest.com\/es\/?s={search_term_string}"},"query-input":{"@type":"PropertyValueSpecification","valueRequired":true,"valueName":"search_term_string"}}],"inLanguage":"es"},{"@type":"Organization","@id":"https:\/\/www.tourmusicfest.com\/es\/#organization","name":"ES - Tour Music Fest","url":"https:\/\/www.tourmusicfest.com\/es\/","logo":{"@type":"ImageObject","inLanguage":"es","@id":"https:\/\/www.tourmusicfest.com\/es\/#\/schema\/logo\/image\/","url":"https:\/\/www.tourmusicfest.com\/es\/files\/2024\/04\/Brand-TMF-grey.png","contentUrl":"https:\/\/www.tourmusicfest.com\/es\/files\/2024\/04\/Brand-TMF-grey.png","width":1181,"height":875,"caption":"ES - Tour Music Fest"},"image":{"@id":"https:\/\/www.tourmusicfest.com\/es\/#\/schema\/logo\/image\/"},"sameAs":["https:\/\/facebook.com\/tourmusicfest","https:\/\/instagram.com\/tourmusicfest"]},{"@type":"Person","@id":"https:\/\/www.tourmusicfest.com\/es\/#\/schema\/person\/390d861689d02485bce7bf22b19bfe79","name":"tmfeuropa17","image":{"@type":"ImageObject","inLanguage":"es","@id":"https:\/\/www.tourmusicfest.com\/es\/#\/schema\/person\/image\/","url":"https:\/\/secure.gravatar.com\/avatar\/2b5fc8be00f182d9a3134943aeed9d38e7bcb4a9b63a07ad32e9141daebd39dd?s=96&d=mm&r=g","contentUrl":"https:\/\/secure.gravatar.com\/avatar\/2b5fc8be00f182d9a3134943aeed9d38e7bcb4a9b63a07ad32e9141daebd39dd?s=96&d=mm&r=g","caption":"tmfeuropa17"},"url":"https:\/\/www.tourmusicfest.com\/es\/author\/tmfeuropa17\/"}]}},"_links":{"self":[{"href":"https:\/\/www.tourmusicfest.com\/es\/wp-json\/wp\/v2\/posts\/3033","targetHints":{"allow":["GET"]}}],"collection":[{"href":"https:\/\/www.tourmusicfest.com\/es\/wp-json\/wp\/v2\/posts"}],"about":[{"href":"https:\/\/www.tourmusicfest.com\/es\/wp-json\/wp\/v2\/types\/post"}],"author":[{"embeddable":true,"href":"https:\/\/www.tourmusicfest.com\/es\/wp-json\/wp\/v2\/users\/3"}],"replies":[{"embeddable":true,"href":"https:\/\/www.tourmusicfest.com\/es\/wp-json\/wp\/v2\/comments?post=3033"}],"version-history":[{"count":1,"href":"https:\/\/www.tourmusicfest.com\/es\/wp-json\/wp\/v2\/posts\/3033\/revisions"}],"predecessor-version":[{"id":3035,"href":"https:\/\/www.tourmusicfest.com\/es\/wp-json\/wp\/v2\/posts\/3033\/revisions\/3035"}],"wp:featuredmedia":[{"embeddable":true,"href":"https:\/\/www.tourmusicfest.com\/es\/wp-json\/wp\/v2\/media\/3034"}],"wp:attachment":[{"href":"https:\/\/www.tourmusicfest.com\/es\/wp-json\/wp\/v2\/media?parent=3033"}],"wp:term":[{"taxonomy":"category","embeddable":true,"href":"https:\/\/www.tourmusicfest.com\/es\/wp-json\/wp\/v2\/categories?post=3033"},{"taxonomy":"post_tag","embeddable":true,"href":"https:\/\/www.tourmusicfest.com\/es\/wp-json\/wp\/v2\/tags?post=3033"}],"curies":[{"name":"wp","href":"https:\/\/api.w.org\/{rel}","templated":true}]}}