{"id":2555,"date":"2023-11-21T15:15:07","date_gmt":"2023-11-21T15:15:07","guid":{"rendered":"https:\/\/www.tourmusicfest.com\/es\/?p=2555"},"modified":"2023-11-21T15:15:11","modified_gmt":"2023-11-21T15:15:11","slug":"comienza-oficialmente-la-venta-de-boletos-para-la-gran-final-europea-del-tour-music-fest","status":"publish","type":"post","link":"https:\/\/www.tourmusicfest.com\/es\/news\/comienza-oficialmente-la-venta-de-boletos-para-la-gran-final-europea-del-tour-music-fest\/","title":{"rendered":"Comienza oficialmente la venta de boletos para la gran final europea del Tour Music Fest."},"content":{"rendered":"<h3>Si eres un apasionado de la m\u00fasica y est\u00e1s buscando una experiencia extraordinaria, \u00a1prep\u00e1rate para la noche m\u00e1s esperada del a\u00f1o! El Tour Music Fest 2023 est\u00e1 a punto de desatar su poder musical en el Teatro Nuovo de San Marino el pr\u00f3ximo 2 de diciembre a las 21:00. La final europea del TMF est\u00e1 lista para llevar su carga explosiva a uno de los escenarios m\u00e1s fascinantes de Europa.<\/h3>\n<p>El espect\u00e1culo estar\u00e1 caracterizado por actuaciones extraordinarias de los artistas m\u00e1s talentosos, cuidadosamente seleccionados por la comisi\u00f3n del TMF. La emoci\u00f3n alcanzar\u00e1 las estrellas gracias a los prestigiosos jueces Beppe Vessicchio y Kara Dioguardi, conocida jueza de American Idol, quienes tendr\u00e1n la tarea de identificar al ganador de esta emocionante edici\u00f3n del Tour Music Fest.<\/p>\n<p><strong>El Live Music Game para aquellos con olfato para el talento<\/strong><\/p>\n<p>Si crees tener el olfato para descubrir las futuras estrellas de la m\u00fasica, no te pierdas la oportunidad de participar en el Live Music Game. Adivina qui\u00e9nes ser\u00e1n los ganadores del TMF2023 y sum\u00e9rgete en la emoci\u00f3n de una competencia \u00fanica en su g\u00e9nero; tendr\u00e1s la oportunidad de ganar fant\u00e1sticos premios.<\/p>\n<p><strong>Una Noche de Diversidad Musical<\/strong><\/p>\n<p>El Teatro Nuovo de San Marino ser\u00e1 el escenario de la m\u00fasica del futuro con los mejores cantantes, cantautores, raperos, bandas, m\u00fasicos y DJ emergentes de toda Europa, seleccionados entre m\u00e1s de 10,000 propuestas. Esta mezcla de talentos crear\u00e1 una atm\u00f3sfera m\u00e1gica y emocionante que har\u00e1 que la noche sea inolvidable.<\/p>\n<p><strong>Invitados Especiales y Jurado de Excepci\u00f3n<\/strong><\/p>\n<p>El evento no carecer\u00e1 de invitados especiales y un jurado de excepci\u00f3n compuesto por destacados del sector musical. \u00bfQui\u00e9n ser\u00e1 el artista destinado a ganar la decimoquinta edici\u00f3n del Tour Music Fest? La respuesta a esta pregunta podr\u00eda sorprenderte, \u00a1y tendr\u00e1s la oportunidad de descubrirla en vivo!<\/p>\n<p><strong>Un Pasado de \u00c9xitos<\/strong><\/p>\n<p>El Tour Music Fest ya ha descubierto talentos extraordinarios como Mahmood, Ermal Meta, Ariete, Federica Carta y muchos otros. Este a\u00f1o podr\u00eda ser tu oportunidad de presenciar el nacimiento de una nueva estrella. No te pierdas la oportunidad de ser parte de esta extraordinaria historia musical. Si tienes curiosidad por saber m\u00e1s sobre ediciones anteriores, aqu\u00ed tienes un breve resumen en video de la \u00faltima edici\u00f3n.<\/p>\n<p><iframe title=\"Tour Music Fest 2023: The European Finals (Teaser)\" width=\"500\" height=\"281\" src=\"https:\/\/www.youtube.com\/embed\/CYnDxljp9Mg?feature=oembed\" frameborder=\"0\" allow=\"accelerometer; autoplay; clipboard-write; encrypted-media; gyroscope; picture-in-picture; web-share\" referrerpolicy=\"strict-origin-when-cross-origin\" allowfullscreen><\/iframe><\/p>\n<p><strong>Cita Imperdible<\/strong><\/p>\n<p>\u00a1No te lo cuenten! Marca el 2 de diciembre en tu calendario y prep\u00e1rate para sumergirte en la abrumadora energ\u00eda del Tour Music Fest. Beppe Vessicchio, Kara Dioguardi y otros artistas extraordinarios te esperan para una noche inolvidable llena de m\u00fasica del futuro.<\/p>\n<p><strong>Preventas y Boletos<\/strong><\/p>\n<p>Desde hoy, ya puedes comprar boletos para los espect\u00e1culos de pago a trav\u00e9s de la plataforma Ticketone en el siguiente <a href=\"https:\/\/www.ticketone.it\/artist\/queen-at-the-opera\/queen-at-the-opera-redux-3502528\/\">enlace<\/a>.<\/p>\n","protected":false},"excerpt":{"rendered":"<p>Si eres un apasionado de la m\u00fasica y est\u00e1s buscando una experiencia extraordinaria, \u00a1prep\u00e1rate para la noche m\u00e1s esperada del a\u00f1o! El Tour Music Fest 2023 est\u00e1 a punto de desatar su poder musical en el Teatro Nuovo de San Marino el pr\u00f3ximo 2 de diciembre a las 21:00. La final europea del TMF est\u00e1 [&hellip;]<\/p>\n","protected":false},"author":3,"featured_media":2556,"comment_status":"closed","ping_status":"closed","sticky":false,"template":"","format":"standard","meta":{"_acf_changed":false,"footnotes":""},"categories":[4],"tags":[],"class_list":["post-2555","post","type-post","status-publish","format-standard","has-post-thumbnail","hentry","category-news"],"acf":[],"yoast_head":"<!-- This site is optimized with the Yoast SEO plugin v26.7 - https:\/\/yoast.com\/wordpress\/plugins\/seo\/ -->\n<title>Comienza oficialmente la venta de boletos para la gran final europea del Tour Music Fest. - ES - Tour Music Fest<\/title>\n<meta name=\"robots\" content=\"index, follow, max-snippet:-1, max-image-preview:large, max-video-preview:-1\" \/>\n<link rel=\"canonical\" href=\"https:\/\/www.tourmusicfest.com\/es\/news\/comienza-oficialmente-la-venta-de-boletos-para-la-gran-final-europea-del-tour-music-fest\/\" \/>\n<meta property=\"og:locale\" content=\"es_ES\" \/>\n<meta property=\"og:type\" content=\"article\" \/>\n<meta property=\"og:title\" content=\"Comienza oficialmente la venta de boletos para la gran final europea del Tour Music Fest. - ES - Tour Music Fest\" \/>\n<meta property=\"og:description\" content=\"Si eres un apasionado de la m\u00fasica y est\u00e1s buscando una experiencia extraordinaria, \u00a1prep\u00e1rate para la noche m\u00e1s esperada del a\u00f1o! El Tour Music Fest 2023 est\u00e1 a punto de desatar su poder musical en el Teatro Nuovo de San Marino el pr\u00f3ximo 2 de diciembre a las 21:00. La final europea del TMF est\u00e1 [&hellip;]\" \/>\n<meta property=\"og:url\" content=\"https:\/\/www.tourmusicfest.com\/es\/news\/comienza-oficialmente-la-venta-de-boletos-para-la-gran-final-europea-del-tour-music-fest\/\" \/>\n<meta property=\"og:site_name\" content=\"ES - Tour Music Fest\" \/>\n<meta property=\"article:publisher\" content=\"https:\/\/facebook.com\/tourmusicfest\" \/>\n<meta property=\"article:published_time\" content=\"2023-11-21T15:15:07+00:00\" \/>\n<meta property=\"article:modified_time\" content=\"2023-11-21T15:15:11+00:00\" \/>\n<meta property=\"og:image\" content=\"https:\/\/www.tourmusicfest.com\/es\/files\/2023\/11\/teastata_articolo4b_finali_2023_b.jpg\" \/>\n\t<meta property=\"og:image:width\" content=\"1903\" \/>\n\t<meta property=\"og:image:height\" content=\"862\" \/>\n\t<meta property=\"og:image:type\" content=\"image\/jpeg\" \/>\n<meta name=\"author\" content=\"tmfeuropa17\" \/>\n<meta name=\"twitter:card\" content=\"summary_large_image\" \/>\n<meta name=\"twitter:label1\" content=\"Escrito por\" \/>\n\t<meta name=\"twitter:data1\" content=\"tmfeuropa17\" \/>\n\t<meta name=\"twitter:label2\" content=\"Tiempo de lectura\" \/>\n\t<meta name=\"twitter:data2\" content=\"2 minutos\" \/>\n<script type=\"application\/ld+json\" class=\"yoast-schema-graph\">{\"@context\":\"https:\/\/schema.org\",\"@graph\":[{\"@type\":\"Article\",\"@id\":\"https:\/\/www.tourmusicfest.com\/es\/news\/comienza-oficialmente-la-venta-de-boletos-para-la-gran-final-europea-del-tour-music-fest\/#article\",\"isPartOf\":{\"@id\":\"https:\/\/www.tourmusicfest.com\/es\/news\/comienza-oficialmente-la-venta-de-boletos-para-la-gran-final-europea-del-tour-music-fest\/\"},\"author\":{\"name\":\"tmfeuropa17\",\"@id\":\"https:\/\/www.tourmusicfest.com\/es\/#\/schema\/person\/390d861689d02485bce7bf22b19bfe79\"},\"headline\":\"Comienza oficialmente la venta de boletos para la gran final europea del Tour Music Fest.\",\"datePublished\":\"2023-11-21T15:15:07+00:00\",\"dateModified\":\"2023-11-21T15:15:11+00:00\",\"mainEntityOfPage\":{\"@id\":\"https:\/\/www.tourmusicfest.com\/es\/news\/comienza-oficialmente-la-venta-de-boletos-para-la-gran-final-europea-del-tour-music-fest\/\"},\"wordCount\":493,\"publisher\":{\"@id\":\"https:\/\/www.tourmusicfest.com\/es\/#organization\"},\"image\":{\"@id\":\"https:\/\/www.tourmusicfest.com\/es\/news\/comienza-oficialmente-la-venta-de-boletos-para-la-gran-final-europea-del-tour-music-fest\/#primaryimage\"},\"thumbnailUrl\":\"https:\/\/www.tourmusicfest.com\/es\/files\/2023\/11\/teastata_articolo4b_finali_2023_b.jpg\",\"articleSection\":[\"News\"],\"inLanguage\":\"es\"},{\"@type\":\"WebPage\",\"@id\":\"https:\/\/www.tourmusicfest.com\/es\/news\/comienza-oficialmente-la-venta-de-boletos-para-la-gran-final-europea-del-tour-music-fest\/\",\"url\":\"https:\/\/www.tourmusicfest.com\/es\/news\/comienza-oficialmente-la-venta-de-boletos-para-la-gran-final-europea-del-tour-music-fest\/\",\"name\":\"Comienza oficialmente la venta de boletos para la gran final europea del Tour Music Fest. - ES - Tour Music Fest\",\"isPartOf\":{\"@id\":\"https:\/\/www.tourmusicfest.com\/es\/#website\"},\"primaryImageOfPage\":{\"@id\":\"https:\/\/www.tourmusicfest.com\/es\/news\/comienza-oficialmente-la-venta-de-boletos-para-la-gran-final-europea-del-tour-music-fest\/#primaryimage\"},\"image\":{\"@id\":\"https:\/\/www.tourmusicfest.com\/es\/news\/comienza-oficialmente-la-venta-de-boletos-para-la-gran-final-europea-del-tour-music-fest\/#primaryimage\"},\"thumbnailUrl\":\"https:\/\/www.tourmusicfest.com\/es\/files\/2023\/11\/teastata_articolo4b_finali_2023_b.jpg\",\"datePublished\":\"2023-11-21T15:15:07+00:00\",\"dateModified\":\"2023-11-21T15:15:11+00:00\",\"breadcrumb\":{\"@id\":\"https:\/\/www.tourmusicfest.com\/es\/news\/comienza-oficialmente-la-venta-de-boletos-para-la-gran-final-europea-del-tour-music-fest\/#breadcrumb\"},\"inLanguage\":\"es\",\"potentialAction\":[{\"@type\":\"ReadAction\",\"target\":[\"https:\/\/www.tourmusicfest.com\/es\/news\/comienza-oficialmente-la-venta-de-boletos-para-la-gran-final-europea-del-tour-music-fest\/\"]}]},{\"@type\":\"ImageObject\",\"inLanguage\":\"es\",\"@id\":\"https:\/\/www.tourmusicfest.com\/es\/news\/comienza-oficialmente-la-venta-de-boletos-para-la-gran-final-europea-del-tour-music-fest\/#primaryimage\",\"url\":\"https:\/\/www.tourmusicfest.com\/es\/files\/2023\/11\/teastata_articolo4b_finali_2023_b.jpg\",\"contentUrl\":\"https:\/\/www.tourmusicfest.com\/es\/files\/2023\/11\/teastata_articolo4b_finali_2023_b.jpg\",\"width\":1903,\"height\":862},{\"@type\":\"BreadcrumbList\",\"@id\":\"https:\/\/www.tourmusicfest.com\/es\/news\/comienza-oficialmente-la-venta-de-boletos-para-la-gran-final-europea-del-tour-music-fest\/#breadcrumb\",\"itemListElement\":[{\"@type\":\"ListItem\",\"position\":1,\"name\":\"Home\",\"item\":\"https:\/\/www.tourmusicfest.com\/es\/\"},{\"@type\":\"ListItem\",\"position\":2,\"name\":\"Comienza oficialmente la venta de boletos para la gran final europea del Tour Music Fest.\"}]},{\"@type\":\"WebSite\",\"@id\":\"https:\/\/www.tourmusicfest.com\/es\/#website\",\"url\":\"https:\/\/www.tourmusicfest.com\/es\/\",\"name\":\"Tour Music Fest - ES\",\"description\":\"The European Music Contest\",\"publisher\":{\"@id\":\"https:\/\/www.tourmusicfest.com\/es\/#organization\"},\"potentialAction\":[{\"@type\":\"SearchAction\",\"target\":{\"@type\":\"EntryPoint\",\"urlTemplate\":\"https:\/\/www.tourmusicfest.com\/es\/?s={search_term_string}\"},\"query-input\":{\"@type\":\"PropertyValueSpecification\",\"valueRequired\":true,\"valueName\":\"search_term_string\"}}],\"inLanguage\":\"es\"},{\"@type\":\"Organization\",\"@id\":\"https:\/\/www.tourmusicfest.com\/es\/#organization\",\"name\":\"ES - Tour Music Fest\",\"url\":\"https:\/\/www.tourmusicfest.com\/es\/\",\"logo\":{\"@type\":\"ImageObject\",\"inLanguage\":\"es\",\"@id\":\"https:\/\/www.tourmusicfest.com\/es\/#\/schema\/logo\/image\/\",\"url\":\"https:\/\/www.tourmusicfest.com\/es\/files\/2024\/04\/Brand-TMF-grey.png\",\"contentUrl\":\"https:\/\/www.tourmusicfest.com\/es\/files\/2024\/04\/Brand-TMF-grey.png\",\"width\":1181,\"height\":875,\"caption\":\"ES - Tour Music Fest\"},\"image\":{\"@id\":\"https:\/\/www.tourmusicfest.com\/es\/#\/schema\/logo\/image\/\"},\"sameAs\":[\"https:\/\/facebook.com\/tourmusicfest\",\"https:\/\/instagram.com\/tourmusicfest\"]},{\"@type\":\"Person\",\"@id\":\"https:\/\/www.tourmusicfest.com\/es\/#\/schema\/person\/390d861689d02485bce7bf22b19bfe79\",\"name\":\"tmfeuropa17\",\"image\":{\"@type\":\"ImageObject\",\"inLanguage\":\"es\",\"@id\":\"https:\/\/www.tourmusicfest.com\/es\/#\/schema\/person\/image\/\",\"url\":\"https:\/\/secure.gravatar.com\/avatar\/2b5fc8be00f182d9a3134943aeed9d38e7bcb4a9b63a07ad32e9141daebd39dd?s=96&d=mm&r=g\",\"contentUrl\":\"https:\/\/secure.gravatar.com\/avatar\/2b5fc8be00f182d9a3134943aeed9d38e7bcb4a9b63a07ad32e9141daebd39dd?s=96&d=mm&r=g\",\"caption\":\"tmfeuropa17\"},\"url\":\"https:\/\/www.tourmusicfest.com\/es\/author\/tmfeuropa17\/\"}]}<\/script>\n<!-- \/ Yoast SEO plugin. -->","yoast_head_json":{"title":"Comienza oficialmente la venta de boletos para la gran final europea del Tour Music Fest. - ES - Tour Music Fest","robots":{"index":"index","follow":"follow","max-snippet":"max-snippet:-1","max-image-preview":"max-image-preview:large","max-video-preview":"max-video-preview:-1"},"canonical":"https:\/\/www.tourmusicfest.com\/es\/news\/comienza-oficialmente-la-venta-de-boletos-para-la-gran-final-europea-del-tour-music-fest\/","og_locale":"es_ES","og_type":"article","og_title":"Comienza oficialmente la venta de boletos para la gran final europea del Tour Music Fest. - ES - Tour Music Fest","og_description":"Si eres un apasionado de la m\u00fasica y est\u00e1s buscando una experiencia extraordinaria, \u00a1prep\u00e1rate para la noche m\u00e1s esperada del a\u00f1o! El Tour Music Fest 2023 est\u00e1 a punto de desatar su poder musical en el Teatro Nuovo de San Marino el pr\u00f3ximo 2 de diciembre a las 21:00. La final europea del TMF est\u00e1 [&hellip;]","og_url":"https:\/\/www.tourmusicfest.com\/es\/news\/comienza-oficialmente-la-venta-de-boletos-para-la-gran-final-europea-del-tour-music-fest\/","og_site_name":"ES - Tour Music Fest","article_publisher":"https:\/\/facebook.com\/tourmusicfest","article_published_time":"2023-11-21T15:15:07+00:00","article_modified_time":"2023-11-21T15:15:11+00:00","og_image":[{"width":1903,"height":862,"url":"https:\/\/www.tourmusicfest.com\/es\/files\/2023\/11\/teastata_articolo4b_finali_2023_b.jpg","type":"image\/jpeg"}],"author":"tmfeuropa17","twitter_card":"summary_large_image","twitter_misc":{"Escrito por":"tmfeuropa17","Tiempo de lectura":"2 minutos"},"schema":{"@context":"https:\/\/schema.org","@graph":[{"@type":"Article","@id":"https:\/\/www.tourmusicfest.com\/es\/news\/comienza-oficialmente-la-venta-de-boletos-para-la-gran-final-europea-del-tour-music-fest\/#article","isPartOf":{"@id":"https:\/\/www.tourmusicfest.com\/es\/news\/comienza-oficialmente-la-venta-de-boletos-para-la-gran-final-europea-del-tour-music-fest\/"},"author":{"name":"tmfeuropa17","@id":"https:\/\/www.tourmusicfest.com\/es\/#\/schema\/person\/390d861689d02485bce7bf22b19bfe79"},"headline":"Comienza oficialmente la venta de boletos para la gran final europea del Tour Music Fest.","datePublished":"2023-11-21T15:15:07+00:00","dateModified":"2023-11-21T15:15:11+00:00","mainEntityOfPage":{"@id":"https:\/\/www.tourmusicfest.com\/es\/news\/comienza-oficialmente-la-venta-de-boletos-para-la-gran-final-europea-del-tour-music-fest\/"},"wordCount":493,"publisher":{"@id":"https:\/\/www.tourmusicfest.com\/es\/#organization"},"image":{"@id":"https:\/\/www.tourmusicfest.com\/es\/news\/comienza-oficialmente-la-venta-de-boletos-para-la-gran-final-europea-del-tour-music-fest\/#primaryimage"},"thumbnailUrl":"https:\/\/www.tourmusicfest.com\/es\/files\/2023\/11\/teastata_articolo4b_finali_2023_b.jpg","articleSection":["News"],"inLanguage":"es"},{"@type":"WebPage","@id":"https:\/\/www.tourmusicfest.com\/es\/news\/comienza-oficialmente-la-venta-de-boletos-para-la-gran-final-europea-del-tour-music-fest\/","url":"https:\/\/www.tourmusicfest.com\/es\/news\/comienza-oficialmente-la-venta-de-boletos-para-la-gran-final-europea-del-tour-music-fest\/","name":"Comienza oficialmente la venta de boletos para la gran final europea del Tour Music Fest. - ES - Tour Music Fest","isPartOf":{"@id":"https:\/\/www.tourmusicfest.com\/es\/#website"},"primaryImageOfPage":{"@id":"https:\/\/www.tourmusicfest.com\/es\/news\/comienza-oficialmente-la-venta-de-boletos-para-la-gran-final-europea-del-tour-music-fest\/#primaryimage"},"image":{"@id":"https:\/\/www.tourmusicfest.com\/es\/news\/comienza-oficialmente-la-venta-de-boletos-para-la-gran-final-europea-del-tour-music-fest\/#primaryimage"},"thumbnailUrl":"https:\/\/www.tourmusicfest.com\/es\/files\/2023\/11\/teastata_articolo4b_finali_2023_b.jpg","datePublished":"2023-11-21T15:15:07+00:00","dateModified":"2023-11-21T15:15:11+00:00","breadcrumb":{"@id":"https:\/\/www.tourmusicfest.com\/es\/news\/comienza-oficialmente-la-venta-de-boletos-para-la-gran-final-europea-del-tour-music-fest\/#breadcrumb"},"inLanguage":"es","potentialAction":[{"@type":"ReadAction","target":["https:\/\/www.tourmusicfest.com\/es\/news\/comienza-oficialmente-la-venta-de-boletos-para-la-gran-final-europea-del-tour-music-fest\/"]}]},{"@type":"ImageObject","inLanguage":"es","@id":"https:\/\/www.tourmusicfest.com\/es\/news\/comienza-oficialmente-la-venta-de-boletos-para-la-gran-final-europea-del-tour-music-fest\/#primaryimage","url":"https:\/\/www.tourmusicfest.com\/es\/files\/2023\/11\/teastata_articolo4b_finali_2023_b.jpg","contentUrl":"https:\/\/www.tourmusicfest.com\/es\/files\/2023\/11\/teastata_articolo4b_finali_2023_b.jpg","width":1903,"height":862},{"@type":"BreadcrumbList","@id":"https:\/\/www.tourmusicfest.com\/es\/news\/comienza-oficialmente-la-venta-de-boletos-para-la-gran-final-europea-del-tour-music-fest\/#breadcrumb","itemListElement":[{"@type":"ListItem","position":1,"name":"Home","item":"https:\/\/www.tourmusicfest.com\/es\/"},{"@type":"ListItem","position":2,"name":"Comienza oficialmente la venta de boletos para la gran final europea del Tour Music Fest."}]},{"@type":"WebSite","@id":"https:\/\/www.tourmusicfest.com\/es\/#website","url":"https:\/\/www.tourmusicfest.com\/es\/","name":"Tour Music Fest - ES","description":"The European Music Contest","publisher":{"@id":"https:\/\/www.tourmusicfest.com\/es\/#organization"},"potentialAction":[{"@type":"SearchAction","target":{"@type":"EntryPoint","urlTemplate":"https:\/\/www.tourmusicfest.com\/es\/?s={search_term_string}"},"query-input":{"@type":"PropertyValueSpecification","valueRequired":true,"valueName":"search_term_string"}}],"inLanguage":"es"},{"@type":"Organization","@id":"https:\/\/www.tourmusicfest.com\/es\/#organization","name":"ES - Tour Music Fest","url":"https:\/\/www.tourmusicfest.com\/es\/","logo":{"@type":"ImageObject","inLanguage":"es","@id":"https:\/\/www.tourmusicfest.com\/es\/#\/schema\/logo\/image\/","url":"https:\/\/www.tourmusicfest.com\/es\/files\/2024\/04\/Brand-TMF-grey.png","contentUrl":"https:\/\/www.tourmusicfest.com\/es\/files\/2024\/04\/Brand-TMF-grey.png","width":1181,"height":875,"caption":"ES - Tour Music Fest"},"image":{"@id":"https:\/\/www.tourmusicfest.com\/es\/#\/schema\/logo\/image\/"},"sameAs":["https:\/\/facebook.com\/tourmusicfest","https:\/\/instagram.com\/tourmusicfest"]},{"@type":"Person","@id":"https:\/\/www.tourmusicfest.com\/es\/#\/schema\/person\/390d861689d02485bce7bf22b19bfe79","name":"tmfeuropa17","image":{"@type":"ImageObject","inLanguage":"es","@id":"https:\/\/www.tourmusicfest.com\/es\/#\/schema\/person\/image\/","url":"https:\/\/secure.gravatar.com\/avatar\/2b5fc8be00f182d9a3134943aeed9d38e7bcb4a9b63a07ad32e9141daebd39dd?s=96&d=mm&r=g","contentUrl":"https:\/\/secure.gravatar.com\/avatar\/2b5fc8be00f182d9a3134943aeed9d38e7bcb4a9b63a07ad32e9141daebd39dd?s=96&d=mm&r=g","caption":"tmfeuropa17"},"url":"https:\/\/www.tourmusicfest.com\/es\/author\/tmfeuropa17\/"}]}},"_links":{"self":[{"href":"https:\/\/www.tourmusicfest.com\/es\/wp-json\/wp\/v2\/posts\/2555","targetHints":{"allow":["GET"]}}],"collection":[{"href":"https:\/\/www.tourmusicfest.com\/es\/wp-json\/wp\/v2\/posts"}],"about":[{"href":"https:\/\/www.tourmusicfest.com\/es\/wp-json\/wp\/v2\/types\/post"}],"author":[{"embeddable":true,"href":"https:\/\/www.tourmusicfest.com\/es\/wp-json\/wp\/v2\/users\/3"}],"replies":[{"embeddable":true,"href":"https:\/\/www.tourmusicfest.com\/es\/wp-json\/wp\/v2\/comments?post=2555"}],"version-history":[{"count":1,"href":"https:\/\/www.tourmusicfest.com\/es\/wp-json\/wp\/v2\/posts\/2555\/revisions"}],"predecessor-version":[{"id":2557,"href":"https:\/\/www.tourmusicfest.com\/es\/wp-json\/wp\/v2\/posts\/2555\/revisions\/2557"}],"wp:featuredmedia":[{"embeddable":true,"href":"https:\/\/www.tourmusicfest.com\/es\/wp-json\/wp\/v2\/media\/2556"}],"wp:attachment":[{"href":"https:\/\/www.tourmusicfest.com\/es\/wp-json\/wp\/v2\/media?parent=2555"}],"wp:term":[{"taxonomy":"category","embeddable":true,"href":"https:\/\/www.tourmusicfest.com\/es\/wp-json\/wp\/v2\/categories?post=2555"},{"taxonomy":"post_tag","embeddable":true,"href":"https:\/\/www.tourmusicfest.com\/es\/wp-json\/wp\/v2\/tags?post=2555"}],"curies":[{"name":"wp","href":"https:\/\/api.w.org\/{rel}","templated":true}]}}