{"id":2548,"date":"2023-11-02T12:30:05","date_gmt":"2023-11-02T12:30:05","guid":{"rendered":"https:\/\/www.tourmusicfest.com\/es\/?p=2548"},"modified":"2023-11-02T12:31:34","modified_gmt":"2023-11-02T12:31:34","slug":"tmf2023-the-european-finals","status":"publish","type":"post","link":"https:\/\/www.tourmusicfest.com\/es\/news\/tmf2023-the-european-finals\/","title":{"rendered":"TMF2023: The European Finals"},"content":{"rendered":"<h3>Tras el extraordinario \u00e9xito del a\u00f1o pasado, del 27 de noviembre al 2 de diciembre regresan las finales europeas de la 15\u00aa edici\u00f3n de Tour Music Fest &#8211; The European Music Contest en el maravilloso escenario de la Rep\u00fablica de San Marino.<\/h3>\n<p><strong>Desde el 27 de noviembre hasta el 2 de diciembre, el &#8220;Tour Music Fest &#8211; M\u00fasica, Encuentro y Festival&#8221;, la competencia musical europea m\u00e1s grande<\/strong>, se llevar\u00e1 a cabo en el m\u00e1gico escenario de la Rep\u00fablica de San Marino. Ser\u00e1 un gran festival con un programa rico que incluye m\u00e1s de 50 eventos, como actuaciones, concursos de m\u00fasica, reuniones, talleres, conciertos, clases magistrales, sesiones de DJ y talleres musicales.<\/p>\n<p><strong>Todo esto se realizar\u00e1 en vivo y en compa\u00f1\u00eda de grandes artistas y personalidades<\/strong> como Beppe Vessicchio, Ensi, Kara DioGuardi, exjuez de American Idol, Paola Folli, Mazay DJ, Giuseppe Anastasi, Francesco Rapaccioli (entrenador vocal de Lazza e Irama), los entrenadores de Tour Music Fest y muchos otros profesionales de la industria que se alternar\u00e1n entre actuaciones, clases magistrales de formaci\u00f3n musical y como jueces durante las finales de Tour Music Fest 2023.<\/p>\n<p>&#8220;Comparado con la edici\u00f3n anterior de Tour Music Fest, este a\u00f1o el concurso ha regresado a Europa con una gira que involucr\u00f3 a 9 pa\u00edses&#8221;, dijo <strong>Gianluca Musso, director de Tour Music Fest.<\/strong> Continu\u00f3 diciendo: &#8220;Ser\u00e1 una semana en la que San Marino ser\u00e1 el coraz\u00f3n latiente de la m\u00fasica emergente europea, una oportunidad perfecta para disfrutar de nueva m\u00fasica y conocer a leyendas de la m\u00fasica italiana e internacional que estar\u00e1n disponibles para el p\u00fablico y los artistas emergentes para ofrecer buena m\u00fasica, experiencias, formaci\u00f3n y apoyo a las nuevas generaciones de m\u00fasicos. Agradecemos a la Secretar\u00eda de Estado de Turismo y a la Oficina de Turismo de la Rep\u00fablica de San Marino por todo el apoyo recibido para la confirmaci\u00f3n de este gran evento&#8221;.<\/p>\n<div class=\"video-container\"><iframe src=\"https:\/\/www.youtube.com\/embed\/CYnDxljp9Mg\" width=\"640\" height=\"480\" frameborder=\"0\" allowfullscreen=\"allowfullscreen\"><span data-mce-type=\"bookmark\" style=\"display: inline-block; width: 0px; overflow: hidden; line-height: 0;\" class=\"mce_SELRES_start\">\ufeff<\/span><span data-mce-type=\"bookmark\" style=\"display: inline-block; width: 0px; overflow: hidden; line-height: 0;\" class=\"mce_SELRES_start\">\ufeff<\/span><span data-mce-type=\"bookmark\" style=\"display: inline-block; width: 0px; overflow: hidden; line-height: 0;\" class=\"mce_SELRES_start\">\ufeff<\/span><\/iframe><\/div>\n<p><strong>PROGRAMA DE ESPECT\u00c1CULOS<\/strong><\/p>\n<p>El festival, respaldado por la Secretar\u00eda de Estado de Turismo, Correos, Cooperaci\u00f3n y Expo de San Marino, se llevar\u00e1 a cabo en los principales teatros de San Marino con un programa rico de eventos. Entre ellos se encuentra el espect\u00e1culo <strong>&#8220;Queen at The Opera &#8211; Redux&#8221;, el tributo m\u00e1s grande a Queen jam\u00e1s realizado<\/strong>, programado para el 1 de diciembre a las 9:00 PM en el Teatro Nuovo en Dogana. El espect\u00e1culo, que se ha presentado en una gira por los teatros m\u00e1s grandes de Italia y Europa, llega a San Marino para 90 minutos de pura diversi\u00f3n, con una banda en vivo, un cuarteto de cuerdas y tres cantantes acompa\u00f1ados de impresionantes efectos visuales para una inmersi\u00f3n total en la m\u00fasica de Queen, Freddie Mercury y sus mayores \u00e9xitos. Las entradas estar\u00e1n disponibles con antelaci\u00f3n a trav\u00e9s de TicketOne.<\/p>\n<p><strong>El s\u00e1bado 2 de diciembre, a las 9:00 PM, tambi\u00e9n en el Teatro Nuovo en Dogana, se llevar\u00e1n a cabo las grandiosas finales de Tour Music Fest.<\/strong> Los mejores artistas emergentes seleccionados en toda Europa, incluyendo cantantes, raperos, bandas y DJ, competir\u00e1n por el t\u00edtulo de &#8220;Artista del A\u00f1o&#8221; y un presupuesto de 10,000 euros para la producci\u00f3n de un \u00e1lbum, una gira de conciertos y muchos otros premios. Las entradas est\u00e1n disponibles con antelaci\u00f3n a trav\u00e9s de TicketOne.<\/p>\n<p><strong>CLASES MAGISTRALES Y ENCUENTROS ART\u00cdSTICOS<\/strong><\/p>\n<p><strong>El prop\u00f3sito del evento es ofrecer a los artistas emergentes una experiencia educativa y de actuaci\u00f3n.<\/strong> Durante toda la semana, habr\u00e1 muchas clases magistrales y encuentros art\u00edsticos gratuitos para aquellos interesados en la m\u00fasica. M\u00e1s de 50 eventos gratuitos brindar\u00e1n una experiencia musical completa.<\/p>\n<p><strong>La semana comienza con la clase magistral de DJ Mazay, &#8220;C\u00f3mo construir una carrera de DJ&#8221;<\/strong>, el 27 de noviembre en la Sala Little Tony. El 28 de noviembre habr\u00e1 un encuentro art\u00edstico con Ensi, dedicado al mundo del rap, y el 29 y 30 de noviembre, <strong>la influencer Annal\u00f9 y la sanmarinense Monica Hill hablar\u00e1n sobre interpretaci\u00f3n y la profesi\u00f3n del cantante.<\/strong><\/p>\n<p><strong>El 29 de noviembre, en el Teatro Titano, habr\u00e1 una clase magistral de Giuseppe Anastasi, uno de los compositores italianos m\u00e1s prol\u00edficos,<\/strong> sobre la composici\u00f3n de canciones. El 30 de noviembre, la famosa cantante <strong>Paola Folli y Francesco Rapaccioli,<\/strong> coach art\u00edstico de Lazza e Irama en las dos \u00faltimas ediciones de San Remo, ofrecer\u00e1n clases magistrales sobre t\u00e9cnicas vocales y preparaci\u00f3n art\u00edstica.<\/p>\n<p><strong>El 2 de diciembre, en el Teatro Titano, el Maestro Beppe Vessicchio,<\/strong> director de la comisi\u00f3n italiana de Tour Music Fest, ofrecer\u00e1 una clase magistral sobre la &#8220;Verdad art\u00edstica en la m\u00fasica&#8221;, y la estadounidense <strong>Kara DioGuardi, autora y productora de Pink, Anastacia, Laura Pausini, Britney Spears<\/strong> y muchos otros artistas de nivel mundial, ofrecer\u00e1 una clase magistral sobre identidad art\u00edstica.<\/p>\n<p><strong>El programa incluye muchas otras clases magistrales y encuentros con profesionales de la industria.<\/strong> Puede encontrar la lista completa en el sitio web oficial del festival <a href=\"http:\/\/festival.tourmusicfest.it\">(festival.tourmusicfest.it).<\/a><\/p>\n<p><strong>EL CONCURSO DE M\u00daSICA<\/strong><\/p>\n<p><strong>Durante los seis d\u00edas del festival, m\u00e1s de 600 artistas y bandas de toda Europa competir\u00e1n en los escenarios de los teatros de San Marino.<\/strong> Habr\u00e1 actuaciones de talentosos cantantes, raperos, m\u00fasicos y DJ emergentes.<\/p>\n<p><strong>Todo comienza el lunes 27 de noviembre y el martes 28 de noviembre en la Sala Little Tony, dedicada al gran artista de origen sanmarinense, con el concurso de DJ de Tour Music Fest,<\/strong> donde DJs emergentes y productores mostrar\u00e1n sus habilidades frente a Mazay DJ, un conocido DJ italiano que ha actuado en los clubes m\u00e1s importantes de Italia y el extranjero.<\/p>\n<p><strong>El martes 28 de noviembre, en la Sala Little Tony, ser\u00e1 el turno del concurso de rap, donde los mejores raperos emergentes<\/strong> subir\u00e1n al escenario para mostrar sus rimas y actuaciones ante Ensi, el mejor freestyler italiano y una figura destacada de la escena del rap en Italia. Simult\u00e1neamente, el mismo d\u00eda, se llevar\u00e1n a cabo las finales de m\u00fasicos y m\u00fasicos j\u00f3venes de TMF en <strong>el Teatro Titano, que presentar\u00e1n las actuaciones de los mejores bateristas, pianistas, guitarristas y bajistas<\/strong> seleccionados durante la gira internacional, compitiendo por los premios ofrecidos por Algam Eko, el distribuidor de instrumentos musicales m\u00e1s grande de Italia.<\/p>\n<p><strong>Del mi\u00e9rcoles 29 al jueves 30 de noviembre, ser\u00e1 el turno de los cantantes y cantautores de Tour Music Fest,<\/strong> quienes interpretar\u00e1n sus canciones en el Teatro Titano y Sala Little Tony frente al panel de TMF. Este panel incluye invitados especiales como Paola Folli, Francesco Rapaccioli, Vlter Sacripanti (compositor y m\u00fasico para Nek, Ivana Spagna y muchos otros), Francesco Gazz\u00e8, Giuseppe Anastasi (autor de Arisa y Michele Bravi) y muchos otros profesionales.<\/p>\n<p><strong>El jueves 30 de noviembre, en la Sala Little Tony, tendr\u00e1 lugar el concurso de bandas &#8220;Riunite la band&#8221;<\/strong>, realizado en colaboraci\u00f3n con Riunite, el Lambrusco m\u00e1s consumido del mundo. La mejor banda ser\u00e1 premiada con la producci\u00f3n de un sencillo en los Abbey Road Studios de Londres.<\/p>\n<p><strong>INFORMACI\u00d3N DE BOLETOS<\/strong><\/p>\n<p>A partir del lunes 16 de octubre, las entradas para las actuaciones de pago se pueden comprar a trav\u00e9s de Ticketone en los siguientes enlaces:<\/p>\n<p><a href=\"https:\/\/www.ticketone.it\/event\/queen-at-the-opera-redux-teatro-nuovo-17716722\/\"><strong>Queen at The Opera<\/strong> <strong>\u2013 Redux<\/strong> <\/a>\u2013 viernes 1 de diciembre, 21:00, Teatro Nuovo en Dogana<br \/>\n<a href=\"https:\/\/www.ticketone.it\/artist\/tour-music-fest\/\"><strong>Tour Music Fest \u2013 The European Finals<\/strong> <\/a>\u2013 s\u00e1bado 2 de diciembre, 21:00, Teatro Nuovo en Dogana&#8221;<\/p>\n<p><img fetchpriority=\"high\" decoding=\"async\" src=\"https:\/\/www.tourmusicfest.com\/es\/files\/2023\/11\/calltoaction2-700x299.jpg\" alt=\"\" width=\"700\" height=\"299\" class=\"alignnone size-medium wp-image-2552\" srcset=\"https:\/\/www.tourmusicfest.com\/es\/files\/2023\/11\/calltoaction2-700x299.jpg 700w, https:\/\/www.tourmusicfest.com\/es\/files\/2023\/11\/calltoaction2-1024x438.jpg 1024w, https:\/\/www.tourmusicfest.com\/es\/files\/2023\/11\/calltoaction2-768x329.jpg 768w, https:\/\/www.tourmusicfest.com\/es\/files\/2023\/11\/calltoaction2-1536x657.jpg 1536w, https:\/\/www.tourmusicfest.com\/es\/files\/2023\/11\/calltoaction2.jpg 1903w\" sizes=\"(max-width: 700px) 100vw, 700px\" \/><\/p>\n","protected":false},"excerpt":{"rendered":"<p>Tras el extraordinario \u00e9xito del a\u00f1o pasado, del 27 de noviembre al 2 de diciembre regresan las finales europeas de la 15\u00aa edici\u00f3n de Tour Music Fest &#8211; The European Music Contest en el maravilloso escenario de la Rep\u00fablica de San Marino. Desde el 27 de noviembre hasta el 2 de diciembre, el &#8220;Tour Music [&hellip;]<\/p>\n","protected":false},"author":3,"featured_media":2549,"comment_status":"closed","ping_status":"closed","sticky":false,"template":"","format":"standard","meta":{"_acf_changed":false,"footnotes":""},"categories":[4],"tags":[],"class_list":["post-2548","post","type-post","status-publish","format-standard","has-post-thumbnail","hentry","category-news"],"acf":[],"yoast_head":"<!-- This site is optimized with the Yoast SEO plugin v26.7 - https:\/\/yoast.com\/wordpress\/plugins\/seo\/ -->\n<title>TMF2023: The European Finals - ES - Tour Music Fest<\/title>\n<meta name=\"robots\" content=\"index, follow, max-snippet:-1, max-image-preview:large, max-video-preview:-1\" \/>\n<link rel=\"canonical\" href=\"https:\/\/www.tourmusicfest.com\/es\/news\/tmf2023-the-european-finals\/\" \/>\n<meta property=\"og:locale\" content=\"es_ES\" \/>\n<meta property=\"og:type\" content=\"article\" \/>\n<meta property=\"og:title\" content=\"TMF2023: The European Finals - ES - Tour Music Fest\" \/>\n<meta property=\"og:description\" content=\"Tras el extraordinario \u00e9xito del a\u00f1o pasado, del 27 de noviembre al 2 de diciembre regresan las finales europeas de la 15\u00aa edici\u00f3n de Tour Music Fest &#8211; The European Music Contest en el maravilloso escenario de la Rep\u00fablica de San Marino. Desde el 27 de noviembre hasta el 2 de diciembre, el &#8220;Tour Music [&hellip;]\" \/>\n<meta property=\"og:url\" content=\"https:\/\/www.tourmusicfest.com\/es\/news\/tmf2023-the-european-finals\/\" \/>\n<meta property=\"og:site_name\" content=\"ES - Tour Music Fest\" \/>\n<meta property=\"article:publisher\" content=\"https:\/\/facebook.com\/tourmusicfest\" \/>\n<meta property=\"article:published_time\" content=\"2023-11-02T12:30:05+00:00\" \/>\n<meta property=\"article:modified_time\" content=\"2023-11-02T12:31:34+00:00\" \/>\n<meta property=\"og:image\" content=\"https:\/\/www.tourmusicfest.com\/es\/files\/2023\/11\/teastata_articolo4b_finali_2023.jpg\" \/>\n\t<meta property=\"og:image:width\" content=\"1903\" \/>\n\t<meta property=\"og:image:height\" content=\"862\" \/>\n\t<meta property=\"og:image:type\" content=\"image\/jpeg\" \/>\n<meta name=\"author\" content=\"tmfeuropa17\" \/>\n<meta name=\"twitter:card\" content=\"summary_large_image\" \/>\n<meta name=\"twitter:label1\" content=\"Escrito por\" \/>\n\t<meta name=\"twitter:data1\" content=\"tmfeuropa17\" \/>\n\t<meta name=\"twitter:label2\" content=\"Tiempo de lectura\" \/>\n\t<meta name=\"twitter:data2\" content=\"6 minutos\" \/>\n<script type=\"application\/ld+json\" class=\"yoast-schema-graph\">{\"@context\":\"https:\/\/schema.org\",\"@graph\":[{\"@type\":\"Article\",\"@id\":\"https:\/\/www.tourmusicfest.com\/es\/news\/tmf2023-the-european-finals\/#article\",\"isPartOf\":{\"@id\":\"https:\/\/www.tourmusicfest.com\/es\/news\/tmf2023-the-european-finals\/\"},\"author\":{\"name\":\"tmfeuropa17\",\"@id\":\"https:\/\/www.tourmusicfest.com\/es\/#\/schema\/person\/390d861689d02485bce7bf22b19bfe79\"},\"headline\":\"TMF2023: The European Finals\",\"datePublished\":\"2023-11-02T12:30:05+00:00\",\"dateModified\":\"2023-11-02T12:31:34+00:00\",\"mainEntityOfPage\":{\"@id\":\"https:\/\/www.tourmusicfest.com\/es\/news\/tmf2023-the-european-finals\/\"},\"wordCount\":1249,\"publisher\":{\"@id\":\"https:\/\/www.tourmusicfest.com\/es\/#organization\"},\"image\":{\"@id\":\"https:\/\/www.tourmusicfest.com\/es\/news\/tmf2023-the-european-finals\/#primaryimage\"},\"thumbnailUrl\":\"https:\/\/www.tourmusicfest.com\/es\/files\/2023\/11\/teastata_articolo4b_finali_2023.jpg\",\"articleSection\":[\"News\"],\"inLanguage\":\"es\"},{\"@type\":\"WebPage\",\"@id\":\"https:\/\/www.tourmusicfest.com\/es\/news\/tmf2023-the-european-finals\/\",\"url\":\"https:\/\/www.tourmusicfest.com\/es\/news\/tmf2023-the-european-finals\/\",\"name\":\"TMF2023: The European Finals - ES - Tour Music Fest\",\"isPartOf\":{\"@id\":\"https:\/\/www.tourmusicfest.com\/es\/#website\"},\"primaryImageOfPage\":{\"@id\":\"https:\/\/www.tourmusicfest.com\/es\/news\/tmf2023-the-european-finals\/#primaryimage\"},\"image\":{\"@id\":\"https:\/\/www.tourmusicfest.com\/es\/news\/tmf2023-the-european-finals\/#primaryimage\"},\"thumbnailUrl\":\"https:\/\/www.tourmusicfest.com\/es\/files\/2023\/11\/teastata_articolo4b_finali_2023.jpg\",\"datePublished\":\"2023-11-02T12:30:05+00:00\",\"dateModified\":\"2023-11-02T12:31:34+00:00\",\"breadcrumb\":{\"@id\":\"https:\/\/www.tourmusicfest.com\/es\/news\/tmf2023-the-european-finals\/#breadcrumb\"},\"inLanguage\":\"es\",\"potentialAction\":[{\"@type\":\"ReadAction\",\"target\":[\"https:\/\/www.tourmusicfest.com\/es\/news\/tmf2023-the-european-finals\/\"]}]},{\"@type\":\"ImageObject\",\"inLanguage\":\"es\",\"@id\":\"https:\/\/www.tourmusicfest.com\/es\/news\/tmf2023-the-european-finals\/#primaryimage\",\"url\":\"https:\/\/www.tourmusicfest.com\/es\/files\/2023\/11\/teastata_articolo4b_finali_2023.jpg\",\"contentUrl\":\"https:\/\/www.tourmusicfest.com\/es\/files\/2023\/11\/teastata_articolo4b_finali_2023.jpg\",\"width\":1903,\"height\":862},{\"@type\":\"BreadcrumbList\",\"@id\":\"https:\/\/www.tourmusicfest.com\/es\/news\/tmf2023-the-european-finals\/#breadcrumb\",\"itemListElement\":[{\"@type\":\"ListItem\",\"position\":1,\"name\":\"Home\",\"item\":\"https:\/\/www.tourmusicfest.com\/es\/\"},{\"@type\":\"ListItem\",\"position\":2,\"name\":\"TMF2023: The European Finals\"}]},{\"@type\":\"WebSite\",\"@id\":\"https:\/\/www.tourmusicfest.com\/es\/#website\",\"url\":\"https:\/\/www.tourmusicfest.com\/es\/\",\"name\":\"Tour Music Fest - ES\",\"description\":\"The European Music Contest\",\"publisher\":{\"@id\":\"https:\/\/www.tourmusicfest.com\/es\/#organization\"},\"potentialAction\":[{\"@type\":\"SearchAction\",\"target\":{\"@type\":\"EntryPoint\",\"urlTemplate\":\"https:\/\/www.tourmusicfest.com\/es\/?s={search_term_string}\"},\"query-input\":{\"@type\":\"PropertyValueSpecification\",\"valueRequired\":true,\"valueName\":\"search_term_string\"}}],\"inLanguage\":\"es\"},{\"@type\":\"Organization\",\"@id\":\"https:\/\/www.tourmusicfest.com\/es\/#organization\",\"name\":\"ES - Tour Music Fest\",\"url\":\"https:\/\/www.tourmusicfest.com\/es\/\",\"logo\":{\"@type\":\"ImageObject\",\"inLanguage\":\"es\",\"@id\":\"https:\/\/www.tourmusicfest.com\/es\/#\/schema\/logo\/image\/\",\"url\":\"https:\/\/www.tourmusicfest.com\/es\/files\/2024\/04\/Brand-TMF-grey.png\",\"contentUrl\":\"https:\/\/www.tourmusicfest.com\/es\/files\/2024\/04\/Brand-TMF-grey.png\",\"width\":1181,\"height\":875,\"caption\":\"ES - Tour Music Fest\"},\"image\":{\"@id\":\"https:\/\/www.tourmusicfest.com\/es\/#\/schema\/logo\/image\/\"},\"sameAs\":[\"https:\/\/facebook.com\/tourmusicfest\",\"https:\/\/instagram.com\/tourmusicfest\"]},{\"@type\":\"Person\",\"@id\":\"https:\/\/www.tourmusicfest.com\/es\/#\/schema\/person\/390d861689d02485bce7bf22b19bfe79\",\"name\":\"tmfeuropa17\",\"image\":{\"@type\":\"ImageObject\",\"inLanguage\":\"es\",\"@id\":\"https:\/\/www.tourmusicfest.com\/es\/#\/schema\/person\/image\/\",\"url\":\"https:\/\/secure.gravatar.com\/avatar\/2b5fc8be00f182d9a3134943aeed9d38e7bcb4a9b63a07ad32e9141daebd39dd?s=96&d=mm&r=g\",\"contentUrl\":\"https:\/\/secure.gravatar.com\/avatar\/2b5fc8be00f182d9a3134943aeed9d38e7bcb4a9b63a07ad32e9141daebd39dd?s=96&d=mm&r=g\",\"caption\":\"tmfeuropa17\"},\"url\":\"https:\/\/www.tourmusicfest.com\/es\/author\/tmfeuropa17\/\"}]}<\/script>\n<!-- \/ Yoast SEO plugin. -->","yoast_head_json":{"title":"TMF2023: The European Finals - ES - Tour Music Fest","robots":{"index":"index","follow":"follow","max-snippet":"max-snippet:-1","max-image-preview":"max-image-preview:large","max-video-preview":"max-video-preview:-1"},"canonical":"https:\/\/www.tourmusicfest.com\/es\/news\/tmf2023-the-european-finals\/","og_locale":"es_ES","og_type":"article","og_title":"TMF2023: The European Finals - ES - Tour Music Fest","og_description":"Tras el extraordinario \u00e9xito del a\u00f1o pasado, del 27 de noviembre al 2 de diciembre regresan las finales europeas de la 15\u00aa edici\u00f3n de Tour Music Fest &#8211; The European Music Contest en el maravilloso escenario de la Rep\u00fablica de San Marino. Desde el 27 de noviembre hasta el 2 de diciembre, el &#8220;Tour Music [&hellip;]","og_url":"https:\/\/www.tourmusicfest.com\/es\/news\/tmf2023-the-european-finals\/","og_site_name":"ES - Tour Music Fest","article_publisher":"https:\/\/facebook.com\/tourmusicfest","article_published_time":"2023-11-02T12:30:05+00:00","article_modified_time":"2023-11-02T12:31:34+00:00","og_image":[{"width":1903,"height":862,"url":"https:\/\/www.tourmusicfest.com\/es\/files\/2023\/11\/teastata_articolo4b_finali_2023.jpg","type":"image\/jpeg"}],"author":"tmfeuropa17","twitter_card":"summary_large_image","twitter_misc":{"Escrito por":"tmfeuropa17","Tiempo de lectura":"6 minutos"},"schema":{"@context":"https:\/\/schema.org","@graph":[{"@type":"Article","@id":"https:\/\/www.tourmusicfest.com\/es\/news\/tmf2023-the-european-finals\/#article","isPartOf":{"@id":"https:\/\/www.tourmusicfest.com\/es\/news\/tmf2023-the-european-finals\/"},"author":{"name":"tmfeuropa17","@id":"https:\/\/www.tourmusicfest.com\/es\/#\/schema\/person\/390d861689d02485bce7bf22b19bfe79"},"headline":"TMF2023: The European Finals","datePublished":"2023-11-02T12:30:05+00:00","dateModified":"2023-11-02T12:31:34+00:00","mainEntityOfPage":{"@id":"https:\/\/www.tourmusicfest.com\/es\/news\/tmf2023-the-european-finals\/"},"wordCount":1249,"publisher":{"@id":"https:\/\/www.tourmusicfest.com\/es\/#organization"},"image":{"@id":"https:\/\/www.tourmusicfest.com\/es\/news\/tmf2023-the-european-finals\/#primaryimage"},"thumbnailUrl":"https:\/\/www.tourmusicfest.com\/es\/files\/2023\/11\/teastata_articolo4b_finali_2023.jpg","articleSection":["News"],"inLanguage":"es"},{"@type":"WebPage","@id":"https:\/\/www.tourmusicfest.com\/es\/news\/tmf2023-the-european-finals\/","url":"https:\/\/www.tourmusicfest.com\/es\/news\/tmf2023-the-european-finals\/","name":"TMF2023: The European Finals - ES - Tour Music Fest","isPartOf":{"@id":"https:\/\/www.tourmusicfest.com\/es\/#website"},"primaryImageOfPage":{"@id":"https:\/\/www.tourmusicfest.com\/es\/news\/tmf2023-the-european-finals\/#primaryimage"},"image":{"@id":"https:\/\/www.tourmusicfest.com\/es\/news\/tmf2023-the-european-finals\/#primaryimage"},"thumbnailUrl":"https:\/\/www.tourmusicfest.com\/es\/files\/2023\/11\/teastata_articolo4b_finali_2023.jpg","datePublished":"2023-11-02T12:30:05+00:00","dateModified":"2023-11-02T12:31:34+00:00","breadcrumb":{"@id":"https:\/\/www.tourmusicfest.com\/es\/news\/tmf2023-the-european-finals\/#breadcrumb"},"inLanguage":"es","potentialAction":[{"@type":"ReadAction","target":["https:\/\/www.tourmusicfest.com\/es\/news\/tmf2023-the-european-finals\/"]}]},{"@type":"ImageObject","inLanguage":"es","@id":"https:\/\/www.tourmusicfest.com\/es\/news\/tmf2023-the-european-finals\/#primaryimage","url":"https:\/\/www.tourmusicfest.com\/es\/files\/2023\/11\/teastata_articolo4b_finali_2023.jpg","contentUrl":"https:\/\/www.tourmusicfest.com\/es\/files\/2023\/11\/teastata_articolo4b_finali_2023.jpg","width":1903,"height":862},{"@type":"BreadcrumbList","@id":"https:\/\/www.tourmusicfest.com\/es\/news\/tmf2023-the-european-finals\/#breadcrumb","itemListElement":[{"@type":"ListItem","position":1,"name":"Home","item":"https:\/\/www.tourmusicfest.com\/es\/"},{"@type":"ListItem","position":2,"name":"TMF2023: The European Finals"}]},{"@type":"WebSite","@id":"https:\/\/www.tourmusicfest.com\/es\/#website","url":"https:\/\/www.tourmusicfest.com\/es\/","name":"Tour Music Fest - ES","description":"The European Music Contest","publisher":{"@id":"https:\/\/www.tourmusicfest.com\/es\/#organization"},"potentialAction":[{"@type":"SearchAction","target":{"@type":"EntryPoint","urlTemplate":"https:\/\/www.tourmusicfest.com\/es\/?s={search_term_string}"},"query-input":{"@type":"PropertyValueSpecification","valueRequired":true,"valueName":"search_term_string"}}],"inLanguage":"es"},{"@type":"Organization","@id":"https:\/\/www.tourmusicfest.com\/es\/#organization","name":"ES - Tour Music Fest","url":"https:\/\/www.tourmusicfest.com\/es\/","logo":{"@type":"ImageObject","inLanguage":"es","@id":"https:\/\/www.tourmusicfest.com\/es\/#\/schema\/logo\/image\/","url":"https:\/\/www.tourmusicfest.com\/es\/files\/2024\/04\/Brand-TMF-grey.png","contentUrl":"https:\/\/www.tourmusicfest.com\/es\/files\/2024\/04\/Brand-TMF-grey.png","width":1181,"height":875,"caption":"ES - Tour Music Fest"},"image":{"@id":"https:\/\/www.tourmusicfest.com\/es\/#\/schema\/logo\/image\/"},"sameAs":["https:\/\/facebook.com\/tourmusicfest","https:\/\/instagram.com\/tourmusicfest"]},{"@type":"Person","@id":"https:\/\/www.tourmusicfest.com\/es\/#\/schema\/person\/390d861689d02485bce7bf22b19bfe79","name":"tmfeuropa17","image":{"@type":"ImageObject","inLanguage":"es","@id":"https:\/\/www.tourmusicfest.com\/es\/#\/schema\/person\/image\/","url":"https:\/\/secure.gravatar.com\/avatar\/2b5fc8be00f182d9a3134943aeed9d38e7bcb4a9b63a07ad32e9141daebd39dd?s=96&d=mm&r=g","contentUrl":"https:\/\/secure.gravatar.com\/avatar\/2b5fc8be00f182d9a3134943aeed9d38e7bcb4a9b63a07ad32e9141daebd39dd?s=96&d=mm&r=g","caption":"tmfeuropa17"},"url":"https:\/\/www.tourmusicfest.com\/es\/author\/tmfeuropa17\/"}]}},"_links":{"self":[{"href":"https:\/\/www.tourmusicfest.com\/es\/wp-json\/wp\/v2\/posts\/2548","targetHints":{"allow":["GET"]}}],"collection":[{"href":"https:\/\/www.tourmusicfest.com\/es\/wp-json\/wp\/v2\/posts"}],"about":[{"href":"https:\/\/www.tourmusicfest.com\/es\/wp-json\/wp\/v2\/types\/post"}],"author":[{"embeddable":true,"href":"https:\/\/www.tourmusicfest.com\/es\/wp-json\/wp\/v2\/users\/3"}],"replies":[{"embeddable":true,"href":"https:\/\/www.tourmusicfest.com\/es\/wp-json\/wp\/v2\/comments?post=2548"}],"version-history":[{"count":3,"href":"https:\/\/www.tourmusicfest.com\/es\/wp-json\/wp\/v2\/posts\/2548\/revisions"}],"predecessor-version":[{"id":2553,"href":"https:\/\/www.tourmusicfest.com\/es\/wp-json\/wp\/v2\/posts\/2548\/revisions\/2553"}],"wp:featuredmedia":[{"embeddable":true,"href":"https:\/\/www.tourmusicfest.com\/es\/wp-json\/wp\/v2\/media\/2549"}],"wp:attachment":[{"href":"https:\/\/www.tourmusicfest.com\/es\/wp-json\/wp\/v2\/media?parent=2548"}],"wp:term":[{"taxonomy":"category","embeddable":true,"href":"https:\/\/www.tourmusicfest.com\/es\/wp-json\/wp\/v2\/categories?post=2548"},{"taxonomy":"post_tag","embeddable":true,"href":"https:\/\/www.tourmusicfest.com\/es\/wp-json\/wp\/v2\/tags?post=2548"}],"curies":[{"name":"wp","href":"https:\/\/api.w.org\/{rel}","templated":true}]}}