{"id":2544,"date":"2023-10-31T11:43:20","date_gmt":"2023-10-31T11:43:20","guid":{"rendered":"https:\/\/www.tourmusicfest.com\/es\/?p=2544"},"modified":"2023-10-31T11:50:01","modified_gmt":"2023-10-31T11:50:01","slug":"tmf-2023-los-finalistas","status":"publish","type":"post","link":"https:\/\/www.tourmusicfest.com\/es\/news\/tmf-2023-los-finalistas\/","title":{"rendered":"TMF 2023: Los Finalistas"},"content":{"rendered":"<h3>Los nombres de los finalistas del Tour Music Fest 2023 que participar\u00e1n en las finales en San Marino del 27 de noviembre al 2 de diciembre de 2023.<\/h3>\n<p><strong>Despu\u00e9s de la conclusi\u00f3n de las Audiciones en Vivo y nuestro viaje al coraz\u00f3n de la m\u00fasica emergente<\/strong> en 9 pa\u00edses europeos, el viernes 30 de octubre anunciamos en una transmisi\u00f3n en vivo los nombres de los finalistas en todas las categor\u00edas art\u00edsticas del TMF 2023. Estos finalistas avanzar\u00e1n a las Etapas Finales que se llevar\u00e1n a cabo en <strong>San Marino del 27 de noviembre al 2 de diciembre.<\/strong><\/p>\n<p>\u00a1Desc\u00fabrelos a continuaci\u00f3n!<\/p>\n<p><a href=\"https:\/\/festival.tourmusicfest.it\/tutti-i-finalisti-2\/\"><img fetchpriority=\"high\" decoding=\"async\" class=\"alignnone size-medium wp-image-2546\" src=\"https:\/\/www.tourmusicfest.com\/es\/files\/2023\/10\/articolo_FINALISTI_BOTTONE-700x394.jpg\" alt=\"\" width=\"700\" height=\"394\" srcset=\"https:\/\/www.tourmusicfest.com\/es\/files\/2023\/10\/articolo_FINALISTI_BOTTONE-700x394.jpg 700w, https:\/\/www.tourmusicfest.com\/es\/files\/2023\/10\/articolo_FINALISTI_BOTTONE-1024x576.jpg 1024w, https:\/\/www.tourmusicfest.com\/es\/files\/2023\/10\/articolo_FINALISTI_BOTTONE-768x432.jpg 768w, https:\/\/www.tourmusicfest.com\/es\/files\/2023\/10\/articolo_FINALISTI_BOTTONE-1536x864.jpg 1536w, https:\/\/www.tourmusicfest.com\/es\/files\/2023\/10\/articolo_FINALISTI_BOTTONE.jpg 1920w\" sizes=\"(max-width: 700px) 100vw, 700px\" \/><\/a><\/p>\n","protected":false},"excerpt":{"rendered":"<p>Los nombres de los finalistas del Tour Music Fest 2023 que participar\u00e1n en las finales en San Marino del 27 de noviembre al 2 de diciembre de 2023. Despu\u00e9s de la conclusi\u00f3n de las Audiciones en Vivo y nuestro viaje al coraz\u00f3n de la m\u00fasica emergente en 9 pa\u00edses europeos, el viernes 30 de octubre [&hellip;]<\/p>\n","protected":false},"author":3,"featured_media":2545,"comment_status":"closed","ping_status":"closed","sticky":false,"template":"","format":"standard","meta":{"_acf_changed":false,"footnotes":""},"categories":[4],"tags":[],"class_list":["post-2544","post","type-post","status-publish","format-standard","has-post-thumbnail","hentry","category-news"],"acf":[],"yoast_head":"<!-- This site is optimized with the Yoast SEO plugin v26.7 - https:\/\/yoast.com\/wordpress\/plugins\/seo\/ -->\n<title>TMF 2023: Los Finalistas - ES - Tour Music Fest<\/title>\n<meta name=\"robots\" content=\"index, follow, max-snippet:-1, max-image-preview:large, max-video-preview:-1\" \/>\n<link rel=\"canonical\" href=\"https:\/\/www.tourmusicfest.com\/es\/news\/tmf-2023-los-finalistas\/\" \/>\n<meta property=\"og:locale\" content=\"es_ES\" \/>\n<meta property=\"og:type\" content=\"article\" \/>\n<meta property=\"og:title\" content=\"TMF 2023: Los Finalistas - ES - Tour Music Fest\" \/>\n<meta property=\"og:description\" content=\"Los nombres de los finalistas del Tour Music Fest 2023 que participar\u00e1n en las finales en San Marino del 27 de noviembre al 2 de diciembre de 2023. Despu\u00e9s de la conclusi\u00f3n de las Audiciones en Vivo y nuestro viaje al coraz\u00f3n de la m\u00fasica emergente en 9 pa\u00edses europeos, el viernes 30 de octubre [&hellip;]\" \/>\n<meta property=\"og:url\" content=\"https:\/\/www.tourmusicfest.com\/es\/news\/tmf-2023-los-finalistas\/\" \/>\n<meta property=\"og:site_name\" content=\"ES - Tour Music Fest\" \/>\n<meta property=\"article:publisher\" content=\"https:\/\/facebook.com\/tourmusicfest\" \/>\n<meta property=\"article:published_time\" content=\"2023-10-31T11:43:20+00:00\" \/>\n<meta property=\"article:modified_time\" content=\"2023-10-31T11:50:01+00:00\" \/>\n<meta property=\"og:image\" content=\"https:\/\/www.tourmusicfest.com\/es\/files\/2023\/10\/articolo_FINALISTI.jpg\" \/>\n\t<meta property=\"og:image:width\" content=\"1920\" \/>\n\t<meta property=\"og:image:height\" content=\"1080\" \/>\n\t<meta property=\"og:image:type\" content=\"image\/jpeg\" \/>\n<meta name=\"author\" content=\"tmfeuropa17\" \/>\n<meta name=\"twitter:card\" content=\"summary_large_image\" \/>\n<meta name=\"twitter:label1\" content=\"Escrito por\" \/>\n\t<meta name=\"twitter:data1\" content=\"tmfeuropa17\" \/>\n\t<meta name=\"twitter:label2\" content=\"Tiempo de lectura\" \/>\n\t<meta name=\"twitter:data2\" content=\"1 minuto\" \/>\n<script type=\"application\/ld+json\" class=\"yoast-schema-graph\">{\"@context\":\"https:\/\/schema.org\",\"@graph\":[{\"@type\":\"Article\",\"@id\":\"https:\/\/www.tourmusicfest.com\/es\/news\/tmf-2023-los-finalistas\/#article\",\"isPartOf\":{\"@id\":\"https:\/\/www.tourmusicfest.com\/es\/news\/tmf-2023-los-finalistas\/\"},\"author\":{\"name\":\"tmfeuropa17\",\"@id\":\"https:\/\/www.tourmusicfest.com\/es\/#\/schema\/person\/390d861689d02485bce7bf22b19bfe79\"},\"headline\":\"TMF 2023: Los Finalistas\",\"datePublished\":\"2023-10-31T11:43:20+00:00\",\"dateModified\":\"2023-10-31T11:50:01+00:00\",\"mainEntityOfPage\":{\"@id\":\"https:\/\/www.tourmusicfest.com\/es\/news\/tmf-2023-los-finalistas\/\"},\"wordCount\":107,\"publisher\":{\"@id\":\"https:\/\/www.tourmusicfest.com\/es\/#organization\"},\"image\":{\"@id\":\"https:\/\/www.tourmusicfest.com\/es\/news\/tmf-2023-los-finalistas\/#primaryimage\"},\"thumbnailUrl\":\"https:\/\/www.tourmusicfest.com\/es\/files\/2023\/10\/articolo_FINALISTI.jpg\",\"articleSection\":[\"News\"],\"inLanguage\":\"es\"},{\"@type\":\"WebPage\",\"@id\":\"https:\/\/www.tourmusicfest.com\/es\/news\/tmf-2023-los-finalistas\/\",\"url\":\"https:\/\/www.tourmusicfest.com\/es\/news\/tmf-2023-los-finalistas\/\",\"name\":\"TMF 2023: Los Finalistas - ES - Tour Music Fest\",\"isPartOf\":{\"@id\":\"https:\/\/www.tourmusicfest.com\/es\/#website\"},\"primaryImageOfPage\":{\"@id\":\"https:\/\/www.tourmusicfest.com\/es\/news\/tmf-2023-los-finalistas\/#primaryimage\"},\"image\":{\"@id\":\"https:\/\/www.tourmusicfest.com\/es\/news\/tmf-2023-los-finalistas\/#primaryimage\"},\"thumbnailUrl\":\"https:\/\/www.tourmusicfest.com\/es\/files\/2023\/10\/articolo_FINALISTI.jpg\",\"datePublished\":\"2023-10-31T11:43:20+00:00\",\"dateModified\":\"2023-10-31T11:50:01+00:00\",\"breadcrumb\":{\"@id\":\"https:\/\/www.tourmusicfest.com\/es\/news\/tmf-2023-los-finalistas\/#breadcrumb\"},\"inLanguage\":\"es\",\"potentialAction\":[{\"@type\":\"ReadAction\",\"target\":[\"https:\/\/www.tourmusicfest.com\/es\/news\/tmf-2023-los-finalistas\/\"]}]},{\"@type\":\"ImageObject\",\"inLanguage\":\"es\",\"@id\":\"https:\/\/www.tourmusicfest.com\/es\/news\/tmf-2023-los-finalistas\/#primaryimage\",\"url\":\"https:\/\/www.tourmusicfest.com\/es\/files\/2023\/10\/articolo_FINALISTI.jpg\",\"contentUrl\":\"https:\/\/www.tourmusicfest.com\/es\/files\/2023\/10\/articolo_FINALISTI.jpg\",\"width\":1920,\"height\":1080},{\"@type\":\"BreadcrumbList\",\"@id\":\"https:\/\/www.tourmusicfest.com\/es\/news\/tmf-2023-los-finalistas\/#breadcrumb\",\"itemListElement\":[{\"@type\":\"ListItem\",\"position\":1,\"name\":\"Home\",\"item\":\"https:\/\/www.tourmusicfest.com\/es\/\"},{\"@type\":\"ListItem\",\"position\":2,\"name\":\"TMF 2023: Los Finalistas\"}]},{\"@type\":\"WebSite\",\"@id\":\"https:\/\/www.tourmusicfest.com\/es\/#website\",\"url\":\"https:\/\/www.tourmusicfest.com\/es\/\",\"name\":\"Tour Music Fest - ES\",\"description\":\"The European Music Contest\",\"publisher\":{\"@id\":\"https:\/\/www.tourmusicfest.com\/es\/#organization\"},\"potentialAction\":[{\"@type\":\"SearchAction\",\"target\":{\"@type\":\"EntryPoint\",\"urlTemplate\":\"https:\/\/www.tourmusicfest.com\/es\/?s={search_term_string}\"},\"query-input\":{\"@type\":\"PropertyValueSpecification\",\"valueRequired\":true,\"valueName\":\"search_term_string\"}}],\"inLanguage\":\"es\"},{\"@type\":\"Organization\",\"@id\":\"https:\/\/www.tourmusicfest.com\/es\/#organization\",\"name\":\"ES - Tour Music Fest\",\"url\":\"https:\/\/www.tourmusicfest.com\/es\/\",\"logo\":{\"@type\":\"ImageObject\",\"inLanguage\":\"es\",\"@id\":\"https:\/\/www.tourmusicfest.com\/es\/#\/schema\/logo\/image\/\",\"url\":\"https:\/\/www.tourmusicfest.com\/es\/files\/2024\/04\/Brand-TMF-grey.png\",\"contentUrl\":\"https:\/\/www.tourmusicfest.com\/es\/files\/2024\/04\/Brand-TMF-grey.png\",\"width\":1181,\"height\":875,\"caption\":\"ES - Tour Music Fest\"},\"image\":{\"@id\":\"https:\/\/www.tourmusicfest.com\/es\/#\/schema\/logo\/image\/\"},\"sameAs\":[\"https:\/\/facebook.com\/tourmusicfest\",\"https:\/\/instagram.com\/tourmusicfest\"]},{\"@type\":\"Person\",\"@id\":\"https:\/\/www.tourmusicfest.com\/es\/#\/schema\/person\/390d861689d02485bce7bf22b19bfe79\",\"name\":\"tmfeuropa17\",\"image\":{\"@type\":\"ImageObject\",\"inLanguage\":\"es\",\"@id\":\"https:\/\/www.tourmusicfest.com\/es\/#\/schema\/person\/image\/\",\"url\":\"https:\/\/secure.gravatar.com\/avatar\/2b5fc8be00f182d9a3134943aeed9d38e7bcb4a9b63a07ad32e9141daebd39dd?s=96&d=mm&r=g\",\"contentUrl\":\"https:\/\/secure.gravatar.com\/avatar\/2b5fc8be00f182d9a3134943aeed9d38e7bcb4a9b63a07ad32e9141daebd39dd?s=96&d=mm&r=g\",\"caption\":\"tmfeuropa17\"},\"url\":\"https:\/\/www.tourmusicfest.com\/es\/author\/tmfeuropa17\/\"}]}<\/script>\n<!-- \/ Yoast SEO plugin. -->","yoast_head_json":{"title":"TMF 2023: Los Finalistas - ES - Tour Music Fest","robots":{"index":"index","follow":"follow","max-snippet":"max-snippet:-1","max-image-preview":"max-image-preview:large","max-video-preview":"max-video-preview:-1"},"canonical":"https:\/\/www.tourmusicfest.com\/es\/news\/tmf-2023-los-finalistas\/","og_locale":"es_ES","og_type":"article","og_title":"TMF 2023: Los Finalistas - ES - Tour Music Fest","og_description":"Los nombres de los finalistas del Tour Music Fest 2023 que participar\u00e1n en las finales en San Marino del 27 de noviembre al 2 de diciembre de 2023. Despu\u00e9s de la conclusi\u00f3n de las Audiciones en Vivo y nuestro viaje al coraz\u00f3n de la m\u00fasica emergente en 9 pa\u00edses europeos, el viernes 30 de octubre [&hellip;]","og_url":"https:\/\/www.tourmusicfest.com\/es\/news\/tmf-2023-los-finalistas\/","og_site_name":"ES - Tour Music Fest","article_publisher":"https:\/\/facebook.com\/tourmusicfest","article_published_time":"2023-10-31T11:43:20+00:00","article_modified_time":"2023-10-31T11:50:01+00:00","og_image":[{"width":1920,"height":1080,"url":"https:\/\/www.tourmusicfest.com\/es\/files\/2023\/10\/articolo_FINALISTI.jpg","type":"image\/jpeg"}],"author":"tmfeuropa17","twitter_card":"summary_large_image","twitter_misc":{"Escrito por":"tmfeuropa17","Tiempo de lectura":"1 minuto"},"schema":{"@context":"https:\/\/schema.org","@graph":[{"@type":"Article","@id":"https:\/\/www.tourmusicfest.com\/es\/news\/tmf-2023-los-finalistas\/#article","isPartOf":{"@id":"https:\/\/www.tourmusicfest.com\/es\/news\/tmf-2023-los-finalistas\/"},"author":{"name":"tmfeuropa17","@id":"https:\/\/www.tourmusicfest.com\/es\/#\/schema\/person\/390d861689d02485bce7bf22b19bfe79"},"headline":"TMF 2023: Los Finalistas","datePublished":"2023-10-31T11:43:20+00:00","dateModified":"2023-10-31T11:50:01+00:00","mainEntityOfPage":{"@id":"https:\/\/www.tourmusicfest.com\/es\/news\/tmf-2023-los-finalistas\/"},"wordCount":107,"publisher":{"@id":"https:\/\/www.tourmusicfest.com\/es\/#organization"},"image":{"@id":"https:\/\/www.tourmusicfest.com\/es\/news\/tmf-2023-los-finalistas\/#primaryimage"},"thumbnailUrl":"https:\/\/www.tourmusicfest.com\/es\/files\/2023\/10\/articolo_FINALISTI.jpg","articleSection":["News"],"inLanguage":"es"},{"@type":"WebPage","@id":"https:\/\/www.tourmusicfest.com\/es\/news\/tmf-2023-los-finalistas\/","url":"https:\/\/www.tourmusicfest.com\/es\/news\/tmf-2023-los-finalistas\/","name":"TMF 2023: Los Finalistas - ES - Tour Music Fest","isPartOf":{"@id":"https:\/\/www.tourmusicfest.com\/es\/#website"},"primaryImageOfPage":{"@id":"https:\/\/www.tourmusicfest.com\/es\/news\/tmf-2023-los-finalistas\/#primaryimage"},"image":{"@id":"https:\/\/www.tourmusicfest.com\/es\/news\/tmf-2023-los-finalistas\/#primaryimage"},"thumbnailUrl":"https:\/\/www.tourmusicfest.com\/es\/files\/2023\/10\/articolo_FINALISTI.jpg","datePublished":"2023-10-31T11:43:20+00:00","dateModified":"2023-10-31T11:50:01+00:00","breadcrumb":{"@id":"https:\/\/www.tourmusicfest.com\/es\/news\/tmf-2023-los-finalistas\/#breadcrumb"},"inLanguage":"es","potentialAction":[{"@type":"ReadAction","target":["https:\/\/www.tourmusicfest.com\/es\/news\/tmf-2023-los-finalistas\/"]}]},{"@type":"ImageObject","inLanguage":"es","@id":"https:\/\/www.tourmusicfest.com\/es\/news\/tmf-2023-los-finalistas\/#primaryimage","url":"https:\/\/www.tourmusicfest.com\/es\/files\/2023\/10\/articolo_FINALISTI.jpg","contentUrl":"https:\/\/www.tourmusicfest.com\/es\/files\/2023\/10\/articolo_FINALISTI.jpg","width":1920,"height":1080},{"@type":"BreadcrumbList","@id":"https:\/\/www.tourmusicfest.com\/es\/news\/tmf-2023-los-finalistas\/#breadcrumb","itemListElement":[{"@type":"ListItem","position":1,"name":"Home","item":"https:\/\/www.tourmusicfest.com\/es\/"},{"@type":"ListItem","position":2,"name":"TMF 2023: Los Finalistas"}]},{"@type":"WebSite","@id":"https:\/\/www.tourmusicfest.com\/es\/#website","url":"https:\/\/www.tourmusicfest.com\/es\/","name":"Tour Music Fest - ES","description":"The European Music Contest","publisher":{"@id":"https:\/\/www.tourmusicfest.com\/es\/#organization"},"potentialAction":[{"@type":"SearchAction","target":{"@type":"EntryPoint","urlTemplate":"https:\/\/www.tourmusicfest.com\/es\/?s={search_term_string}"},"query-input":{"@type":"PropertyValueSpecification","valueRequired":true,"valueName":"search_term_string"}}],"inLanguage":"es"},{"@type":"Organization","@id":"https:\/\/www.tourmusicfest.com\/es\/#organization","name":"ES - Tour Music Fest","url":"https:\/\/www.tourmusicfest.com\/es\/","logo":{"@type":"ImageObject","inLanguage":"es","@id":"https:\/\/www.tourmusicfest.com\/es\/#\/schema\/logo\/image\/","url":"https:\/\/www.tourmusicfest.com\/es\/files\/2024\/04\/Brand-TMF-grey.png","contentUrl":"https:\/\/www.tourmusicfest.com\/es\/files\/2024\/04\/Brand-TMF-grey.png","width":1181,"height":875,"caption":"ES - Tour Music Fest"},"image":{"@id":"https:\/\/www.tourmusicfest.com\/es\/#\/schema\/logo\/image\/"},"sameAs":["https:\/\/facebook.com\/tourmusicfest","https:\/\/instagram.com\/tourmusicfest"]},{"@type":"Person","@id":"https:\/\/www.tourmusicfest.com\/es\/#\/schema\/person\/390d861689d02485bce7bf22b19bfe79","name":"tmfeuropa17","image":{"@type":"ImageObject","inLanguage":"es","@id":"https:\/\/www.tourmusicfest.com\/es\/#\/schema\/person\/image\/","url":"https:\/\/secure.gravatar.com\/avatar\/2b5fc8be00f182d9a3134943aeed9d38e7bcb4a9b63a07ad32e9141daebd39dd?s=96&d=mm&r=g","contentUrl":"https:\/\/secure.gravatar.com\/avatar\/2b5fc8be00f182d9a3134943aeed9d38e7bcb4a9b63a07ad32e9141daebd39dd?s=96&d=mm&r=g","caption":"tmfeuropa17"},"url":"https:\/\/www.tourmusicfest.com\/es\/author\/tmfeuropa17\/"}]}},"_links":{"self":[{"href":"https:\/\/www.tourmusicfest.com\/es\/wp-json\/wp\/v2\/posts\/2544","targetHints":{"allow":["GET"]}}],"collection":[{"href":"https:\/\/www.tourmusicfest.com\/es\/wp-json\/wp\/v2\/posts"}],"about":[{"href":"https:\/\/www.tourmusicfest.com\/es\/wp-json\/wp\/v2\/types\/post"}],"author":[{"embeddable":true,"href":"https:\/\/www.tourmusicfest.com\/es\/wp-json\/wp\/v2\/users\/3"}],"replies":[{"embeddable":true,"href":"https:\/\/www.tourmusicfest.com\/es\/wp-json\/wp\/v2\/comments?post=2544"}],"version-history":[{"count":1,"href":"https:\/\/www.tourmusicfest.com\/es\/wp-json\/wp\/v2\/posts\/2544\/revisions"}],"predecessor-version":[{"id":2547,"href":"https:\/\/www.tourmusicfest.com\/es\/wp-json\/wp\/v2\/posts\/2544\/revisions\/2547"}],"wp:featuredmedia":[{"embeddable":true,"href":"https:\/\/www.tourmusicfest.com\/es\/wp-json\/wp\/v2\/media\/2545"}],"wp:attachment":[{"href":"https:\/\/www.tourmusicfest.com\/es\/wp-json\/wp\/v2\/media?parent=2544"}],"wp:term":[{"taxonomy":"category","embeddable":true,"href":"https:\/\/www.tourmusicfest.com\/es\/wp-json\/wp\/v2\/categories?post=2544"},{"taxonomy":"post_tag","embeddable":true,"href":"https:\/\/www.tourmusicfest.com\/es\/wp-json\/wp\/v2\/tags?post=2544"}],"curies":[{"name":"wp","href":"https:\/\/api.w.org\/{rel}","templated":true}]}}