{"id":2540,"date":"2023-10-27T11:47:50","date_gmt":"2023-10-27T10:47:50","guid":{"rendered":"https:\/\/www.tourmusicfest.com\/es\/?p=2540"},"modified":"2023-10-27T11:48:04","modified_gmt":"2023-10-27T10:48:04","slug":"tmf2023-anuncio-de-finalistas","status":"publish","type":"post","link":"https:\/\/www.tourmusicfest.com\/es\/news\/tmf2023-anuncio-de-finalistas\/","title":{"rendered":"TMF2023: Anuncio de Finalistas"},"content":{"rendered":"<h3>Despu\u00e9s de un viaje de 5 meses que abarc\u00f3 9 pa\u00edses, visitando m\u00e1s de 30 ciudades europeas y escuchando a miles de artistas, el equipo de Tour Music Fest se re\u00fane para una velada que celebra la m\u00fasica emergente.<\/h3>\n<p><strong>\u00a0\u00bfQuieres descubrir con nosotros en tiempo real a los finalistas del Tour Music Fest 2023?\u00a0El lunes 30 de octubre a las 8:30 PM<\/strong>, anunciaremos en vivo a los finalistas europeos de diversas naciones que participan en esta incre\u00edble edici\u00f3n del Tour Music Fest 2023.<\/p>\n<p>Con la conducci\u00f3n de Pierpaolo Laconi, el locutor oficial del evento, desde la sede de TMF en Espa\u00f1a, se unir\u00e1 el querido equipo y los fant\u00e1sticos entrenadores de Tour Music Fest. \u2764\ufe0f<\/p>\n<p><strong>EL PROGRAMA<\/strong><\/p>\n<p><strong>A las 8:30 PM, comenzaremos anunciando a los finalistas europeos de las siguientes naciones:<\/strong> Austria, Alemania, Polonia, Rep\u00fablica Checa, Eslovenia, Espa\u00f1a y Suiza en las categor\u00edas de Cantantes, Cantautores, Raperos y Junior.<\/p>\n<p><strong>A las 9:00 PM, revelaremos a los finalistas nacionales italianos<\/strong> en todas las categor\u00edas art\u00edsticas.<\/p>\n<p>Durante la velada, el personal organizador y los entrenadores compartir\u00e1n el viaje realizado durante esta maravillosa edici\u00f3n de TMF y proporcionar\u00e1n informaci\u00f3n organizativa a los finalistas.<\/p>\n<p><strong>\u00a1\u00danete en vivo el lunes 30 de octubre a partir de las 8:30 PM!<\/strong><\/p>\n<p>\u00a1No te lo pierdas, programa un recordatorio ahora! ???<\/p>\n<p>Tour Music Fest &#8211; Amamos Tu M\u00fasica&#8221;<\/p>\n<p><a href=\"https:\/\/www.youtube.com\/watch?v=LaMp0_ShW6Y\"><img fetchpriority=\"high\" decoding=\"async\" class=\"alignnone wp-image-10341 size-full\" src=\"https:\/\/blog.tourmusicfest.it\/wp-content\/uploads\/2023\/10\/discover_finalist-1280x291.jpg\" alt=\"\" width=\"1280\" height=\"291\" \/><\/a> <a href=\"https:\/\/www.facebook.com\/events\/1203820737674728\"><img decoding=\"async\" class=\"alignnone wp-image-10342 size-full\" src=\"https:\/\/blog.tourmusicfest.it\/wp-content\/uploads\/2023\/10\/discover_finalist_fb-1280x291.jpg\" alt=\"\" width=\"1280\" height=\"291\" \/><\/a> <a href=\"http:\/\/instagram.com\/tourmusicfest\"><img decoding=\"async\" class=\"alignnone wp-image-10343 size-full\" src=\"https:\/\/blog.tourmusicfest.it\/wp-content\/uploads\/2023\/10\/discover_finalistig-1280x291.jpg\" alt=\"\" width=\"1280\" height=\"291\" \/><\/a><\/p>\n","protected":false},"excerpt":{"rendered":"<p>Despu\u00e9s de un viaje de 5 meses que abarc\u00f3 9 pa\u00edses, visitando m\u00e1s de 30 ciudades europeas y escuchando a miles de artistas, el equipo de Tour Music Fest se re\u00fane para una velada que celebra la m\u00fasica emergente. \u00a0\u00bfQuieres descubrir con nosotros en tiempo real a los finalistas del Tour Music Fest 2023?\u00a0El lunes [&hellip;]<\/p>\n","protected":false},"author":3,"featured_media":2541,"comment_status":"closed","ping_status":"closed","sticky":false,"template":"","format":"standard","meta":{"_acf_changed":false,"footnotes":""},"categories":[4],"tags":[],"class_list":["post-2540","post","type-post","status-publish","format-standard","has-post-thumbnail","hentry","category-news"],"acf":[],"yoast_head":"<!-- This site is optimized with the Yoast SEO plugin v26.7 - https:\/\/yoast.com\/wordpress\/plugins\/seo\/ -->\n<title>TMF2023: Anuncio de Finalistas - ES - Tour Music Fest<\/title>\n<meta name=\"robots\" content=\"index, follow, max-snippet:-1, max-image-preview:large, max-video-preview:-1\" \/>\n<link rel=\"canonical\" href=\"https:\/\/www.tourmusicfest.com\/es\/news\/tmf2023-anuncio-de-finalistas\/\" \/>\n<meta property=\"og:locale\" content=\"es_ES\" \/>\n<meta property=\"og:type\" content=\"article\" \/>\n<meta property=\"og:title\" content=\"TMF2023: Anuncio de Finalistas - ES - Tour Music Fest\" \/>\n<meta property=\"og:description\" content=\"Despu\u00e9s de un viaje de 5 meses que abarc\u00f3 9 pa\u00edses, visitando m\u00e1s de 30 ciudades europeas y escuchando a miles de artistas, el equipo de Tour Music Fest se re\u00fane para una velada que celebra la m\u00fasica emergente. \u00a0\u00bfQuieres descubrir con nosotros en tiempo real a los finalistas del Tour Music Fest 2023?\u00a0El lunes [&hellip;]\" \/>\n<meta property=\"og:url\" content=\"https:\/\/www.tourmusicfest.com\/es\/news\/tmf2023-anuncio-de-finalistas\/\" \/>\n<meta property=\"og:site_name\" content=\"ES - Tour Music Fest\" \/>\n<meta property=\"article:publisher\" content=\"https:\/\/facebook.com\/tourmusicfest\" \/>\n<meta property=\"article:published_time\" content=\"2023-10-27T10:47:50+00:00\" \/>\n<meta property=\"article:modified_time\" content=\"2023-10-27T10:48:04+00:00\" \/>\n<meta property=\"og:image\" content=\"https:\/\/www.tourmusicfest.com\/es\/files\/2023\/10\/articolo_tour_annuncio_finalidsti_def.jpg\" \/>\n\t<meta property=\"og:image:width\" content=\"1920\" \/>\n\t<meta property=\"og:image:height\" content=\"1080\" \/>\n\t<meta property=\"og:image:type\" content=\"image\/jpeg\" \/>\n<meta name=\"author\" content=\"tmfeuropa17\" \/>\n<meta name=\"twitter:card\" content=\"summary_large_image\" \/>\n<meta name=\"twitter:label1\" content=\"Escrito por\" \/>\n\t<meta name=\"twitter:data1\" content=\"tmfeuropa17\" \/>\n\t<meta name=\"twitter:label2\" content=\"Tiempo de lectura\" \/>\n\t<meta name=\"twitter:data2\" content=\"1 minuto\" \/>\n<script type=\"application\/ld+json\" class=\"yoast-schema-graph\">{\"@context\":\"https:\/\/schema.org\",\"@graph\":[{\"@type\":\"Article\",\"@id\":\"https:\/\/www.tourmusicfest.com\/es\/news\/tmf2023-anuncio-de-finalistas\/#article\",\"isPartOf\":{\"@id\":\"https:\/\/www.tourmusicfest.com\/es\/news\/tmf2023-anuncio-de-finalistas\/\"},\"author\":{\"name\":\"tmfeuropa17\",\"@id\":\"https:\/\/www.tourmusicfest.com\/es\/#\/schema\/person\/390d861689d02485bce7bf22b19bfe79\"},\"headline\":\"TMF2023: Anuncio de Finalistas\",\"datePublished\":\"2023-10-27T10:47:50+00:00\",\"dateModified\":\"2023-10-27T10:48:04+00:00\",\"mainEntityOfPage\":{\"@id\":\"https:\/\/www.tourmusicfest.com\/es\/news\/tmf2023-anuncio-de-finalistas\/\"},\"wordCount\":232,\"publisher\":{\"@id\":\"https:\/\/www.tourmusicfest.com\/es\/#organization\"},\"image\":{\"@id\":\"https:\/\/www.tourmusicfest.com\/es\/news\/tmf2023-anuncio-de-finalistas\/#primaryimage\"},\"thumbnailUrl\":\"https:\/\/www.tourmusicfest.com\/es\/files\/2023\/10\/articolo_tour_annuncio_finalidsti_def.jpg\",\"articleSection\":[\"News\"],\"inLanguage\":\"es\"},{\"@type\":\"WebPage\",\"@id\":\"https:\/\/www.tourmusicfest.com\/es\/news\/tmf2023-anuncio-de-finalistas\/\",\"url\":\"https:\/\/www.tourmusicfest.com\/es\/news\/tmf2023-anuncio-de-finalistas\/\",\"name\":\"TMF2023: Anuncio de Finalistas - ES - Tour Music Fest\",\"isPartOf\":{\"@id\":\"https:\/\/www.tourmusicfest.com\/es\/#website\"},\"primaryImageOfPage\":{\"@id\":\"https:\/\/www.tourmusicfest.com\/es\/news\/tmf2023-anuncio-de-finalistas\/#primaryimage\"},\"image\":{\"@id\":\"https:\/\/www.tourmusicfest.com\/es\/news\/tmf2023-anuncio-de-finalistas\/#primaryimage\"},\"thumbnailUrl\":\"https:\/\/www.tourmusicfest.com\/es\/files\/2023\/10\/articolo_tour_annuncio_finalidsti_def.jpg\",\"datePublished\":\"2023-10-27T10:47:50+00:00\",\"dateModified\":\"2023-10-27T10:48:04+00:00\",\"breadcrumb\":{\"@id\":\"https:\/\/www.tourmusicfest.com\/es\/news\/tmf2023-anuncio-de-finalistas\/#breadcrumb\"},\"inLanguage\":\"es\",\"potentialAction\":[{\"@type\":\"ReadAction\",\"target\":[\"https:\/\/www.tourmusicfest.com\/es\/news\/tmf2023-anuncio-de-finalistas\/\"]}]},{\"@type\":\"ImageObject\",\"inLanguage\":\"es\",\"@id\":\"https:\/\/www.tourmusicfest.com\/es\/news\/tmf2023-anuncio-de-finalistas\/#primaryimage\",\"url\":\"https:\/\/www.tourmusicfest.com\/es\/files\/2023\/10\/articolo_tour_annuncio_finalidsti_def.jpg\",\"contentUrl\":\"https:\/\/www.tourmusicfest.com\/es\/files\/2023\/10\/articolo_tour_annuncio_finalidsti_def.jpg\",\"width\":1920,\"height\":1080},{\"@type\":\"BreadcrumbList\",\"@id\":\"https:\/\/www.tourmusicfest.com\/es\/news\/tmf2023-anuncio-de-finalistas\/#breadcrumb\",\"itemListElement\":[{\"@type\":\"ListItem\",\"position\":1,\"name\":\"Home\",\"item\":\"https:\/\/www.tourmusicfest.com\/es\/\"},{\"@type\":\"ListItem\",\"position\":2,\"name\":\"TMF2023: Anuncio de Finalistas\"}]},{\"@type\":\"WebSite\",\"@id\":\"https:\/\/www.tourmusicfest.com\/es\/#website\",\"url\":\"https:\/\/www.tourmusicfest.com\/es\/\",\"name\":\"Tour Music Fest - ES\",\"description\":\"The European Music Contest\",\"publisher\":{\"@id\":\"https:\/\/www.tourmusicfest.com\/es\/#organization\"},\"potentialAction\":[{\"@type\":\"SearchAction\",\"target\":{\"@type\":\"EntryPoint\",\"urlTemplate\":\"https:\/\/www.tourmusicfest.com\/es\/?s={search_term_string}\"},\"query-input\":{\"@type\":\"PropertyValueSpecification\",\"valueRequired\":true,\"valueName\":\"search_term_string\"}}],\"inLanguage\":\"es\"},{\"@type\":\"Organization\",\"@id\":\"https:\/\/www.tourmusicfest.com\/es\/#organization\",\"name\":\"ES - Tour Music Fest\",\"url\":\"https:\/\/www.tourmusicfest.com\/es\/\",\"logo\":{\"@type\":\"ImageObject\",\"inLanguage\":\"es\",\"@id\":\"https:\/\/www.tourmusicfest.com\/es\/#\/schema\/logo\/image\/\",\"url\":\"https:\/\/www.tourmusicfest.com\/es\/files\/2024\/04\/Brand-TMF-grey.png\",\"contentUrl\":\"https:\/\/www.tourmusicfest.com\/es\/files\/2024\/04\/Brand-TMF-grey.png\",\"width\":1181,\"height\":875,\"caption\":\"ES - Tour Music Fest\"},\"image\":{\"@id\":\"https:\/\/www.tourmusicfest.com\/es\/#\/schema\/logo\/image\/\"},\"sameAs\":[\"https:\/\/facebook.com\/tourmusicfest\",\"https:\/\/instagram.com\/tourmusicfest\"]},{\"@type\":\"Person\",\"@id\":\"https:\/\/www.tourmusicfest.com\/es\/#\/schema\/person\/390d861689d02485bce7bf22b19bfe79\",\"name\":\"tmfeuropa17\",\"image\":{\"@type\":\"ImageObject\",\"inLanguage\":\"es\",\"@id\":\"https:\/\/www.tourmusicfest.com\/es\/#\/schema\/person\/image\/\",\"url\":\"https:\/\/secure.gravatar.com\/avatar\/2b5fc8be00f182d9a3134943aeed9d38e7bcb4a9b63a07ad32e9141daebd39dd?s=96&d=mm&r=g\",\"contentUrl\":\"https:\/\/secure.gravatar.com\/avatar\/2b5fc8be00f182d9a3134943aeed9d38e7bcb4a9b63a07ad32e9141daebd39dd?s=96&d=mm&r=g\",\"caption\":\"tmfeuropa17\"},\"url\":\"https:\/\/www.tourmusicfest.com\/es\/author\/tmfeuropa17\/\"}]}<\/script>\n<!-- \/ Yoast SEO plugin. -->","yoast_head_json":{"title":"TMF2023: Anuncio de Finalistas - ES - Tour Music Fest","robots":{"index":"index","follow":"follow","max-snippet":"max-snippet:-1","max-image-preview":"max-image-preview:large","max-video-preview":"max-video-preview:-1"},"canonical":"https:\/\/www.tourmusicfest.com\/es\/news\/tmf2023-anuncio-de-finalistas\/","og_locale":"es_ES","og_type":"article","og_title":"TMF2023: Anuncio de Finalistas - ES - Tour Music Fest","og_description":"Despu\u00e9s de un viaje de 5 meses que abarc\u00f3 9 pa\u00edses, visitando m\u00e1s de 30 ciudades europeas y escuchando a miles de artistas, el equipo de Tour Music Fest se re\u00fane para una velada que celebra la m\u00fasica emergente. \u00a0\u00bfQuieres descubrir con nosotros en tiempo real a los finalistas del Tour Music Fest 2023?\u00a0El lunes [&hellip;]","og_url":"https:\/\/www.tourmusicfest.com\/es\/news\/tmf2023-anuncio-de-finalistas\/","og_site_name":"ES - Tour Music Fest","article_publisher":"https:\/\/facebook.com\/tourmusicfest","article_published_time":"2023-10-27T10:47:50+00:00","article_modified_time":"2023-10-27T10:48:04+00:00","og_image":[{"width":1920,"height":1080,"url":"https:\/\/www.tourmusicfest.com\/es\/files\/2023\/10\/articolo_tour_annuncio_finalidsti_def.jpg","type":"image\/jpeg"}],"author":"tmfeuropa17","twitter_card":"summary_large_image","twitter_misc":{"Escrito por":"tmfeuropa17","Tiempo de lectura":"1 minuto"},"schema":{"@context":"https:\/\/schema.org","@graph":[{"@type":"Article","@id":"https:\/\/www.tourmusicfest.com\/es\/news\/tmf2023-anuncio-de-finalistas\/#article","isPartOf":{"@id":"https:\/\/www.tourmusicfest.com\/es\/news\/tmf2023-anuncio-de-finalistas\/"},"author":{"name":"tmfeuropa17","@id":"https:\/\/www.tourmusicfest.com\/es\/#\/schema\/person\/390d861689d02485bce7bf22b19bfe79"},"headline":"TMF2023: Anuncio de Finalistas","datePublished":"2023-10-27T10:47:50+00:00","dateModified":"2023-10-27T10:48:04+00:00","mainEntityOfPage":{"@id":"https:\/\/www.tourmusicfest.com\/es\/news\/tmf2023-anuncio-de-finalistas\/"},"wordCount":232,"publisher":{"@id":"https:\/\/www.tourmusicfest.com\/es\/#organization"},"image":{"@id":"https:\/\/www.tourmusicfest.com\/es\/news\/tmf2023-anuncio-de-finalistas\/#primaryimage"},"thumbnailUrl":"https:\/\/www.tourmusicfest.com\/es\/files\/2023\/10\/articolo_tour_annuncio_finalidsti_def.jpg","articleSection":["News"],"inLanguage":"es"},{"@type":"WebPage","@id":"https:\/\/www.tourmusicfest.com\/es\/news\/tmf2023-anuncio-de-finalistas\/","url":"https:\/\/www.tourmusicfest.com\/es\/news\/tmf2023-anuncio-de-finalistas\/","name":"TMF2023: Anuncio de Finalistas - ES - Tour Music Fest","isPartOf":{"@id":"https:\/\/www.tourmusicfest.com\/es\/#website"},"primaryImageOfPage":{"@id":"https:\/\/www.tourmusicfest.com\/es\/news\/tmf2023-anuncio-de-finalistas\/#primaryimage"},"image":{"@id":"https:\/\/www.tourmusicfest.com\/es\/news\/tmf2023-anuncio-de-finalistas\/#primaryimage"},"thumbnailUrl":"https:\/\/www.tourmusicfest.com\/es\/files\/2023\/10\/articolo_tour_annuncio_finalidsti_def.jpg","datePublished":"2023-10-27T10:47:50+00:00","dateModified":"2023-10-27T10:48:04+00:00","breadcrumb":{"@id":"https:\/\/www.tourmusicfest.com\/es\/news\/tmf2023-anuncio-de-finalistas\/#breadcrumb"},"inLanguage":"es","potentialAction":[{"@type":"ReadAction","target":["https:\/\/www.tourmusicfest.com\/es\/news\/tmf2023-anuncio-de-finalistas\/"]}]},{"@type":"ImageObject","inLanguage":"es","@id":"https:\/\/www.tourmusicfest.com\/es\/news\/tmf2023-anuncio-de-finalistas\/#primaryimage","url":"https:\/\/www.tourmusicfest.com\/es\/files\/2023\/10\/articolo_tour_annuncio_finalidsti_def.jpg","contentUrl":"https:\/\/www.tourmusicfest.com\/es\/files\/2023\/10\/articolo_tour_annuncio_finalidsti_def.jpg","width":1920,"height":1080},{"@type":"BreadcrumbList","@id":"https:\/\/www.tourmusicfest.com\/es\/news\/tmf2023-anuncio-de-finalistas\/#breadcrumb","itemListElement":[{"@type":"ListItem","position":1,"name":"Home","item":"https:\/\/www.tourmusicfest.com\/es\/"},{"@type":"ListItem","position":2,"name":"TMF2023: Anuncio de Finalistas"}]},{"@type":"WebSite","@id":"https:\/\/www.tourmusicfest.com\/es\/#website","url":"https:\/\/www.tourmusicfest.com\/es\/","name":"Tour Music Fest - ES","description":"The European Music Contest","publisher":{"@id":"https:\/\/www.tourmusicfest.com\/es\/#organization"},"potentialAction":[{"@type":"SearchAction","target":{"@type":"EntryPoint","urlTemplate":"https:\/\/www.tourmusicfest.com\/es\/?s={search_term_string}"},"query-input":{"@type":"PropertyValueSpecification","valueRequired":true,"valueName":"search_term_string"}}],"inLanguage":"es"},{"@type":"Organization","@id":"https:\/\/www.tourmusicfest.com\/es\/#organization","name":"ES - Tour Music Fest","url":"https:\/\/www.tourmusicfest.com\/es\/","logo":{"@type":"ImageObject","inLanguage":"es","@id":"https:\/\/www.tourmusicfest.com\/es\/#\/schema\/logo\/image\/","url":"https:\/\/www.tourmusicfest.com\/es\/files\/2024\/04\/Brand-TMF-grey.png","contentUrl":"https:\/\/www.tourmusicfest.com\/es\/files\/2024\/04\/Brand-TMF-grey.png","width":1181,"height":875,"caption":"ES - Tour Music Fest"},"image":{"@id":"https:\/\/www.tourmusicfest.com\/es\/#\/schema\/logo\/image\/"},"sameAs":["https:\/\/facebook.com\/tourmusicfest","https:\/\/instagram.com\/tourmusicfest"]},{"@type":"Person","@id":"https:\/\/www.tourmusicfest.com\/es\/#\/schema\/person\/390d861689d02485bce7bf22b19bfe79","name":"tmfeuropa17","image":{"@type":"ImageObject","inLanguage":"es","@id":"https:\/\/www.tourmusicfest.com\/es\/#\/schema\/person\/image\/","url":"https:\/\/secure.gravatar.com\/avatar\/2b5fc8be00f182d9a3134943aeed9d38e7bcb4a9b63a07ad32e9141daebd39dd?s=96&d=mm&r=g","contentUrl":"https:\/\/secure.gravatar.com\/avatar\/2b5fc8be00f182d9a3134943aeed9d38e7bcb4a9b63a07ad32e9141daebd39dd?s=96&d=mm&r=g","caption":"tmfeuropa17"},"url":"https:\/\/www.tourmusicfest.com\/es\/author\/tmfeuropa17\/"}]}},"_links":{"self":[{"href":"https:\/\/www.tourmusicfest.com\/es\/wp-json\/wp\/v2\/posts\/2540","targetHints":{"allow":["GET"]}}],"collection":[{"href":"https:\/\/www.tourmusicfest.com\/es\/wp-json\/wp\/v2\/posts"}],"about":[{"href":"https:\/\/www.tourmusicfest.com\/es\/wp-json\/wp\/v2\/types\/post"}],"author":[{"embeddable":true,"href":"https:\/\/www.tourmusicfest.com\/es\/wp-json\/wp\/v2\/users\/3"}],"replies":[{"embeddable":true,"href":"https:\/\/www.tourmusicfest.com\/es\/wp-json\/wp\/v2\/comments?post=2540"}],"version-history":[{"count":1,"href":"https:\/\/www.tourmusicfest.com\/es\/wp-json\/wp\/v2\/posts\/2540\/revisions"}],"predecessor-version":[{"id":2542,"href":"https:\/\/www.tourmusicfest.com\/es\/wp-json\/wp\/v2\/posts\/2540\/revisions\/2542"}],"wp:featuredmedia":[{"embeddable":true,"href":"https:\/\/www.tourmusicfest.com\/es\/wp-json\/wp\/v2\/media\/2541"}],"wp:attachment":[{"href":"https:\/\/www.tourmusicfest.com\/es\/wp-json\/wp\/v2\/media?parent=2540"}],"wp:term":[{"taxonomy":"category","embeddable":true,"href":"https:\/\/www.tourmusicfest.com\/es\/wp-json\/wp\/v2\/categories?post=2540"},{"taxonomy":"post_tag","embeddable":true,"href":"https:\/\/www.tourmusicfest.com\/es\/wp-json\/wp\/v2\/tags?post=2540"}],"curies":[{"name":"wp","href":"https:\/\/api.w.org\/{rel}","templated":true}]}}