{"id":2530,"date":"2023-10-25T09:06:03","date_gmt":"2023-10-25T08:06:03","guid":{"rendered":"https:\/\/www.tourmusicfest.com\/es\/?p=2530"},"modified":"2023-10-25T09:07:00","modified_gmt":"2023-10-25T08:07:00","slug":"european-live-audition-tour-espana-alla-vamos","status":"publish","type":"post","link":"https:\/\/www.tourmusicfest.com\/es\/news\/european-live-audition-tour-espana-alla-vamos\/","title":{"rendered":"EUROPEAN LIVE AUDITION TOUR: \u00a1ESPA\u00d1A&#8230; \u00a1ALL\u00c1 VAMOS!"},"content":{"rendered":"<h3>El Tour Music Fest contin\u00faa su viaje en busca de nuevos talentos musicales; hemos llegado a la \u00faltima etapa de las Audiciones en Espa\u00f1a, espec\u00edficamente en Valencia y Madrid.<\/h3>\n<p>Despu\u00e9s de explorar muchas ciudades en todo el mundo, la pr\u00f3xima parada en nuestro tour de audiciones nos lleva a Espa\u00f1a. Nuestro equipo est\u00e1 actualmente en camino hacia Valencia, y nuestros entrenadores est\u00e1n ansiosos por conocer a los artistas espa\u00f1oles, experimentar su cultura y conectarse con su alma musical.<\/p>\n<p>&#8220;Va a ser un viaje fant\u00e1stico que nos llevar\u00e1 desde la hermosa ciudad de Valencia hasta Madrid. Estamos emocionados por sumergirnos en la m\u00fasica espa\u00f1ola&#8221;,<strong> dijo Nadia Stacchini, la gerente de proyectos de TMF<\/strong>, actualmente de gira con el equipo. &#8220;Lo m\u00e1s importante es que estamos emocionados por ver a los artistas actuar en vivo despu\u00e9s de las etapas preliminares en l\u00ednea. Va a ser un espect\u00e1culo&#8221;.<\/p>\n<p><strong>EL PROGRAMA<\/strong><\/p>\n<p>El equipo de Tour Music Fest llegar\u00e1 a <strong>Valencia el 25 de octubre<\/strong>, donde se llevar\u00e1n a cabo las Audiciones en Vivo para Cantantes, Cantautores, J\u00f3venes y Raperos. Luego, el equipo se dirigir\u00e1 a <strong>Madrid el 26 y 27 de octubre<\/strong>, para dos d\u00edas llenos de m\u00fasica y artistas emergentes.<\/p>\n<p>Deseamos mucha suerte a todos los artistas que participan en nuestras Audiciones en Vivo en Espa\u00f1a. <strong>Recuerden que el 30 de octubre, podr\u00e1n ver el anuncio en transmisi\u00f3n en vivo de los finalistas de Tour Music Fest 2023<\/strong> en nuestros canales de redes sociales. Estos finalistas competir\u00e1n con sus notas musicales en la gran final en San Marino, del 27 de noviembre al 2 de diciembre.<\/p>\n<p>Tour Music Fest &#8211; \u00a1Amamos tu m\u00fasica!<\/p>\n","protected":false},"excerpt":{"rendered":"<p>El Tour Music Fest contin\u00faa su viaje en busca de nuevos talentos musicales; hemos llegado a la \u00faltima etapa de las Audiciones en Espa\u00f1a, espec\u00edficamente en Valencia y Madrid. Despu\u00e9s de explorar muchas ciudades en todo el mundo, la pr\u00f3xima parada en nuestro tour de audiciones nos lleva a Espa\u00f1a. Nuestro equipo est\u00e1 actualmente en [&hellip;]<\/p>\n","protected":false},"author":3,"featured_media":2531,"comment_status":"closed","ping_status":"closed","sticky":false,"template":"","format":"standard","meta":{"_acf_changed":false,"footnotes":""},"categories":[4],"tags":[],"class_list":["post-2530","post","type-post","status-publish","format-standard","has-post-thumbnail","hentry","category-news"],"acf":[],"yoast_head":"<!-- This site is optimized with the Yoast SEO plugin v26.7 - https:\/\/yoast.com\/wordpress\/plugins\/seo\/ -->\n<title>EUROPEAN LIVE AUDITION TOUR: \u00a1ESPA\u00d1A... \u00a1ALL\u00c1 VAMOS! - ES - Tour Music Fest<\/title>\n<meta name=\"robots\" content=\"index, follow, max-snippet:-1, max-image-preview:large, max-video-preview:-1\" \/>\n<link rel=\"canonical\" href=\"https:\/\/www.tourmusicfest.com\/es\/news\/european-live-audition-tour-espana-alla-vamos\/\" \/>\n<meta property=\"og:locale\" content=\"es_ES\" \/>\n<meta property=\"og:type\" content=\"article\" \/>\n<meta property=\"og:title\" content=\"EUROPEAN LIVE AUDITION TOUR: \u00a1ESPA\u00d1A... \u00a1ALL\u00c1 VAMOS! - ES - Tour Music Fest\" \/>\n<meta property=\"og:description\" content=\"El Tour Music Fest contin\u00faa su viaje en busca de nuevos talentos musicales; hemos llegado a la \u00faltima etapa de las Audiciones en Espa\u00f1a, espec\u00edficamente en Valencia y Madrid. Despu\u00e9s de explorar muchas ciudades en todo el mundo, la pr\u00f3xima parada en nuestro tour de audiciones nos lleva a Espa\u00f1a. Nuestro equipo est\u00e1 actualmente en [&hellip;]\" \/>\n<meta property=\"og:url\" content=\"https:\/\/www.tourmusicfest.com\/es\/news\/european-live-audition-tour-espana-alla-vamos\/\" \/>\n<meta property=\"og:site_name\" content=\"ES - Tour Music Fest\" \/>\n<meta property=\"article:publisher\" content=\"https:\/\/facebook.com\/tourmusicfest\" \/>\n<meta property=\"article:published_time\" content=\"2023-10-25T08:06:03+00:00\" \/>\n<meta property=\"article:modified_time\" content=\"2023-10-25T08:07:00+00:00\" \/>\n<meta property=\"og:image\" content=\"https:\/\/www.tourmusicfest.com\/es\/files\/2023\/10\/spanish_tour.jpg\" \/>\n\t<meta property=\"og:image:width\" content=\"1920\" \/>\n\t<meta property=\"og:image:height\" content=\"1080\" \/>\n\t<meta property=\"og:image:type\" content=\"image\/jpeg\" \/>\n<meta name=\"author\" content=\"tmfeuropa17\" \/>\n<meta name=\"twitter:card\" content=\"summary_large_image\" \/>\n<meta name=\"twitter:label1\" content=\"Escrito por\" \/>\n\t<meta name=\"twitter:data1\" content=\"tmfeuropa17\" \/>\n\t<meta name=\"twitter:label2\" content=\"Tiempo de lectura\" \/>\n\t<meta name=\"twitter:data2\" content=\"1 minuto\" \/>\n<script type=\"application\/ld+json\" class=\"yoast-schema-graph\">{\"@context\":\"https:\/\/schema.org\",\"@graph\":[{\"@type\":\"Article\",\"@id\":\"https:\/\/www.tourmusicfest.com\/es\/news\/european-live-audition-tour-espana-alla-vamos\/#article\",\"isPartOf\":{\"@id\":\"https:\/\/www.tourmusicfest.com\/es\/news\/european-live-audition-tour-espana-alla-vamos\/\"},\"author\":{\"name\":\"tmfeuropa17\",\"@id\":\"https:\/\/www.tourmusicfest.com\/es\/#\/schema\/person\/390d861689d02485bce7bf22b19bfe79\"},\"headline\":\"EUROPEAN LIVE AUDITION TOUR: \u00a1ESPA\u00d1A&#8230; \u00a1ALL\u00c1 VAMOS!\",\"datePublished\":\"2023-10-25T08:06:03+00:00\",\"dateModified\":\"2023-10-25T08:07:00+00:00\",\"mainEntityOfPage\":{\"@id\":\"https:\/\/www.tourmusicfest.com\/es\/news\/european-live-audition-tour-espana-alla-vamos\/\"},\"wordCount\":295,\"publisher\":{\"@id\":\"https:\/\/www.tourmusicfest.com\/es\/#organization\"},\"image\":{\"@id\":\"https:\/\/www.tourmusicfest.com\/es\/news\/european-live-audition-tour-espana-alla-vamos\/#primaryimage\"},\"thumbnailUrl\":\"https:\/\/www.tourmusicfest.com\/es\/files\/2023\/10\/spanish_tour.jpg\",\"articleSection\":[\"News\"],\"inLanguage\":\"es\"},{\"@type\":\"WebPage\",\"@id\":\"https:\/\/www.tourmusicfest.com\/es\/news\/european-live-audition-tour-espana-alla-vamos\/\",\"url\":\"https:\/\/www.tourmusicfest.com\/es\/news\/european-live-audition-tour-espana-alla-vamos\/\",\"name\":\"EUROPEAN LIVE AUDITION TOUR: \u00a1ESPA\u00d1A... \u00a1ALL\u00c1 VAMOS! - ES - Tour Music Fest\",\"isPartOf\":{\"@id\":\"https:\/\/www.tourmusicfest.com\/es\/#website\"},\"primaryImageOfPage\":{\"@id\":\"https:\/\/www.tourmusicfest.com\/es\/news\/european-live-audition-tour-espana-alla-vamos\/#primaryimage\"},\"image\":{\"@id\":\"https:\/\/www.tourmusicfest.com\/es\/news\/european-live-audition-tour-espana-alla-vamos\/#primaryimage\"},\"thumbnailUrl\":\"https:\/\/www.tourmusicfest.com\/es\/files\/2023\/10\/spanish_tour.jpg\",\"datePublished\":\"2023-10-25T08:06:03+00:00\",\"dateModified\":\"2023-10-25T08:07:00+00:00\",\"breadcrumb\":{\"@id\":\"https:\/\/www.tourmusicfest.com\/es\/news\/european-live-audition-tour-espana-alla-vamos\/#breadcrumb\"},\"inLanguage\":\"es\",\"potentialAction\":[{\"@type\":\"ReadAction\",\"target\":[\"https:\/\/www.tourmusicfest.com\/es\/news\/european-live-audition-tour-espana-alla-vamos\/\"]}]},{\"@type\":\"ImageObject\",\"inLanguage\":\"es\",\"@id\":\"https:\/\/www.tourmusicfest.com\/es\/news\/european-live-audition-tour-espana-alla-vamos\/#primaryimage\",\"url\":\"https:\/\/www.tourmusicfest.com\/es\/files\/2023\/10\/spanish_tour.jpg\",\"contentUrl\":\"https:\/\/www.tourmusicfest.com\/es\/files\/2023\/10\/spanish_tour.jpg\",\"width\":1920,\"height\":1080},{\"@type\":\"BreadcrumbList\",\"@id\":\"https:\/\/www.tourmusicfest.com\/es\/news\/european-live-audition-tour-espana-alla-vamos\/#breadcrumb\",\"itemListElement\":[{\"@type\":\"ListItem\",\"position\":1,\"name\":\"Home\",\"item\":\"https:\/\/www.tourmusicfest.com\/es\/\"},{\"@type\":\"ListItem\",\"position\":2,\"name\":\"EUROPEAN LIVE AUDITION TOUR: \u00a1ESPA\u00d1A&#8230; \u00a1ALL\u00c1 VAMOS!\"}]},{\"@type\":\"WebSite\",\"@id\":\"https:\/\/www.tourmusicfest.com\/es\/#website\",\"url\":\"https:\/\/www.tourmusicfest.com\/es\/\",\"name\":\"Tour Music Fest - ES\",\"description\":\"The European Music Contest\",\"publisher\":{\"@id\":\"https:\/\/www.tourmusicfest.com\/es\/#organization\"},\"potentialAction\":[{\"@type\":\"SearchAction\",\"target\":{\"@type\":\"EntryPoint\",\"urlTemplate\":\"https:\/\/www.tourmusicfest.com\/es\/?s={search_term_string}\"},\"query-input\":{\"@type\":\"PropertyValueSpecification\",\"valueRequired\":true,\"valueName\":\"search_term_string\"}}],\"inLanguage\":\"es\"},{\"@type\":\"Organization\",\"@id\":\"https:\/\/www.tourmusicfest.com\/es\/#organization\",\"name\":\"ES - Tour Music Fest\",\"url\":\"https:\/\/www.tourmusicfest.com\/es\/\",\"logo\":{\"@type\":\"ImageObject\",\"inLanguage\":\"es\",\"@id\":\"https:\/\/www.tourmusicfest.com\/es\/#\/schema\/logo\/image\/\",\"url\":\"https:\/\/www.tourmusicfest.com\/es\/files\/2024\/04\/Brand-TMF-grey.png\",\"contentUrl\":\"https:\/\/www.tourmusicfest.com\/es\/files\/2024\/04\/Brand-TMF-grey.png\",\"width\":1181,\"height\":875,\"caption\":\"ES - Tour Music Fest\"},\"image\":{\"@id\":\"https:\/\/www.tourmusicfest.com\/es\/#\/schema\/logo\/image\/\"},\"sameAs\":[\"https:\/\/facebook.com\/tourmusicfest\",\"https:\/\/instagram.com\/tourmusicfest\"]},{\"@type\":\"Person\",\"@id\":\"https:\/\/www.tourmusicfest.com\/es\/#\/schema\/person\/390d861689d02485bce7bf22b19bfe79\",\"name\":\"tmfeuropa17\",\"image\":{\"@type\":\"ImageObject\",\"inLanguage\":\"es\",\"@id\":\"https:\/\/www.tourmusicfest.com\/es\/#\/schema\/person\/image\/\",\"url\":\"https:\/\/secure.gravatar.com\/avatar\/2b5fc8be00f182d9a3134943aeed9d38e7bcb4a9b63a07ad32e9141daebd39dd?s=96&d=mm&r=g\",\"contentUrl\":\"https:\/\/secure.gravatar.com\/avatar\/2b5fc8be00f182d9a3134943aeed9d38e7bcb4a9b63a07ad32e9141daebd39dd?s=96&d=mm&r=g\",\"caption\":\"tmfeuropa17\"},\"url\":\"https:\/\/www.tourmusicfest.com\/es\/author\/tmfeuropa17\/\"}]}<\/script>\n<!-- \/ Yoast SEO plugin. -->","yoast_head_json":{"title":"EUROPEAN LIVE AUDITION TOUR: \u00a1ESPA\u00d1A... \u00a1ALL\u00c1 VAMOS! - ES - Tour Music Fest","robots":{"index":"index","follow":"follow","max-snippet":"max-snippet:-1","max-image-preview":"max-image-preview:large","max-video-preview":"max-video-preview:-1"},"canonical":"https:\/\/www.tourmusicfest.com\/es\/news\/european-live-audition-tour-espana-alla-vamos\/","og_locale":"es_ES","og_type":"article","og_title":"EUROPEAN LIVE AUDITION TOUR: \u00a1ESPA\u00d1A... \u00a1ALL\u00c1 VAMOS! - ES - Tour Music Fest","og_description":"El Tour Music Fest contin\u00faa su viaje en busca de nuevos talentos musicales; hemos llegado a la \u00faltima etapa de las Audiciones en Espa\u00f1a, espec\u00edficamente en Valencia y Madrid. Despu\u00e9s de explorar muchas ciudades en todo el mundo, la pr\u00f3xima parada en nuestro tour de audiciones nos lleva a Espa\u00f1a. Nuestro equipo est\u00e1 actualmente en [&hellip;]","og_url":"https:\/\/www.tourmusicfest.com\/es\/news\/european-live-audition-tour-espana-alla-vamos\/","og_site_name":"ES - Tour Music Fest","article_publisher":"https:\/\/facebook.com\/tourmusicfest","article_published_time":"2023-10-25T08:06:03+00:00","article_modified_time":"2023-10-25T08:07:00+00:00","og_image":[{"width":1920,"height":1080,"url":"https:\/\/www.tourmusicfest.com\/es\/files\/2023\/10\/spanish_tour.jpg","type":"image\/jpeg"}],"author":"tmfeuropa17","twitter_card":"summary_large_image","twitter_misc":{"Escrito por":"tmfeuropa17","Tiempo de lectura":"1 minuto"},"schema":{"@context":"https:\/\/schema.org","@graph":[{"@type":"Article","@id":"https:\/\/www.tourmusicfest.com\/es\/news\/european-live-audition-tour-espana-alla-vamos\/#article","isPartOf":{"@id":"https:\/\/www.tourmusicfest.com\/es\/news\/european-live-audition-tour-espana-alla-vamos\/"},"author":{"name":"tmfeuropa17","@id":"https:\/\/www.tourmusicfest.com\/es\/#\/schema\/person\/390d861689d02485bce7bf22b19bfe79"},"headline":"EUROPEAN LIVE AUDITION TOUR: \u00a1ESPA\u00d1A&#8230; \u00a1ALL\u00c1 VAMOS!","datePublished":"2023-10-25T08:06:03+00:00","dateModified":"2023-10-25T08:07:00+00:00","mainEntityOfPage":{"@id":"https:\/\/www.tourmusicfest.com\/es\/news\/european-live-audition-tour-espana-alla-vamos\/"},"wordCount":295,"publisher":{"@id":"https:\/\/www.tourmusicfest.com\/es\/#organization"},"image":{"@id":"https:\/\/www.tourmusicfest.com\/es\/news\/european-live-audition-tour-espana-alla-vamos\/#primaryimage"},"thumbnailUrl":"https:\/\/www.tourmusicfest.com\/es\/files\/2023\/10\/spanish_tour.jpg","articleSection":["News"],"inLanguage":"es"},{"@type":"WebPage","@id":"https:\/\/www.tourmusicfest.com\/es\/news\/european-live-audition-tour-espana-alla-vamos\/","url":"https:\/\/www.tourmusicfest.com\/es\/news\/european-live-audition-tour-espana-alla-vamos\/","name":"EUROPEAN LIVE AUDITION TOUR: \u00a1ESPA\u00d1A... \u00a1ALL\u00c1 VAMOS! - ES - Tour Music Fest","isPartOf":{"@id":"https:\/\/www.tourmusicfest.com\/es\/#website"},"primaryImageOfPage":{"@id":"https:\/\/www.tourmusicfest.com\/es\/news\/european-live-audition-tour-espana-alla-vamos\/#primaryimage"},"image":{"@id":"https:\/\/www.tourmusicfest.com\/es\/news\/european-live-audition-tour-espana-alla-vamos\/#primaryimage"},"thumbnailUrl":"https:\/\/www.tourmusicfest.com\/es\/files\/2023\/10\/spanish_tour.jpg","datePublished":"2023-10-25T08:06:03+00:00","dateModified":"2023-10-25T08:07:00+00:00","breadcrumb":{"@id":"https:\/\/www.tourmusicfest.com\/es\/news\/european-live-audition-tour-espana-alla-vamos\/#breadcrumb"},"inLanguage":"es","potentialAction":[{"@type":"ReadAction","target":["https:\/\/www.tourmusicfest.com\/es\/news\/european-live-audition-tour-espana-alla-vamos\/"]}]},{"@type":"ImageObject","inLanguage":"es","@id":"https:\/\/www.tourmusicfest.com\/es\/news\/european-live-audition-tour-espana-alla-vamos\/#primaryimage","url":"https:\/\/www.tourmusicfest.com\/es\/files\/2023\/10\/spanish_tour.jpg","contentUrl":"https:\/\/www.tourmusicfest.com\/es\/files\/2023\/10\/spanish_tour.jpg","width":1920,"height":1080},{"@type":"BreadcrumbList","@id":"https:\/\/www.tourmusicfest.com\/es\/news\/european-live-audition-tour-espana-alla-vamos\/#breadcrumb","itemListElement":[{"@type":"ListItem","position":1,"name":"Home","item":"https:\/\/www.tourmusicfest.com\/es\/"},{"@type":"ListItem","position":2,"name":"EUROPEAN LIVE AUDITION TOUR: \u00a1ESPA\u00d1A&#8230; \u00a1ALL\u00c1 VAMOS!"}]},{"@type":"WebSite","@id":"https:\/\/www.tourmusicfest.com\/es\/#website","url":"https:\/\/www.tourmusicfest.com\/es\/","name":"Tour Music Fest - ES","description":"The European Music Contest","publisher":{"@id":"https:\/\/www.tourmusicfest.com\/es\/#organization"},"potentialAction":[{"@type":"SearchAction","target":{"@type":"EntryPoint","urlTemplate":"https:\/\/www.tourmusicfest.com\/es\/?s={search_term_string}"},"query-input":{"@type":"PropertyValueSpecification","valueRequired":true,"valueName":"search_term_string"}}],"inLanguage":"es"},{"@type":"Organization","@id":"https:\/\/www.tourmusicfest.com\/es\/#organization","name":"ES - Tour Music Fest","url":"https:\/\/www.tourmusicfest.com\/es\/","logo":{"@type":"ImageObject","inLanguage":"es","@id":"https:\/\/www.tourmusicfest.com\/es\/#\/schema\/logo\/image\/","url":"https:\/\/www.tourmusicfest.com\/es\/files\/2024\/04\/Brand-TMF-grey.png","contentUrl":"https:\/\/www.tourmusicfest.com\/es\/files\/2024\/04\/Brand-TMF-grey.png","width":1181,"height":875,"caption":"ES - Tour Music Fest"},"image":{"@id":"https:\/\/www.tourmusicfest.com\/es\/#\/schema\/logo\/image\/"},"sameAs":["https:\/\/facebook.com\/tourmusicfest","https:\/\/instagram.com\/tourmusicfest"]},{"@type":"Person","@id":"https:\/\/www.tourmusicfest.com\/es\/#\/schema\/person\/390d861689d02485bce7bf22b19bfe79","name":"tmfeuropa17","image":{"@type":"ImageObject","inLanguage":"es","@id":"https:\/\/www.tourmusicfest.com\/es\/#\/schema\/person\/image\/","url":"https:\/\/secure.gravatar.com\/avatar\/2b5fc8be00f182d9a3134943aeed9d38e7bcb4a9b63a07ad32e9141daebd39dd?s=96&d=mm&r=g","contentUrl":"https:\/\/secure.gravatar.com\/avatar\/2b5fc8be00f182d9a3134943aeed9d38e7bcb4a9b63a07ad32e9141daebd39dd?s=96&d=mm&r=g","caption":"tmfeuropa17"},"url":"https:\/\/www.tourmusicfest.com\/es\/author\/tmfeuropa17\/"}]}},"_links":{"self":[{"href":"https:\/\/www.tourmusicfest.com\/es\/wp-json\/wp\/v2\/posts\/2530","targetHints":{"allow":["GET"]}}],"collection":[{"href":"https:\/\/www.tourmusicfest.com\/es\/wp-json\/wp\/v2\/posts"}],"about":[{"href":"https:\/\/www.tourmusicfest.com\/es\/wp-json\/wp\/v2\/types\/post"}],"author":[{"embeddable":true,"href":"https:\/\/www.tourmusicfest.com\/es\/wp-json\/wp\/v2\/users\/3"}],"replies":[{"embeddable":true,"href":"https:\/\/www.tourmusicfest.com\/es\/wp-json\/wp\/v2\/comments?post=2530"}],"version-history":[{"count":1,"href":"https:\/\/www.tourmusicfest.com\/es\/wp-json\/wp\/v2\/posts\/2530\/revisions"}],"predecessor-version":[{"id":2532,"href":"https:\/\/www.tourmusicfest.com\/es\/wp-json\/wp\/v2\/posts\/2530\/revisions\/2532"}],"wp:featuredmedia":[{"embeddable":true,"href":"https:\/\/www.tourmusicfest.com\/es\/wp-json\/wp\/v2\/media\/2531"}],"wp:attachment":[{"href":"https:\/\/www.tourmusicfest.com\/es\/wp-json\/wp\/v2\/media?parent=2530"}],"wp:term":[{"taxonomy":"category","embeddable":true,"href":"https:\/\/www.tourmusicfest.com\/es\/wp-json\/wp\/v2\/categories?post=2530"},{"taxonomy":"post_tag","embeddable":true,"href":"https:\/\/www.tourmusicfest.com\/es\/wp-json\/wp\/v2\/tags?post=2530"}],"curies":[{"name":"wp","href":"https:\/\/api.w.org\/{rel}","templated":true}]}}