{"id":2520,"date":"2023-09-06T14:38:01","date_gmt":"2023-09-06T13:38:01","guid":{"rendered":"https:\/\/www.tourmusicfest.com\/es\/?p=2520"},"modified":"2023-10-25T09:21:27","modified_gmt":"2023-10-25T08:21:27","slug":"las-masterclases-en-linea-de-tourmusicfest-estan-en-curso","status":"publish","type":"post","link":"https:\/\/www.tourmusicfest.com\/es\/news\/las-masterclases-en-linea-de-tourmusicfest-estan-en-curso\/","title":{"rendered":"\u00a1LAS MASTERCLASES EN L\u00cdNEA DE TOURMUSICFEST EST\u00c1N EN CURSO!"},"content":{"rendered":"<h4>El 13 de septiembre, comenzaron las Masterclasses en l\u00ednea de Tour Music Fest, ofreciendo una oportunidad \u00fanica para los participantes en la nueva edici\u00f3n. Estamos prepar\u00e1ndonos para una semana de entrenamiento intensivo desde el 13 al 19 de septiembre, con 15 horas de contenido extraordinario presentado por algunos de los nombres m\u00e1s ilustres de la m\u00fasica internacional.<\/h4>\n<p><strong>\u00bfQU\u00c9 HAY EN LA AGENDA?<\/strong><\/p>\n<p>Tenemos un programa rico con 8 sesiones destacadas que abordar\u00e1n temas que van desde la identidad art\u00edstica, la voz, la t\u00e9cnica musical, la composici\u00f3n, el negocio de la m\u00fasica, el Djing, el Rap, la producci\u00f3n y mucho m\u00e1s. Todo esto ser\u00e1 presentado por un equipo de entrenadores altamente estimados y experimentados. Aqu\u00ed est\u00e1 el programa completo:<\/p>\n<p>? 13 de septiembre<\/p>\n<p>6:00 PM: TMF se encuentra con Beppe Vessicchio (Director de orquesta, arreglista, productor &#8211; ha colaborado con artistas como Andrea Bocelli, Elio e le Storie Tese, Zucchero Fornaciari, Biagio Antonacci, Max Gazz\u00e8)<\/p>\n<p>9:00 PM: Masterclass de composici\u00f3n con Valter Sacripanti (Compositor, m\u00fasico, productor &#8211; ha colaborado con Nek, Spagna, Simone Cristicchi, Intillimani, Arisa, Ivan Graziani)<\/p>\n<p>? 14 de septiembre<\/p>\n<p>6:00 PM: Masterclass de t\u00e9cnica vocal con Paola Folli (Cantante y entrenadora vocal &#8211; ha colaborado con Laura Pausini, Elio e le storie Tese, Articolo 31, Mina, Adriano Celentano)<\/p>\n<p>6:00 PM: TMF se encuentra con Francesco Rapaccioli (Cantante y entrenador vocal &#8211; Prepar\u00f3 a muchos artistas para Sanremo, incluyendo a Lazza en Sanremo 2023 e Irama en Sanremo 2022)<\/p>\n<p>? 15 de septiembre<\/p>\n<p>6:00 PM: Masterclass de Djing y producci\u00f3n con Gabriele Vesigna (Dj \/ Productor \/ Entrenador &#8211; Jefe de la categor\u00eda de DJ en TMF, trabaj\u00f3 en los clubes y discotecas m\u00e1s grandes de Italia y en el extranjero)<\/p>\n<p>9:00 PM: Masterclass de Interpretaci\u00f3n con Annalu (Entrenadora vocal, cantautora, creadora de contenido &#8211; ha colaborado con Annalisa Minetti, Valerio Scanu, Jacopo Sarno, Amy Diamond, Sal Da Vinci)<\/p>\n<p>? 19 de septiembre<\/p>\n<p>6:00 PM: Masterclass de Identidad Art\u00edstica con Kara DioGuardi (Compositora y productora &#8211; ha colaborado con Pink, Anastacia, Cristina Aguilera, Britney Spears, Ricky Martin, Julio Iglesias)<\/p>\n<p>9:00 PM: Masterclass de Negocios de la M\u00fasica con Valter Sacripanti (Compositor, m\u00fasico, productor &#8211; ha colaborado con Nek, Spagna, Simone Cristicchi, Intillimani, Arisa, Ivan Graziani)<\/p>\n<p><strong>C\u00d3MO PARTICIPAR<\/strong><\/p>\n<p>Las Masterclasses en l\u00ednea se llevar\u00e1n a cabo en Zoom y ser\u00e1n exclusivas para los artistas que participan en la nueva edici\u00f3n de Tour Music Fest. Cada artista participante recibir\u00e1 toda la informaci\u00f3n necesaria por correo electr\u00f3nico para unirse a estos eventos imperdibles.<\/p>\n<p>Esperamos compartir esta extraordinaria experiencia de formaci\u00f3n contigo. ?<\/p>\n<p>Tour Music Fest &#8211; \u00a1Amamos tu M\u00fasica! ?? #tourmusicfest #TMF2023 #MasterclassOnline<\/p>\n","protected":false},"excerpt":{"rendered":"<p>El 13 de septiembre, comenzaron las Masterclasses en l\u00ednea de Tour Music Fest, ofreciendo una oportunidad \u00fanica para los participantes en la nueva edici\u00f3n. Estamos prepar\u00e1ndonos para una semana de entrenamiento intensivo desde el 13 al 19 de septiembre, con 15 horas de contenido extraordinario presentado por algunos de los nombres m\u00e1s ilustres de la [&hellip;]<\/p>\n","protected":false},"author":3,"featured_media":2522,"comment_status":"closed","ping_status":"closed","sticky":false,"template":"","format":"standard","meta":{"_acf_changed":false,"footnotes":""},"categories":[4],"tags":[],"class_list":["post-2520","post","type-post","status-publish","format-standard","has-post-thumbnail","hentry","category-news"],"acf":[],"yoast_head":"<!-- This site is optimized with the Yoast SEO plugin v26.7 - https:\/\/yoast.com\/wordpress\/plugins\/seo\/ -->\n<title>\u00a1LAS MASTERCLASES EN L\u00cdNEA DE TOURMUSICFEST EST\u00c1N EN CURSO! - ES - Tour Music Fest<\/title>\n<meta name=\"robots\" content=\"index, follow, max-snippet:-1, max-image-preview:large, max-video-preview:-1\" \/>\n<link rel=\"canonical\" href=\"https:\/\/www.tourmusicfest.com\/es\/news\/las-masterclases-en-linea-de-tourmusicfest-estan-en-curso\/\" \/>\n<meta property=\"og:locale\" content=\"es_ES\" \/>\n<meta property=\"og:type\" content=\"article\" \/>\n<meta property=\"og:title\" content=\"\u00a1LAS MASTERCLASES EN L\u00cdNEA DE TOURMUSICFEST EST\u00c1N EN CURSO! - ES - Tour Music Fest\" \/>\n<meta property=\"og:description\" content=\"El 13 de septiembre, comenzaron las Masterclasses en l\u00ednea de Tour Music Fest, ofreciendo una oportunidad \u00fanica para los participantes en la nueva edici\u00f3n. Estamos prepar\u00e1ndonos para una semana de entrenamiento intensivo desde el 13 al 19 de septiembre, con 15 horas de contenido extraordinario presentado por algunos de los nombres m\u00e1s ilustres de la [&hellip;]\" \/>\n<meta property=\"og:url\" content=\"https:\/\/www.tourmusicfest.com\/es\/news\/las-masterclases-en-linea-de-tourmusicfest-estan-en-curso\/\" \/>\n<meta property=\"og:site_name\" content=\"ES - Tour Music Fest\" \/>\n<meta property=\"article:publisher\" content=\"https:\/\/facebook.com\/tourmusicfest\" \/>\n<meta property=\"article:published_time\" content=\"2023-09-06T13:38:01+00:00\" \/>\n<meta property=\"article:modified_time\" content=\"2023-10-25T08:21:27+00:00\" \/>\n<meta property=\"og:image\" content=\"https:\/\/www.tourmusicfest.com\/es\/files\/2023\/09\/ARTICOLO_BLOG_MASTERCLASS-1.jpg\" \/>\n\t<meta property=\"og:image:width\" content=\"1920\" \/>\n\t<meta property=\"og:image:height\" content=\"1080\" \/>\n\t<meta property=\"og:image:type\" content=\"image\/jpeg\" \/>\n<meta name=\"author\" content=\"tmfeuropa17\" \/>\n<meta name=\"twitter:card\" content=\"summary_large_image\" \/>\n<meta name=\"twitter:label1\" content=\"Escrito por\" \/>\n\t<meta name=\"twitter:data1\" content=\"tmfeuropa17\" \/>\n\t<meta name=\"twitter:label2\" content=\"Tiempo de lectura\" \/>\n\t<meta name=\"twitter:data2\" content=\"2 minutos\" \/>\n<script type=\"application\/ld+json\" class=\"yoast-schema-graph\">{\"@context\":\"https:\/\/schema.org\",\"@graph\":[{\"@type\":\"Article\",\"@id\":\"https:\/\/www.tourmusicfest.com\/es\/news\/las-masterclases-en-linea-de-tourmusicfest-estan-en-curso\/#article\",\"isPartOf\":{\"@id\":\"https:\/\/www.tourmusicfest.com\/es\/news\/las-masterclases-en-linea-de-tourmusicfest-estan-en-curso\/\"},\"author\":{\"name\":\"tmfeuropa17\",\"@id\":\"https:\/\/www.tourmusicfest.com\/es\/#\/schema\/person\/390d861689d02485bce7bf22b19bfe79\"},\"headline\":\"\u00a1LAS MASTERCLASES EN L\u00cdNEA DE TOURMUSICFEST EST\u00c1N EN CURSO!\",\"datePublished\":\"2023-09-06T13:38:01+00:00\",\"dateModified\":\"2023-10-25T08:21:27+00:00\",\"mainEntityOfPage\":{\"@id\":\"https:\/\/www.tourmusicfest.com\/es\/news\/las-masterclases-en-linea-de-tourmusicfest-estan-en-curso\/\"},\"wordCount\":445,\"publisher\":{\"@id\":\"https:\/\/www.tourmusicfest.com\/es\/#organization\"},\"image\":{\"@id\":\"https:\/\/www.tourmusicfest.com\/es\/news\/las-masterclases-en-linea-de-tourmusicfest-estan-en-curso\/#primaryimage\"},\"thumbnailUrl\":\"https:\/\/www.tourmusicfest.com\/es\/files\/2023\/09\/ARTICOLO_BLOG_MASTERCLASS-1.jpg\",\"articleSection\":[\"News\"],\"inLanguage\":\"es\"},{\"@type\":\"WebPage\",\"@id\":\"https:\/\/www.tourmusicfest.com\/es\/news\/las-masterclases-en-linea-de-tourmusicfest-estan-en-curso\/\",\"url\":\"https:\/\/www.tourmusicfest.com\/es\/news\/las-masterclases-en-linea-de-tourmusicfest-estan-en-curso\/\",\"name\":\"\u00a1LAS MASTERCLASES EN L\u00cdNEA DE TOURMUSICFEST EST\u00c1N EN CURSO! - ES - Tour Music Fest\",\"isPartOf\":{\"@id\":\"https:\/\/www.tourmusicfest.com\/es\/#website\"},\"primaryImageOfPage\":{\"@id\":\"https:\/\/www.tourmusicfest.com\/es\/news\/las-masterclases-en-linea-de-tourmusicfest-estan-en-curso\/#primaryimage\"},\"image\":{\"@id\":\"https:\/\/www.tourmusicfest.com\/es\/news\/las-masterclases-en-linea-de-tourmusicfest-estan-en-curso\/#primaryimage\"},\"thumbnailUrl\":\"https:\/\/www.tourmusicfest.com\/es\/files\/2023\/09\/ARTICOLO_BLOG_MASTERCLASS-1.jpg\",\"datePublished\":\"2023-09-06T13:38:01+00:00\",\"dateModified\":\"2023-10-25T08:21:27+00:00\",\"breadcrumb\":{\"@id\":\"https:\/\/www.tourmusicfest.com\/es\/news\/las-masterclases-en-linea-de-tourmusicfest-estan-en-curso\/#breadcrumb\"},\"inLanguage\":\"es\",\"potentialAction\":[{\"@type\":\"ReadAction\",\"target\":[\"https:\/\/www.tourmusicfest.com\/es\/news\/las-masterclases-en-linea-de-tourmusicfest-estan-en-curso\/\"]}]},{\"@type\":\"ImageObject\",\"inLanguage\":\"es\",\"@id\":\"https:\/\/www.tourmusicfest.com\/es\/news\/las-masterclases-en-linea-de-tourmusicfest-estan-en-curso\/#primaryimage\",\"url\":\"https:\/\/www.tourmusicfest.com\/es\/files\/2023\/09\/ARTICOLO_BLOG_MASTERCLASS-1.jpg\",\"contentUrl\":\"https:\/\/www.tourmusicfest.com\/es\/files\/2023\/09\/ARTICOLO_BLOG_MASTERCLASS-1.jpg\",\"width\":1920,\"height\":1080},{\"@type\":\"BreadcrumbList\",\"@id\":\"https:\/\/www.tourmusicfest.com\/es\/news\/las-masterclases-en-linea-de-tourmusicfest-estan-en-curso\/#breadcrumb\",\"itemListElement\":[{\"@type\":\"ListItem\",\"position\":1,\"name\":\"Home\",\"item\":\"https:\/\/www.tourmusicfest.com\/es\/\"},{\"@type\":\"ListItem\",\"position\":2,\"name\":\"\u00a1LAS MASTERCLASES EN L\u00cdNEA DE TOURMUSICFEST EST\u00c1N EN CURSO!\"}]},{\"@type\":\"WebSite\",\"@id\":\"https:\/\/www.tourmusicfest.com\/es\/#website\",\"url\":\"https:\/\/www.tourmusicfest.com\/es\/\",\"name\":\"Tour Music Fest - ES\",\"description\":\"The European Music Contest\",\"publisher\":{\"@id\":\"https:\/\/www.tourmusicfest.com\/es\/#organization\"},\"potentialAction\":[{\"@type\":\"SearchAction\",\"target\":{\"@type\":\"EntryPoint\",\"urlTemplate\":\"https:\/\/www.tourmusicfest.com\/es\/?s={search_term_string}\"},\"query-input\":{\"@type\":\"PropertyValueSpecification\",\"valueRequired\":true,\"valueName\":\"search_term_string\"}}],\"inLanguage\":\"es\"},{\"@type\":\"Organization\",\"@id\":\"https:\/\/www.tourmusicfest.com\/es\/#organization\",\"name\":\"ES - Tour Music Fest\",\"url\":\"https:\/\/www.tourmusicfest.com\/es\/\",\"logo\":{\"@type\":\"ImageObject\",\"inLanguage\":\"es\",\"@id\":\"https:\/\/www.tourmusicfest.com\/es\/#\/schema\/logo\/image\/\",\"url\":\"https:\/\/www.tourmusicfest.com\/es\/files\/2024\/04\/Brand-TMF-grey.png\",\"contentUrl\":\"https:\/\/www.tourmusicfest.com\/es\/files\/2024\/04\/Brand-TMF-grey.png\",\"width\":1181,\"height\":875,\"caption\":\"ES - Tour Music Fest\"},\"image\":{\"@id\":\"https:\/\/www.tourmusicfest.com\/es\/#\/schema\/logo\/image\/\"},\"sameAs\":[\"https:\/\/facebook.com\/tourmusicfest\",\"https:\/\/instagram.com\/tourmusicfest\"]},{\"@type\":\"Person\",\"@id\":\"https:\/\/www.tourmusicfest.com\/es\/#\/schema\/person\/390d861689d02485bce7bf22b19bfe79\",\"name\":\"tmfeuropa17\",\"image\":{\"@type\":\"ImageObject\",\"inLanguage\":\"es\",\"@id\":\"https:\/\/www.tourmusicfest.com\/es\/#\/schema\/person\/image\/\",\"url\":\"https:\/\/secure.gravatar.com\/avatar\/2b5fc8be00f182d9a3134943aeed9d38e7bcb4a9b63a07ad32e9141daebd39dd?s=96&d=mm&r=g\",\"contentUrl\":\"https:\/\/secure.gravatar.com\/avatar\/2b5fc8be00f182d9a3134943aeed9d38e7bcb4a9b63a07ad32e9141daebd39dd?s=96&d=mm&r=g\",\"caption\":\"tmfeuropa17\"},\"url\":\"https:\/\/www.tourmusicfest.com\/es\/author\/tmfeuropa17\/\"}]}<\/script>\n<!-- \/ Yoast SEO plugin. -->","yoast_head_json":{"title":"\u00a1LAS MASTERCLASES EN L\u00cdNEA DE TOURMUSICFEST EST\u00c1N EN CURSO! - ES - Tour Music Fest","robots":{"index":"index","follow":"follow","max-snippet":"max-snippet:-1","max-image-preview":"max-image-preview:large","max-video-preview":"max-video-preview:-1"},"canonical":"https:\/\/www.tourmusicfest.com\/es\/news\/las-masterclases-en-linea-de-tourmusicfest-estan-en-curso\/","og_locale":"es_ES","og_type":"article","og_title":"\u00a1LAS MASTERCLASES EN L\u00cdNEA DE TOURMUSICFEST EST\u00c1N EN CURSO! - ES - Tour Music Fest","og_description":"El 13 de septiembre, comenzaron las Masterclasses en l\u00ednea de Tour Music Fest, ofreciendo una oportunidad \u00fanica para los participantes en la nueva edici\u00f3n. Estamos prepar\u00e1ndonos para una semana de entrenamiento intensivo desde el 13 al 19 de septiembre, con 15 horas de contenido extraordinario presentado por algunos de los nombres m\u00e1s ilustres de la [&hellip;]","og_url":"https:\/\/www.tourmusicfest.com\/es\/news\/las-masterclases-en-linea-de-tourmusicfest-estan-en-curso\/","og_site_name":"ES - Tour Music Fest","article_publisher":"https:\/\/facebook.com\/tourmusicfest","article_published_time":"2023-09-06T13:38:01+00:00","article_modified_time":"2023-10-25T08:21:27+00:00","og_image":[{"width":1920,"height":1080,"url":"https:\/\/www.tourmusicfest.com\/es\/files\/2023\/09\/ARTICOLO_BLOG_MASTERCLASS-1.jpg","type":"image\/jpeg"}],"author":"tmfeuropa17","twitter_card":"summary_large_image","twitter_misc":{"Escrito por":"tmfeuropa17","Tiempo de lectura":"2 minutos"},"schema":{"@context":"https:\/\/schema.org","@graph":[{"@type":"Article","@id":"https:\/\/www.tourmusicfest.com\/es\/news\/las-masterclases-en-linea-de-tourmusicfest-estan-en-curso\/#article","isPartOf":{"@id":"https:\/\/www.tourmusicfest.com\/es\/news\/las-masterclases-en-linea-de-tourmusicfest-estan-en-curso\/"},"author":{"name":"tmfeuropa17","@id":"https:\/\/www.tourmusicfest.com\/es\/#\/schema\/person\/390d861689d02485bce7bf22b19bfe79"},"headline":"\u00a1LAS MASTERCLASES EN L\u00cdNEA DE TOURMUSICFEST EST\u00c1N EN CURSO!","datePublished":"2023-09-06T13:38:01+00:00","dateModified":"2023-10-25T08:21:27+00:00","mainEntityOfPage":{"@id":"https:\/\/www.tourmusicfest.com\/es\/news\/las-masterclases-en-linea-de-tourmusicfest-estan-en-curso\/"},"wordCount":445,"publisher":{"@id":"https:\/\/www.tourmusicfest.com\/es\/#organization"},"image":{"@id":"https:\/\/www.tourmusicfest.com\/es\/news\/las-masterclases-en-linea-de-tourmusicfest-estan-en-curso\/#primaryimage"},"thumbnailUrl":"https:\/\/www.tourmusicfest.com\/es\/files\/2023\/09\/ARTICOLO_BLOG_MASTERCLASS-1.jpg","articleSection":["News"],"inLanguage":"es"},{"@type":"WebPage","@id":"https:\/\/www.tourmusicfest.com\/es\/news\/las-masterclases-en-linea-de-tourmusicfest-estan-en-curso\/","url":"https:\/\/www.tourmusicfest.com\/es\/news\/las-masterclases-en-linea-de-tourmusicfest-estan-en-curso\/","name":"\u00a1LAS MASTERCLASES EN L\u00cdNEA DE TOURMUSICFEST EST\u00c1N EN CURSO! - ES - Tour Music Fest","isPartOf":{"@id":"https:\/\/www.tourmusicfest.com\/es\/#website"},"primaryImageOfPage":{"@id":"https:\/\/www.tourmusicfest.com\/es\/news\/las-masterclases-en-linea-de-tourmusicfest-estan-en-curso\/#primaryimage"},"image":{"@id":"https:\/\/www.tourmusicfest.com\/es\/news\/las-masterclases-en-linea-de-tourmusicfest-estan-en-curso\/#primaryimage"},"thumbnailUrl":"https:\/\/www.tourmusicfest.com\/es\/files\/2023\/09\/ARTICOLO_BLOG_MASTERCLASS-1.jpg","datePublished":"2023-09-06T13:38:01+00:00","dateModified":"2023-10-25T08:21:27+00:00","breadcrumb":{"@id":"https:\/\/www.tourmusicfest.com\/es\/news\/las-masterclases-en-linea-de-tourmusicfest-estan-en-curso\/#breadcrumb"},"inLanguage":"es","potentialAction":[{"@type":"ReadAction","target":["https:\/\/www.tourmusicfest.com\/es\/news\/las-masterclases-en-linea-de-tourmusicfest-estan-en-curso\/"]}]},{"@type":"ImageObject","inLanguage":"es","@id":"https:\/\/www.tourmusicfest.com\/es\/news\/las-masterclases-en-linea-de-tourmusicfest-estan-en-curso\/#primaryimage","url":"https:\/\/www.tourmusicfest.com\/es\/files\/2023\/09\/ARTICOLO_BLOG_MASTERCLASS-1.jpg","contentUrl":"https:\/\/www.tourmusicfest.com\/es\/files\/2023\/09\/ARTICOLO_BLOG_MASTERCLASS-1.jpg","width":1920,"height":1080},{"@type":"BreadcrumbList","@id":"https:\/\/www.tourmusicfest.com\/es\/news\/las-masterclases-en-linea-de-tourmusicfest-estan-en-curso\/#breadcrumb","itemListElement":[{"@type":"ListItem","position":1,"name":"Home","item":"https:\/\/www.tourmusicfest.com\/es\/"},{"@type":"ListItem","position":2,"name":"\u00a1LAS MASTERCLASES EN L\u00cdNEA DE TOURMUSICFEST EST\u00c1N EN CURSO!"}]},{"@type":"WebSite","@id":"https:\/\/www.tourmusicfest.com\/es\/#website","url":"https:\/\/www.tourmusicfest.com\/es\/","name":"Tour Music Fest - ES","description":"The European Music Contest","publisher":{"@id":"https:\/\/www.tourmusicfest.com\/es\/#organization"},"potentialAction":[{"@type":"SearchAction","target":{"@type":"EntryPoint","urlTemplate":"https:\/\/www.tourmusicfest.com\/es\/?s={search_term_string}"},"query-input":{"@type":"PropertyValueSpecification","valueRequired":true,"valueName":"search_term_string"}}],"inLanguage":"es"},{"@type":"Organization","@id":"https:\/\/www.tourmusicfest.com\/es\/#organization","name":"ES - Tour Music Fest","url":"https:\/\/www.tourmusicfest.com\/es\/","logo":{"@type":"ImageObject","inLanguage":"es","@id":"https:\/\/www.tourmusicfest.com\/es\/#\/schema\/logo\/image\/","url":"https:\/\/www.tourmusicfest.com\/es\/files\/2024\/04\/Brand-TMF-grey.png","contentUrl":"https:\/\/www.tourmusicfest.com\/es\/files\/2024\/04\/Brand-TMF-grey.png","width":1181,"height":875,"caption":"ES - Tour Music Fest"},"image":{"@id":"https:\/\/www.tourmusicfest.com\/es\/#\/schema\/logo\/image\/"},"sameAs":["https:\/\/facebook.com\/tourmusicfest","https:\/\/instagram.com\/tourmusicfest"]},{"@type":"Person","@id":"https:\/\/www.tourmusicfest.com\/es\/#\/schema\/person\/390d861689d02485bce7bf22b19bfe79","name":"tmfeuropa17","image":{"@type":"ImageObject","inLanguage":"es","@id":"https:\/\/www.tourmusicfest.com\/es\/#\/schema\/person\/image\/","url":"https:\/\/secure.gravatar.com\/avatar\/2b5fc8be00f182d9a3134943aeed9d38e7bcb4a9b63a07ad32e9141daebd39dd?s=96&d=mm&r=g","contentUrl":"https:\/\/secure.gravatar.com\/avatar\/2b5fc8be00f182d9a3134943aeed9d38e7bcb4a9b63a07ad32e9141daebd39dd?s=96&d=mm&r=g","caption":"tmfeuropa17"},"url":"https:\/\/www.tourmusicfest.com\/es\/author\/tmfeuropa17\/"}]}},"_links":{"self":[{"href":"https:\/\/www.tourmusicfest.com\/es\/wp-json\/wp\/v2\/posts\/2520","targetHints":{"allow":["GET"]}}],"collection":[{"href":"https:\/\/www.tourmusicfest.com\/es\/wp-json\/wp\/v2\/posts"}],"about":[{"href":"https:\/\/www.tourmusicfest.com\/es\/wp-json\/wp\/v2\/types\/post"}],"author":[{"embeddable":true,"href":"https:\/\/www.tourmusicfest.com\/es\/wp-json\/wp\/v2\/users\/3"}],"replies":[{"embeddable":true,"href":"https:\/\/www.tourmusicfest.com\/es\/wp-json\/wp\/v2\/comments?post=2520"}],"version-history":[{"count":3,"href":"https:\/\/www.tourmusicfest.com\/es\/wp-json\/wp\/v2\/posts\/2520\/revisions"}],"predecessor-version":[{"id":2525,"href":"https:\/\/www.tourmusicfest.com\/es\/wp-json\/wp\/v2\/posts\/2520\/revisions\/2525"}],"wp:featuredmedia":[{"embeddable":true,"href":"https:\/\/www.tourmusicfest.com\/es\/wp-json\/wp\/v2\/media\/2522"}],"wp:attachment":[{"href":"https:\/\/www.tourmusicfest.com\/es\/wp-json\/wp\/v2\/media?parent=2520"}],"wp:term":[{"taxonomy":"category","embeddable":true,"href":"https:\/\/www.tourmusicfest.com\/es\/wp-json\/wp\/v2\/categories?post=2520"},{"taxonomy":"post_tag","embeddable":true,"href":"https:\/\/www.tourmusicfest.com\/es\/wp-json\/wp\/v2\/tags?post=2520"}],"curies":[{"name":"wp","href":"https:\/\/api.w.org\/{rel}","templated":true}]}}