{"id":1403,"date":"2019-11-28T15:10:42","date_gmt":"2019-11-28T15:10:42","guid":{"rendered":"https:\/\/www.tourmusicfest.com\/es\/?p=1403"},"modified":"2019-11-28T15:10:42","modified_gmt":"2019-11-28T15:10:42","slug":"camille-merendail-desde-new-england-sings-hasta-la-final-europea-del-tmf","status":"publish","type":"post","link":"https:\/\/www.tourmusicfest.com\/es\/news\/camille-merendail-desde-new-england-sings-hasta-la-final-europea-del-tmf\/","title":{"rendered":"Camille Merendail, desde \u201cNew England Sings\u201d, hasta la Final Europea del TMF."},"content":{"rendered":"<h3>Camille Merendail, ganadora del Contest New England Sings ser\u00e0 invitada en el escenario del Auditorium del Massimo durante la Final Europea del Tour Music Fest el dia 7 de Diciembre.<!--more--><\/h3>\n<p>&nbsp;<\/p>\n<p>Gracias a la colaboraci\u00f3n con <strong>Berklee &#8211; College of Music<\/strong> y <strong>Kara Dioguardi<\/strong>, presidenta de la Comisi\u00f3n Art\u00edstica Europea de la Final Internacional del Tour Music Fest, <strong>Camille Merendail, ganadora del Contest New England Sings,<\/strong> apoyado por <a href=\"https:\/\/inspirednation.org\/\"><strong>Inspired Nation<\/strong> <\/a>de Kara Dioguardi, estar\u00e0 en el escenario de la Final Europea de la duod\u00e9cima edici\u00f3n del Tour Music Fest.<\/p>\n<p><strong>Inspired Nation nace de una idea de Kara Dioguardi<\/strong> de fundar una organizaci\u00f3n no-profit destinada a utilizar la voz y la musicalidad para las nuevas generaciones que se encuentran en tiempos de necesidad. Para fomentar los nuevos talentos y construir una real comunidad, en l\u00ednea con la misi\u00f3n del Tour Music Fest, Inspired Nation apoya contest de canto como <strong>New England Sings<\/strong> y el <strong>Tri-State Rocks.<\/strong> En le primero Contest gan\u00f2 la joven Camille Merendail que por esto ser\u00e1 invitada a la Final Europea del 7 de Diciembre en el Auditorium del Massimo de Roma.<\/p>\n<p>Kara Dioguardi es una cantante, autora y productora discogr\u00e1fica americana m\u00e1s veces nominada a los Grammy Awards, gracias a los temas escritos para artistas como <strong>Pink, Christina Aguilera, Bruno Mars<\/strong> y muchos m\u00e1s, despu\u00e9s de su experiencia como jurado de dos ediciones de <strong>American Idol<\/strong>, ser\u00e1 la primera directora de la Comisi\u00f3n Art\u00edstica Europea por la final del Tour Music Fest 2019.<\/p>\n<p>Aqu\u00ed el videomensaje de Kara para el Tour Music Fest.<\/p>\n<p><iframe title=\"Il videomessaggio di Kara Dioguardi: direttrice della Commissione Europea del Tour Music Fest\" width=\"500\" height=\"281\" src=\"https:\/\/www.youtube.com\/embed\/sOZ5pxGg7Ig?feature=oembed\" frameborder=\"0\" allow=\"accelerometer; autoplay; clipboard-write; encrypted-media; gyroscope; picture-in-picture; web-share\" referrerpolicy=\"strict-origin-when-cross-origin\" allowfullscreen><\/iframe><\/p>\n","protected":false},"excerpt":{"rendered":"<p>Camille Merendail, ganadora del Contest New England Sings ser\u00e0 invitada en el escenario del Auditorium del Massimo durante la Final Europea del Tour Music Fest el dia 7 de Diciembre.<\/p>\n","protected":false},"author":3,"featured_media":1404,"comment_status":"closed","ping_status":"closed","sticky":false,"template":"","format":"standard","meta":{"_acf_changed":false,"footnotes":""},"categories":[4],"tags":[],"class_list":["post-1403","post","type-post","status-publish","format-standard","has-post-thumbnail","hentry","category-news"],"acf":[],"yoast_head":"<!-- This site is optimized with the Yoast SEO plugin v26.7 - https:\/\/yoast.com\/wordpress\/plugins\/seo\/ -->\n<title>Camille Merendail, desde \u201cNew England Sings\u201d, hasta la Final Europea del TMF. - ES - Tour Music Fest<\/title>\n<meta name=\"robots\" content=\"index, follow, max-snippet:-1, max-image-preview:large, max-video-preview:-1\" \/>\n<link rel=\"canonical\" href=\"https:\/\/www.tourmusicfest.com\/es\/news\/camille-merendail-desde-new-england-sings-hasta-la-final-europea-del-tmf\/\" \/>\n<meta property=\"og:locale\" content=\"es_ES\" \/>\n<meta property=\"og:type\" content=\"article\" \/>\n<meta property=\"og:title\" content=\"Camille Merendail, desde \u201cNew England Sings\u201d, hasta la Final Europea del TMF. - ES - Tour Music Fest\" \/>\n<meta property=\"og:description\" content=\"Camille Merendail, ganadora del Contest New England Sings ser\u00e0 invitada en el escenario del Auditorium del Massimo durante la Final Europea del Tour Music Fest el dia 7 de Diciembre.\" \/>\n<meta property=\"og:url\" content=\"https:\/\/www.tourmusicfest.com\/es\/news\/camille-merendail-desde-new-england-sings-hasta-la-final-europea-del-tmf\/\" \/>\n<meta property=\"og:site_name\" content=\"ES - Tour Music Fest\" \/>\n<meta property=\"article:publisher\" content=\"https:\/\/facebook.com\/tourmusicfest\" \/>\n<meta property=\"article:published_time\" content=\"2019-11-28T15:10:42+00:00\" \/>\n<meta property=\"og:image\" content=\"https:\/\/www.tourmusicfest.com\/es\/files\/2019\/11\/CAMILLEMERENDAIL.jpg\" \/>\n\t<meta property=\"og:image:width\" content=\"1920\" \/>\n\t<meta property=\"og:image:height\" content=\"1080\" \/>\n\t<meta property=\"og:image:type\" content=\"image\/jpeg\" \/>\n<meta name=\"author\" content=\"tmfeuropa17\" \/>\n<meta name=\"twitter:card\" content=\"summary_large_image\" \/>\n<meta name=\"twitter:label1\" content=\"Escrito por\" \/>\n\t<meta name=\"twitter:data1\" content=\"tmfeuropa17\" \/>\n\t<meta name=\"twitter:label2\" content=\"Tiempo de lectura\" \/>\n\t<meta name=\"twitter:data2\" content=\"1 minuto\" \/>\n<script type=\"application\/ld+json\" class=\"yoast-schema-graph\">{\"@context\":\"https:\/\/schema.org\",\"@graph\":[{\"@type\":\"Article\",\"@id\":\"https:\/\/www.tourmusicfest.com\/es\/news\/camille-merendail-desde-new-england-sings-hasta-la-final-europea-del-tmf\/#article\",\"isPartOf\":{\"@id\":\"https:\/\/www.tourmusicfest.com\/es\/news\/camille-merendail-desde-new-england-sings-hasta-la-final-europea-del-tmf\/\"},\"author\":{\"name\":\"tmfeuropa17\",\"@id\":\"https:\/\/www.tourmusicfest.com\/es\/#\/schema\/person\/390d861689d02485bce7bf22b19bfe79\"},\"headline\":\"Camille Merendail, desde \u201cNew England Sings\u201d, hasta la Final Europea del TMF.\",\"datePublished\":\"2019-11-28T15:10:42+00:00\",\"mainEntityOfPage\":{\"@id\":\"https:\/\/www.tourmusicfest.com\/es\/news\/camille-merendail-desde-new-england-sings-hasta-la-final-europea-del-tmf\/\"},\"wordCount\":285,\"publisher\":{\"@id\":\"https:\/\/www.tourmusicfest.com\/es\/#organization\"},\"image\":{\"@id\":\"https:\/\/www.tourmusicfest.com\/es\/news\/camille-merendail-desde-new-england-sings-hasta-la-final-europea-del-tmf\/#primaryimage\"},\"thumbnailUrl\":\"https:\/\/www.tourmusicfest.com\/es\/files\/2019\/11\/CAMILLEMERENDAIL.jpg\",\"articleSection\":[\"News\"],\"inLanguage\":\"es\"},{\"@type\":\"WebPage\",\"@id\":\"https:\/\/www.tourmusicfest.com\/es\/news\/camille-merendail-desde-new-england-sings-hasta-la-final-europea-del-tmf\/\",\"url\":\"https:\/\/www.tourmusicfest.com\/es\/news\/camille-merendail-desde-new-england-sings-hasta-la-final-europea-del-tmf\/\",\"name\":\"Camille Merendail, desde \u201cNew England Sings\u201d, hasta la Final Europea del TMF. - ES - Tour Music Fest\",\"isPartOf\":{\"@id\":\"https:\/\/www.tourmusicfest.com\/es\/#website\"},\"primaryImageOfPage\":{\"@id\":\"https:\/\/www.tourmusicfest.com\/es\/news\/camille-merendail-desde-new-england-sings-hasta-la-final-europea-del-tmf\/#primaryimage\"},\"image\":{\"@id\":\"https:\/\/www.tourmusicfest.com\/es\/news\/camille-merendail-desde-new-england-sings-hasta-la-final-europea-del-tmf\/#primaryimage\"},\"thumbnailUrl\":\"https:\/\/www.tourmusicfest.com\/es\/files\/2019\/11\/CAMILLEMERENDAIL.jpg\",\"datePublished\":\"2019-11-28T15:10:42+00:00\",\"breadcrumb\":{\"@id\":\"https:\/\/www.tourmusicfest.com\/es\/news\/camille-merendail-desde-new-england-sings-hasta-la-final-europea-del-tmf\/#breadcrumb\"},\"inLanguage\":\"es\",\"potentialAction\":[{\"@type\":\"ReadAction\",\"target\":[\"https:\/\/www.tourmusicfest.com\/es\/news\/camille-merendail-desde-new-england-sings-hasta-la-final-europea-del-tmf\/\"]}]},{\"@type\":\"ImageObject\",\"inLanguage\":\"es\",\"@id\":\"https:\/\/www.tourmusicfest.com\/es\/news\/camille-merendail-desde-new-england-sings-hasta-la-final-europea-del-tmf\/#primaryimage\",\"url\":\"https:\/\/www.tourmusicfest.com\/es\/files\/2019\/11\/CAMILLEMERENDAIL.jpg\",\"contentUrl\":\"https:\/\/www.tourmusicfest.com\/es\/files\/2019\/11\/CAMILLEMERENDAIL.jpg\",\"width\":1920,\"height\":1080},{\"@type\":\"BreadcrumbList\",\"@id\":\"https:\/\/www.tourmusicfest.com\/es\/news\/camille-merendail-desde-new-england-sings-hasta-la-final-europea-del-tmf\/#breadcrumb\",\"itemListElement\":[{\"@type\":\"ListItem\",\"position\":1,\"name\":\"Home\",\"item\":\"https:\/\/www.tourmusicfest.com\/es\/\"},{\"@type\":\"ListItem\",\"position\":2,\"name\":\"Camille Merendail, desde \u201cNew England Sings\u201d, hasta la Final Europea del TMF.\"}]},{\"@type\":\"WebSite\",\"@id\":\"https:\/\/www.tourmusicfest.com\/es\/#website\",\"url\":\"https:\/\/www.tourmusicfest.com\/es\/\",\"name\":\"Tour Music Fest - ES\",\"description\":\"The European Music Contest\",\"publisher\":{\"@id\":\"https:\/\/www.tourmusicfest.com\/es\/#organization\"},\"potentialAction\":[{\"@type\":\"SearchAction\",\"target\":{\"@type\":\"EntryPoint\",\"urlTemplate\":\"https:\/\/www.tourmusicfest.com\/es\/?s={search_term_string}\"},\"query-input\":{\"@type\":\"PropertyValueSpecification\",\"valueRequired\":true,\"valueName\":\"search_term_string\"}}],\"inLanguage\":\"es\"},{\"@type\":\"Organization\",\"@id\":\"https:\/\/www.tourmusicfest.com\/es\/#organization\",\"name\":\"ES - Tour Music Fest\",\"url\":\"https:\/\/www.tourmusicfest.com\/es\/\",\"logo\":{\"@type\":\"ImageObject\",\"inLanguage\":\"es\",\"@id\":\"https:\/\/www.tourmusicfest.com\/es\/#\/schema\/logo\/image\/\",\"url\":\"https:\/\/www.tourmusicfest.com\/es\/files\/2024\/04\/Brand-TMF-grey.png\",\"contentUrl\":\"https:\/\/www.tourmusicfest.com\/es\/files\/2024\/04\/Brand-TMF-grey.png\",\"width\":1181,\"height\":875,\"caption\":\"ES - Tour Music Fest\"},\"image\":{\"@id\":\"https:\/\/www.tourmusicfest.com\/es\/#\/schema\/logo\/image\/\"},\"sameAs\":[\"https:\/\/facebook.com\/tourmusicfest\",\"https:\/\/instagram.com\/tourmusicfest\"]},{\"@type\":\"Person\",\"@id\":\"https:\/\/www.tourmusicfest.com\/es\/#\/schema\/person\/390d861689d02485bce7bf22b19bfe79\",\"name\":\"tmfeuropa17\",\"image\":{\"@type\":\"ImageObject\",\"inLanguage\":\"es\",\"@id\":\"https:\/\/www.tourmusicfest.com\/es\/#\/schema\/person\/image\/\",\"url\":\"https:\/\/secure.gravatar.com\/avatar\/2b5fc8be00f182d9a3134943aeed9d38e7bcb4a9b63a07ad32e9141daebd39dd?s=96&d=mm&r=g\",\"contentUrl\":\"https:\/\/secure.gravatar.com\/avatar\/2b5fc8be00f182d9a3134943aeed9d38e7bcb4a9b63a07ad32e9141daebd39dd?s=96&d=mm&r=g\",\"caption\":\"tmfeuropa17\"},\"url\":\"https:\/\/www.tourmusicfest.com\/es\/author\/tmfeuropa17\/\"}]}<\/script>\n<!-- \/ Yoast SEO plugin. -->","yoast_head_json":{"title":"Camille Merendail, desde \u201cNew England Sings\u201d, hasta la Final Europea del TMF. - ES - Tour Music Fest","robots":{"index":"index","follow":"follow","max-snippet":"max-snippet:-1","max-image-preview":"max-image-preview:large","max-video-preview":"max-video-preview:-1"},"canonical":"https:\/\/www.tourmusicfest.com\/es\/news\/camille-merendail-desde-new-england-sings-hasta-la-final-europea-del-tmf\/","og_locale":"es_ES","og_type":"article","og_title":"Camille Merendail, desde \u201cNew England Sings\u201d, hasta la Final Europea del TMF. - ES - Tour Music Fest","og_description":"Camille Merendail, ganadora del Contest New England Sings ser\u00e0 invitada en el escenario del Auditorium del Massimo durante la Final Europea del Tour Music Fest el dia 7 de Diciembre.","og_url":"https:\/\/www.tourmusicfest.com\/es\/news\/camille-merendail-desde-new-england-sings-hasta-la-final-europea-del-tmf\/","og_site_name":"ES - Tour Music Fest","article_publisher":"https:\/\/facebook.com\/tourmusicfest","article_published_time":"2019-11-28T15:10:42+00:00","og_image":[{"width":1920,"height":1080,"url":"https:\/\/www.tourmusicfest.com\/es\/files\/2019\/11\/CAMILLEMERENDAIL.jpg","type":"image\/jpeg"}],"author":"tmfeuropa17","twitter_card":"summary_large_image","twitter_misc":{"Escrito por":"tmfeuropa17","Tiempo de lectura":"1 minuto"},"schema":{"@context":"https:\/\/schema.org","@graph":[{"@type":"Article","@id":"https:\/\/www.tourmusicfest.com\/es\/news\/camille-merendail-desde-new-england-sings-hasta-la-final-europea-del-tmf\/#article","isPartOf":{"@id":"https:\/\/www.tourmusicfest.com\/es\/news\/camille-merendail-desde-new-england-sings-hasta-la-final-europea-del-tmf\/"},"author":{"name":"tmfeuropa17","@id":"https:\/\/www.tourmusicfest.com\/es\/#\/schema\/person\/390d861689d02485bce7bf22b19bfe79"},"headline":"Camille Merendail, desde \u201cNew England Sings\u201d, hasta la Final Europea del TMF.","datePublished":"2019-11-28T15:10:42+00:00","mainEntityOfPage":{"@id":"https:\/\/www.tourmusicfest.com\/es\/news\/camille-merendail-desde-new-england-sings-hasta-la-final-europea-del-tmf\/"},"wordCount":285,"publisher":{"@id":"https:\/\/www.tourmusicfest.com\/es\/#organization"},"image":{"@id":"https:\/\/www.tourmusicfest.com\/es\/news\/camille-merendail-desde-new-england-sings-hasta-la-final-europea-del-tmf\/#primaryimage"},"thumbnailUrl":"https:\/\/www.tourmusicfest.com\/es\/files\/2019\/11\/CAMILLEMERENDAIL.jpg","articleSection":["News"],"inLanguage":"es"},{"@type":"WebPage","@id":"https:\/\/www.tourmusicfest.com\/es\/news\/camille-merendail-desde-new-england-sings-hasta-la-final-europea-del-tmf\/","url":"https:\/\/www.tourmusicfest.com\/es\/news\/camille-merendail-desde-new-england-sings-hasta-la-final-europea-del-tmf\/","name":"Camille Merendail, desde \u201cNew England Sings\u201d, hasta la Final Europea del TMF. - ES - Tour Music Fest","isPartOf":{"@id":"https:\/\/www.tourmusicfest.com\/es\/#website"},"primaryImageOfPage":{"@id":"https:\/\/www.tourmusicfest.com\/es\/news\/camille-merendail-desde-new-england-sings-hasta-la-final-europea-del-tmf\/#primaryimage"},"image":{"@id":"https:\/\/www.tourmusicfest.com\/es\/news\/camille-merendail-desde-new-england-sings-hasta-la-final-europea-del-tmf\/#primaryimage"},"thumbnailUrl":"https:\/\/www.tourmusicfest.com\/es\/files\/2019\/11\/CAMILLEMERENDAIL.jpg","datePublished":"2019-11-28T15:10:42+00:00","breadcrumb":{"@id":"https:\/\/www.tourmusicfest.com\/es\/news\/camille-merendail-desde-new-england-sings-hasta-la-final-europea-del-tmf\/#breadcrumb"},"inLanguage":"es","potentialAction":[{"@type":"ReadAction","target":["https:\/\/www.tourmusicfest.com\/es\/news\/camille-merendail-desde-new-england-sings-hasta-la-final-europea-del-tmf\/"]}]},{"@type":"ImageObject","inLanguage":"es","@id":"https:\/\/www.tourmusicfest.com\/es\/news\/camille-merendail-desde-new-england-sings-hasta-la-final-europea-del-tmf\/#primaryimage","url":"https:\/\/www.tourmusicfest.com\/es\/files\/2019\/11\/CAMILLEMERENDAIL.jpg","contentUrl":"https:\/\/www.tourmusicfest.com\/es\/files\/2019\/11\/CAMILLEMERENDAIL.jpg","width":1920,"height":1080},{"@type":"BreadcrumbList","@id":"https:\/\/www.tourmusicfest.com\/es\/news\/camille-merendail-desde-new-england-sings-hasta-la-final-europea-del-tmf\/#breadcrumb","itemListElement":[{"@type":"ListItem","position":1,"name":"Home","item":"https:\/\/www.tourmusicfest.com\/es\/"},{"@type":"ListItem","position":2,"name":"Camille Merendail, desde \u201cNew England Sings\u201d, hasta la Final Europea del TMF."}]},{"@type":"WebSite","@id":"https:\/\/www.tourmusicfest.com\/es\/#website","url":"https:\/\/www.tourmusicfest.com\/es\/","name":"Tour Music Fest - ES","description":"The European Music Contest","publisher":{"@id":"https:\/\/www.tourmusicfest.com\/es\/#organization"},"potentialAction":[{"@type":"SearchAction","target":{"@type":"EntryPoint","urlTemplate":"https:\/\/www.tourmusicfest.com\/es\/?s={search_term_string}"},"query-input":{"@type":"PropertyValueSpecification","valueRequired":true,"valueName":"search_term_string"}}],"inLanguage":"es"},{"@type":"Organization","@id":"https:\/\/www.tourmusicfest.com\/es\/#organization","name":"ES - Tour Music Fest","url":"https:\/\/www.tourmusicfest.com\/es\/","logo":{"@type":"ImageObject","inLanguage":"es","@id":"https:\/\/www.tourmusicfest.com\/es\/#\/schema\/logo\/image\/","url":"https:\/\/www.tourmusicfest.com\/es\/files\/2024\/04\/Brand-TMF-grey.png","contentUrl":"https:\/\/www.tourmusicfest.com\/es\/files\/2024\/04\/Brand-TMF-grey.png","width":1181,"height":875,"caption":"ES - Tour Music Fest"},"image":{"@id":"https:\/\/www.tourmusicfest.com\/es\/#\/schema\/logo\/image\/"},"sameAs":["https:\/\/facebook.com\/tourmusicfest","https:\/\/instagram.com\/tourmusicfest"]},{"@type":"Person","@id":"https:\/\/www.tourmusicfest.com\/es\/#\/schema\/person\/390d861689d02485bce7bf22b19bfe79","name":"tmfeuropa17","image":{"@type":"ImageObject","inLanguage":"es","@id":"https:\/\/www.tourmusicfest.com\/es\/#\/schema\/person\/image\/","url":"https:\/\/secure.gravatar.com\/avatar\/2b5fc8be00f182d9a3134943aeed9d38e7bcb4a9b63a07ad32e9141daebd39dd?s=96&d=mm&r=g","contentUrl":"https:\/\/secure.gravatar.com\/avatar\/2b5fc8be00f182d9a3134943aeed9d38e7bcb4a9b63a07ad32e9141daebd39dd?s=96&d=mm&r=g","caption":"tmfeuropa17"},"url":"https:\/\/www.tourmusicfest.com\/es\/author\/tmfeuropa17\/"}]}},"_links":{"self":[{"href":"https:\/\/www.tourmusicfest.com\/es\/wp-json\/wp\/v2\/posts\/1403","targetHints":{"allow":["GET"]}}],"collection":[{"href":"https:\/\/www.tourmusicfest.com\/es\/wp-json\/wp\/v2\/posts"}],"about":[{"href":"https:\/\/www.tourmusicfest.com\/es\/wp-json\/wp\/v2\/types\/post"}],"author":[{"embeddable":true,"href":"https:\/\/www.tourmusicfest.com\/es\/wp-json\/wp\/v2\/users\/3"}],"replies":[{"embeddable":true,"href":"https:\/\/www.tourmusicfest.com\/es\/wp-json\/wp\/v2\/comments?post=1403"}],"version-history":[{"count":2,"href":"https:\/\/www.tourmusicfest.com\/es\/wp-json\/wp\/v2\/posts\/1403\/revisions"}],"predecessor-version":[{"id":1406,"href":"https:\/\/www.tourmusicfest.com\/es\/wp-json\/wp\/v2\/posts\/1403\/revisions\/1406"}],"wp:featuredmedia":[{"embeddable":true,"href":"https:\/\/www.tourmusicfest.com\/es\/wp-json\/wp\/v2\/media\/1404"}],"wp:attachment":[{"href":"https:\/\/www.tourmusicfest.com\/es\/wp-json\/wp\/v2\/media?parent=1403"}],"wp:term":[{"taxonomy":"category","embeddable":true,"href":"https:\/\/www.tourmusicfest.com\/es\/wp-json\/wp\/v2\/categories?post=1403"},{"taxonomy":"post_tag","embeddable":true,"href":"https:\/\/www.tourmusicfest.com\/es\/wp-json\/wp\/v2\/tags?post=1403"}],"curies":[{"name":"wp","href":"https:\/\/api.w.org\/{rel}","templated":true}]}}