{"id":1395,"date":"2019-11-26T17:20:07","date_gmt":"2019-11-26T17:20:07","guid":{"rendered":"https:\/\/www.tourmusicfest.com\/es\/?p=1395"},"modified":"2019-11-26T17:20:07","modified_gmt":"2019-11-26T17:20:07","slug":"la-final-europea-del-tour-music-fest-el-7-de-diciembre-con-mogol-y-kara-dioguardi","status":"publish","type":"post","link":"https:\/\/www.tourmusicfest.com\/es\/news\/la-final-europea-del-tour-music-fest-el-7-de-diciembre-con-mogol-y-kara-dioguardi\/","title":{"rendered":"La Final Europea del Tour Music Fest el 7 de Diciembre con Mogol y Kara Dioguardi."},"content":{"rendered":"<h3>El 7 de Diciembre en el Auditorium del Massimo, tendr\u00e0 lugar la Final Europea del Tour Music Fest &#8211; The European Music Contest, evento conclusivo del Contest Europeo m\u00e1s importante dedicado a la m\u00fasica nueva, joven y emergente.<!--more--><\/h3>\n<p>&nbsp;<\/p>\n<p>Desde Mayo hasta Noviembre, <strong>el equipo del Tour Music Fest visit\u00f2 m\u00e1s de 27 ciudad italianas y otros 4 Pa\u00edses europeos<\/strong> entre Espa\u00f1a, Reino Unido, Malta y Suiza, seleccionando los mejores artistas emergentes de toda Europa que, el 7 de Diciembre, ser\u00e0n reunidos en un gran espect\u00e1culo en vivo en el maravilloso Auditorium del Massimo, location que ya ha acogido los artistas italianos y internacionales m\u00e1s importantes.<\/p>\n<p><span style=\"font-weight: 400;\">Durante del evento asistiremos a las fant\u00e1sticas performance de los mejores artistas y bandas emergentes de toda Europa, en juego para ganar premios como 10.000\u20ac ofrecidos por Mercatinomusicale.com, la producci\u00f3n de un single y becas con el Berklee &#8211; College of Music, la m\u00e1s importante academia musical del mundo.<\/span><\/p>\n<p><span style=\"font-weight: 400;\"><strong>Los artistas ser\u00e0n evaluados por una Comisi\u00f3n Art\u00edstica presidida por el Maestro Mogol y Kara Dioguardi<\/strong> (juez de American Idol, autora de artistas como Pink, Christina Aguilera, Bruno Mars, Britney Spears y Ricky Martin, productora discogr\u00e1fica y cantautora estadounidense m\u00e1s veces nombrada a los Grammy Awards) que formar\u00e1n la Comisi\u00f3n Europea con <strong>Bonnie Hayes<\/strong> (cantautora americana que colabor\u00f2 con Cher y Billy Idol, directora del departamento Songwriting del Berklee &#8211; College of Music); <strong>Jason Camelio<\/strong> (<\/span><span style=\"font-weight: 400;\">compositor, arreglador, trombonista, guitarrista y asistente vicepresidente del \u201cGlobal Initiatives\u201d del Berklee &#8211; College of Music); <strong>Daniel Saiz<\/strong> (productor y sound designer espanol); <strong>Angelina Luzi<\/strong> (cantautora, m\u00fasicas y vocal coach de Londres); <strong>Georgina Abela<\/strong> (cantante y artista maltesa que represent\u00f3 Malta al Eurovision Song Contest)<\/span><\/p>\n<p>&nbsp;<\/p>\n<h3><b>AQU\u00cd LOS ARTISTAS EN COMPETICI\u00d3N:<\/b><\/h3>\n<p>&nbsp;<\/p>\n<p><strong>CATEGORIA CANTAUTORES<\/strong><\/p>\n<p><span style=\"font-weight: 400;\">ALEX RODDOM (Spain) , KATHRINE BR\u00d8NDSTED (Uk)<\/span><\/p>\n<p><span style=\"font-weight: 400;\">CLAIRE TONNA (Malta)<\/span><\/p>\n<p><span style=\"font-weight: 400;\">NICOLE STELLA (Italy)<\/span><\/p>\n<p><span style=\"font-weight: 400;\">MATILDE CASALINI (Switzerland)<\/span><\/p>\n<p>&nbsp;<\/p>\n<p><strong>CATEGORIA RAPEROS<\/strong><\/p>\n<p><span style=\"font-weight: 400;\">LAVINIA VISCUSO (Italy)<\/span><\/p>\n<p><span style=\"font-weight: 400;\">JOTA RAMOS (HAGA QUE PASE) (Spain)<\/span><\/p>\n<p><span style=\"font-weight: 400;\">KRYSTATIC (UK)<\/span><\/p>\n<p>&nbsp;<\/p>\n<p><strong>CATEGORIA INTERPRETES<\/strong><\/p>\n<p><span style=\"font-weight: 400;\">ALBA ED-DOUNIA\u00a0 (Spain)<\/span><\/p>\n<p><span style=\"font-weight: 400;\">ANDREA MANDELLI (Italy)<\/span><\/p>\n<p><span style=\"font-weight: 400;\">RYAN UPTON (Uk)<\/span><\/p>\n<p><span style=\"font-weight: 400;\">FRANCESCA SCIBERRAS (Malta)<\/span><\/p>\n<p><span style=\"font-weight: 400;\">JESSICA LIPARI (Switzerland)<\/span><\/p>\n<p>&nbsp;<\/p>\n<p><strong>CATEGORIA JUNIOR<\/strong><\/p>\n<p><span style=\"font-weight: 400;\">ALEXIA MICALLEF (Malta)<\/span><\/p>\n<p><span style=\"font-weight: 400;\">MARTINA LUCI (Italy)<\/span><\/p>\n<p><span style=\"font-weight: 400;\">BLESSING (Uk)<\/span><\/p>\n<p><span style=\"font-weight: 400;\">NOEMI (Spain)<\/span><\/p>\n<p><span style=\"font-weight: 400;\">VIVIAN BIAGIONI (Switzerland)<\/span><\/p>\n<p>&nbsp;<\/p>\n<p><strong>LAS CATEGOR\u00cdAS DE LOS GANADORES:<\/strong><\/p>\n<p><span style=\"font-weight: 400;\">NATALIA ROMAN (Lirici);\u00a0 GABRIELO (Dj); PETER TORRE (Dj Producer); CHEAP (Original Band); WITH ALL THE RAGE (Metal Band &#8211; Italy); DAVIDE RASETTI (Pianisti); ANGELO CAMASSO (Batteristi); THOMAS COLOMBO (Chitarristi); ISABEL TANGERINI (Baby Singer).<\/span><\/p>\n<p><strong>La cita es por el 7 de Diciembre 2019 a las 20:00, en el Auditorium del Massimo, Via Massimiliano Massimo, 1 &#8211; Roma<\/strong><\/p>\n<p><span style=\"font-weight: 400;\">Compra tu billete aqui<\/span><span style=\"font-weight: 400;\"><br \/>\n<\/span><a href=\"https:\/\/www.tourmusicfest.it\/shop\/ticket-finale-internazionale-2019\/\"><b>https:\/\/www.tourmusicfest.it\/shop\/ticket-finale-internazionale-2019\/<\/b><\/a><\/p>\n<p>&nbsp;<\/p>\n<p><b>Partner del evento<\/b><span style=\"font-weight: 400;\">: Riunite, Berklee &#8211; College Of Music, Hard Rock Caf\u00e8 Rome, CET di Mogol, Noise Symphony, Eko Music Group, Montarbo, Korg, Roli, mercatinomusicale.com, villaggiomusicale.com, Ableton, La Feltrinelli, Mad Records, Alesis, Modsart.<\/span><\/p>\n<p>&nbsp;<\/p>\n","protected":false},"excerpt":{"rendered":"<p>El 7 de Diciembre en el Auditorium del Massimo, tendr\u00e0 lugar la Final Europea del Tour Music Fest &#8211; The European Music Contest, evento conclusivo del Contest Europeo m\u00e1s importante dedicado a la m\u00fasica nueva, joven y emergente.<\/p>\n","protected":false},"author":3,"featured_media":1377,"comment_status":"closed","ping_status":"closed","sticky":false,"template":"","format":"standard","meta":{"_acf_changed":false,"footnotes":""},"categories":[4],"tags":[11],"class_list":["post-1395","post","type-post","status-publish","format-standard","has-post-thumbnail","hentry","category-news","tag-final-europea-tour-music-fest"],"acf":[],"yoast_head":"<!-- This site is optimized with the Yoast SEO plugin v26.7 - https:\/\/yoast.com\/wordpress\/plugins\/seo\/ -->\n<title>La Final Europea del Tour Music Fest el 7 de Diciembre con Mogol y Kara Dioguardi. - ES - Tour Music Fest<\/title>\n<meta name=\"description\" content=\"El 7 de Diciembre en el Auditorium del Massimo, tendr\u00e0 lugar la Final Europea del Tour Music Fest - The European Music Contest.\" \/>\n<meta name=\"robots\" content=\"index, follow, max-snippet:-1, max-image-preview:large, max-video-preview:-1\" \/>\n<link rel=\"canonical\" href=\"https:\/\/www.tourmusicfest.com\/es\/news\/la-final-europea-del-tour-music-fest-el-7-de-diciembre-con-mogol-y-kara-dioguardi\/\" \/>\n<meta property=\"og:locale\" content=\"es_ES\" \/>\n<meta property=\"og:type\" content=\"article\" \/>\n<meta property=\"og:title\" content=\"La Final Europea del Tour Music Fest el 7 de Diciembre con Mogol y Kara Dioguardi. - ES - Tour Music Fest\" \/>\n<meta property=\"og:description\" content=\"El 7 de Diciembre en el Auditorium del Massimo, tendr\u00e0 lugar la Final Europea del Tour Music Fest - The European Music Contest.\" \/>\n<meta property=\"og:url\" content=\"https:\/\/www.tourmusicfest.com\/es\/news\/la-final-europea-del-tour-music-fest-el-7-de-diciembre-con-mogol-y-kara-dioguardi\/\" \/>\n<meta property=\"og:site_name\" content=\"ES - Tour Music Fest\" \/>\n<meta property=\"article:publisher\" content=\"https:\/\/facebook.com\/tourmusicfest\" \/>\n<meta property=\"article:published_time\" content=\"2019-11-26T17:20:07+00:00\" \/>\n<meta property=\"og:image\" content=\"https:\/\/www.tourmusicfest.com\/es\/files\/2019\/11\/FINALEEUROPEA7DICEMBRE2019.jpg\" \/>\n\t<meta property=\"og:image:width\" content=\"1921\" \/>\n\t<meta property=\"og:image:height\" content=\"1081\" \/>\n\t<meta property=\"og:image:type\" content=\"image\/jpeg\" \/>\n<meta name=\"author\" content=\"tmfeuropa17\" \/>\n<meta name=\"twitter:card\" content=\"summary_large_image\" \/>\n<meta name=\"twitter:label1\" content=\"Escrito por\" \/>\n\t<meta name=\"twitter:data1\" content=\"tmfeuropa17\" \/>\n\t<meta name=\"twitter:label2\" content=\"Tiempo de lectura\" \/>\n\t<meta name=\"twitter:data2\" content=\"2 minutos\" \/>\n<script type=\"application\/ld+json\" class=\"yoast-schema-graph\">{\"@context\":\"https:\/\/schema.org\",\"@graph\":[{\"@type\":\"Article\",\"@id\":\"https:\/\/www.tourmusicfest.com\/es\/news\/la-final-europea-del-tour-music-fest-el-7-de-diciembre-con-mogol-y-kara-dioguardi\/#article\",\"isPartOf\":{\"@id\":\"https:\/\/www.tourmusicfest.com\/es\/news\/la-final-europea-del-tour-music-fest-el-7-de-diciembre-con-mogol-y-kara-dioguardi\/\"},\"author\":{\"name\":\"tmfeuropa17\",\"@id\":\"https:\/\/www.tourmusicfest.com\/es\/#\/schema\/person\/390d861689d02485bce7bf22b19bfe79\"},\"headline\":\"La Final Europea del Tour Music Fest el 7 de Diciembre con Mogol y Kara Dioguardi.\",\"datePublished\":\"2019-11-26T17:20:07+00:00\",\"mainEntityOfPage\":{\"@id\":\"https:\/\/www.tourmusicfest.com\/es\/news\/la-final-europea-del-tour-music-fest-el-7-de-diciembre-con-mogol-y-kara-dioguardi\/\"},\"wordCount\":485,\"publisher\":{\"@id\":\"https:\/\/www.tourmusicfest.com\/es\/#organization\"},\"image\":{\"@id\":\"https:\/\/www.tourmusicfest.com\/es\/news\/la-final-europea-del-tour-music-fest-el-7-de-diciembre-con-mogol-y-kara-dioguardi\/#primaryimage\"},\"thumbnailUrl\":\"https:\/\/www.tourmusicfest.com\/es\/files\/2019\/11\/FINALEEUROPEA7DICEMBRE2019.jpg\",\"keywords\":[\"FINAL EUROPEA TOUR MUSIC FEST\"],\"articleSection\":[\"News\"],\"inLanguage\":\"es\"},{\"@type\":\"WebPage\",\"@id\":\"https:\/\/www.tourmusicfest.com\/es\/news\/la-final-europea-del-tour-music-fest-el-7-de-diciembre-con-mogol-y-kara-dioguardi\/\",\"url\":\"https:\/\/www.tourmusicfest.com\/es\/news\/la-final-europea-del-tour-music-fest-el-7-de-diciembre-con-mogol-y-kara-dioguardi\/\",\"name\":\"La Final Europea del Tour Music Fest el 7 de Diciembre con Mogol y Kara Dioguardi. - ES - Tour Music Fest\",\"isPartOf\":{\"@id\":\"https:\/\/www.tourmusicfest.com\/es\/#website\"},\"primaryImageOfPage\":{\"@id\":\"https:\/\/www.tourmusicfest.com\/es\/news\/la-final-europea-del-tour-music-fest-el-7-de-diciembre-con-mogol-y-kara-dioguardi\/#primaryimage\"},\"image\":{\"@id\":\"https:\/\/www.tourmusicfest.com\/es\/news\/la-final-europea-del-tour-music-fest-el-7-de-diciembre-con-mogol-y-kara-dioguardi\/#primaryimage\"},\"thumbnailUrl\":\"https:\/\/www.tourmusicfest.com\/es\/files\/2019\/11\/FINALEEUROPEA7DICEMBRE2019.jpg\",\"datePublished\":\"2019-11-26T17:20:07+00:00\",\"description\":\"El 7 de Diciembre en el Auditorium del Massimo, tendr\u00e0 lugar la Final Europea del Tour Music Fest - The European Music Contest.\",\"breadcrumb\":{\"@id\":\"https:\/\/www.tourmusicfest.com\/es\/news\/la-final-europea-del-tour-music-fest-el-7-de-diciembre-con-mogol-y-kara-dioguardi\/#breadcrumb\"},\"inLanguage\":\"es\",\"potentialAction\":[{\"@type\":\"ReadAction\",\"target\":[\"https:\/\/www.tourmusicfest.com\/es\/news\/la-final-europea-del-tour-music-fest-el-7-de-diciembre-con-mogol-y-kara-dioguardi\/\"]}]},{\"@type\":\"ImageObject\",\"inLanguage\":\"es\",\"@id\":\"https:\/\/www.tourmusicfest.com\/es\/news\/la-final-europea-del-tour-music-fest-el-7-de-diciembre-con-mogol-y-kara-dioguardi\/#primaryimage\",\"url\":\"https:\/\/www.tourmusicfest.com\/es\/files\/2019\/11\/FINALEEUROPEA7DICEMBRE2019.jpg\",\"contentUrl\":\"https:\/\/www.tourmusicfest.com\/es\/files\/2019\/11\/FINALEEUROPEA7DICEMBRE2019.jpg\",\"width\":1921,\"height\":1081},{\"@type\":\"BreadcrumbList\",\"@id\":\"https:\/\/www.tourmusicfest.com\/es\/news\/la-final-europea-del-tour-music-fest-el-7-de-diciembre-con-mogol-y-kara-dioguardi\/#breadcrumb\",\"itemListElement\":[{\"@type\":\"ListItem\",\"position\":1,\"name\":\"Home\",\"item\":\"https:\/\/www.tourmusicfest.com\/es\/\"},{\"@type\":\"ListItem\",\"position\":2,\"name\":\"La Final Europea del Tour Music Fest el 7 de Diciembre con Mogol y Kara Dioguardi.\"}]},{\"@type\":\"WebSite\",\"@id\":\"https:\/\/www.tourmusicfest.com\/es\/#website\",\"url\":\"https:\/\/www.tourmusicfest.com\/es\/\",\"name\":\"Tour Music Fest - ES\",\"description\":\"The European Music Contest\",\"publisher\":{\"@id\":\"https:\/\/www.tourmusicfest.com\/es\/#organization\"},\"potentialAction\":[{\"@type\":\"SearchAction\",\"target\":{\"@type\":\"EntryPoint\",\"urlTemplate\":\"https:\/\/www.tourmusicfest.com\/es\/?s={search_term_string}\"},\"query-input\":{\"@type\":\"PropertyValueSpecification\",\"valueRequired\":true,\"valueName\":\"search_term_string\"}}],\"inLanguage\":\"es\"},{\"@type\":\"Organization\",\"@id\":\"https:\/\/www.tourmusicfest.com\/es\/#organization\",\"name\":\"ES - Tour Music Fest\",\"url\":\"https:\/\/www.tourmusicfest.com\/es\/\",\"logo\":{\"@type\":\"ImageObject\",\"inLanguage\":\"es\",\"@id\":\"https:\/\/www.tourmusicfest.com\/es\/#\/schema\/logo\/image\/\",\"url\":\"https:\/\/www.tourmusicfest.com\/es\/files\/2024\/04\/Brand-TMF-grey.png\",\"contentUrl\":\"https:\/\/www.tourmusicfest.com\/es\/files\/2024\/04\/Brand-TMF-grey.png\",\"width\":1181,\"height\":875,\"caption\":\"ES - Tour Music Fest\"},\"image\":{\"@id\":\"https:\/\/www.tourmusicfest.com\/es\/#\/schema\/logo\/image\/\"},\"sameAs\":[\"https:\/\/facebook.com\/tourmusicfest\",\"https:\/\/instagram.com\/tourmusicfest\"]},{\"@type\":\"Person\",\"@id\":\"https:\/\/www.tourmusicfest.com\/es\/#\/schema\/person\/390d861689d02485bce7bf22b19bfe79\",\"name\":\"tmfeuropa17\",\"image\":{\"@type\":\"ImageObject\",\"inLanguage\":\"es\",\"@id\":\"https:\/\/www.tourmusicfest.com\/es\/#\/schema\/person\/image\/\",\"url\":\"https:\/\/secure.gravatar.com\/avatar\/2b5fc8be00f182d9a3134943aeed9d38e7bcb4a9b63a07ad32e9141daebd39dd?s=96&d=mm&r=g\",\"contentUrl\":\"https:\/\/secure.gravatar.com\/avatar\/2b5fc8be00f182d9a3134943aeed9d38e7bcb4a9b63a07ad32e9141daebd39dd?s=96&d=mm&r=g\",\"caption\":\"tmfeuropa17\"},\"url\":\"https:\/\/www.tourmusicfest.com\/es\/author\/tmfeuropa17\/\"}]}<\/script>\n<!-- \/ Yoast SEO plugin. -->","yoast_head_json":{"title":"La Final Europea del Tour Music Fest el 7 de Diciembre con Mogol y Kara Dioguardi. - ES - Tour Music Fest","description":"El 7 de Diciembre en el Auditorium del Massimo, tendr\u00e0 lugar la Final Europea del Tour Music Fest - The European Music Contest.","robots":{"index":"index","follow":"follow","max-snippet":"max-snippet:-1","max-image-preview":"max-image-preview:large","max-video-preview":"max-video-preview:-1"},"canonical":"https:\/\/www.tourmusicfest.com\/es\/news\/la-final-europea-del-tour-music-fest-el-7-de-diciembre-con-mogol-y-kara-dioguardi\/","og_locale":"es_ES","og_type":"article","og_title":"La Final Europea del Tour Music Fest el 7 de Diciembre con Mogol y Kara Dioguardi. - ES - Tour Music Fest","og_description":"El 7 de Diciembre en el Auditorium del Massimo, tendr\u00e0 lugar la Final Europea del Tour Music Fest - The European Music Contest.","og_url":"https:\/\/www.tourmusicfest.com\/es\/news\/la-final-europea-del-tour-music-fest-el-7-de-diciembre-con-mogol-y-kara-dioguardi\/","og_site_name":"ES - Tour Music Fest","article_publisher":"https:\/\/facebook.com\/tourmusicfest","article_published_time":"2019-11-26T17:20:07+00:00","og_image":[{"width":1921,"height":1081,"url":"https:\/\/www.tourmusicfest.com\/es\/files\/2019\/11\/FINALEEUROPEA7DICEMBRE2019.jpg","type":"image\/jpeg"}],"author":"tmfeuropa17","twitter_card":"summary_large_image","twitter_misc":{"Escrito por":"tmfeuropa17","Tiempo de lectura":"2 minutos"},"schema":{"@context":"https:\/\/schema.org","@graph":[{"@type":"Article","@id":"https:\/\/www.tourmusicfest.com\/es\/news\/la-final-europea-del-tour-music-fest-el-7-de-diciembre-con-mogol-y-kara-dioguardi\/#article","isPartOf":{"@id":"https:\/\/www.tourmusicfest.com\/es\/news\/la-final-europea-del-tour-music-fest-el-7-de-diciembre-con-mogol-y-kara-dioguardi\/"},"author":{"name":"tmfeuropa17","@id":"https:\/\/www.tourmusicfest.com\/es\/#\/schema\/person\/390d861689d02485bce7bf22b19bfe79"},"headline":"La Final Europea del Tour Music Fest el 7 de Diciembre con Mogol y Kara Dioguardi.","datePublished":"2019-11-26T17:20:07+00:00","mainEntityOfPage":{"@id":"https:\/\/www.tourmusicfest.com\/es\/news\/la-final-europea-del-tour-music-fest-el-7-de-diciembre-con-mogol-y-kara-dioguardi\/"},"wordCount":485,"publisher":{"@id":"https:\/\/www.tourmusicfest.com\/es\/#organization"},"image":{"@id":"https:\/\/www.tourmusicfest.com\/es\/news\/la-final-europea-del-tour-music-fest-el-7-de-diciembre-con-mogol-y-kara-dioguardi\/#primaryimage"},"thumbnailUrl":"https:\/\/www.tourmusicfest.com\/es\/files\/2019\/11\/FINALEEUROPEA7DICEMBRE2019.jpg","keywords":["FINAL EUROPEA TOUR MUSIC FEST"],"articleSection":["News"],"inLanguage":"es"},{"@type":"WebPage","@id":"https:\/\/www.tourmusicfest.com\/es\/news\/la-final-europea-del-tour-music-fest-el-7-de-diciembre-con-mogol-y-kara-dioguardi\/","url":"https:\/\/www.tourmusicfest.com\/es\/news\/la-final-europea-del-tour-music-fest-el-7-de-diciembre-con-mogol-y-kara-dioguardi\/","name":"La Final Europea del Tour Music Fest el 7 de Diciembre con Mogol y Kara Dioguardi. - ES - Tour Music Fest","isPartOf":{"@id":"https:\/\/www.tourmusicfest.com\/es\/#website"},"primaryImageOfPage":{"@id":"https:\/\/www.tourmusicfest.com\/es\/news\/la-final-europea-del-tour-music-fest-el-7-de-diciembre-con-mogol-y-kara-dioguardi\/#primaryimage"},"image":{"@id":"https:\/\/www.tourmusicfest.com\/es\/news\/la-final-europea-del-tour-music-fest-el-7-de-diciembre-con-mogol-y-kara-dioguardi\/#primaryimage"},"thumbnailUrl":"https:\/\/www.tourmusicfest.com\/es\/files\/2019\/11\/FINALEEUROPEA7DICEMBRE2019.jpg","datePublished":"2019-11-26T17:20:07+00:00","description":"El 7 de Diciembre en el Auditorium del Massimo, tendr\u00e0 lugar la Final Europea del Tour Music Fest - The European Music Contest.","breadcrumb":{"@id":"https:\/\/www.tourmusicfest.com\/es\/news\/la-final-europea-del-tour-music-fest-el-7-de-diciembre-con-mogol-y-kara-dioguardi\/#breadcrumb"},"inLanguage":"es","potentialAction":[{"@type":"ReadAction","target":["https:\/\/www.tourmusicfest.com\/es\/news\/la-final-europea-del-tour-music-fest-el-7-de-diciembre-con-mogol-y-kara-dioguardi\/"]}]},{"@type":"ImageObject","inLanguage":"es","@id":"https:\/\/www.tourmusicfest.com\/es\/news\/la-final-europea-del-tour-music-fest-el-7-de-diciembre-con-mogol-y-kara-dioguardi\/#primaryimage","url":"https:\/\/www.tourmusicfest.com\/es\/files\/2019\/11\/FINALEEUROPEA7DICEMBRE2019.jpg","contentUrl":"https:\/\/www.tourmusicfest.com\/es\/files\/2019\/11\/FINALEEUROPEA7DICEMBRE2019.jpg","width":1921,"height":1081},{"@type":"BreadcrumbList","@id":"https:\/\/www.tourmusicfest.com\/es\/news\/la-final-europea-del-tour-music-fest-el-7-de-diciembre-con-mogol-y-kara-dioguardi\/#breadcrumb","itemListElement":[{"@type":"ListItem","position":1,"name":"Home","item":"https:\/\/www.tourmusicfest.com\/es\/"},{"@type":"ListItem","position":2,"name":"La Final Europea del Tour Music Fest el 7 de Diciembre con Mogol y Kara Dioguardi."}]},{"@type":"WebSite","@id":"https:\/\/www.tourmusicfest.com\/es\/#website","url":"https:\/\/www.tourmusicfest.com\/es\/","name":"Tour Music Fest - ES","description":"The European Music Contest","publisher":{"@id":"https:\/\/www.tourmusicfest.com\/es\/#organization"},"potentialAction":[{"@type":"SearchAction","target":{"@type":"EntryPoint","urlTemplate":"https:\/\/www.tourmusicfest.com\/es\/?s={search_term_string}"},"query-input":{"@type":"PropertyValueSpecification","valueRequired":true,"valueName":"search_term_string"}}],"inLanguage":"es"},{"@type":"Organization","@id":"https:\/\/www.tourmusicfest.com\/es\/#organization","name":"ES - Tour Music Fest","url":"https:\/\/www.tourmusicfest.com\/es\/","logo":{"@type":"ImageObject","inLanguage":"es","@id":"https:\/\/www.tourmusicfest.com\/es\/#\/schema\/logo\/image\/","url":"https:\/\/www.tourmusicfest.com\/es\/files\/2024\/04\/Brand-TMF-grey.png","contentUrl":"https:\/\/www.tourmusicfest.com\/es\/files\/2024\/04\/Brand-TMF-grey.png","width":1181,"height":875,"caption":"ES - Tour Music Fest"},"image":{"@id":"https:\/\/www.tourmusicfest.com\/es\/#\/schema\/logo\/image\/"},"sameAs":["https:\/\/facebook.com\/tourmusicfest","https:\/\/instagram.com\/tourmusicfest"]},{"@type":"Person","@id":"https:\/\/www.tourmusicfest.com\/es\/#\/schema\/person\/390d861689d02485bce7bf22b19bfe79","name":"tmfeuropa17","image":{"@type":"ImageObject","inLanguage":"es","@id":"https:\/\/www.tourmusicfest.com\/es\/#\/schema\/person\/image\/","url":"https:\/\/secure.gravatar.com\/avatar\/2b5fc8be00f182d9a3134943aeed9d38e7bcb4a9b63a07ad32e9141daebd39dd?s=96&d=mm&r=g","contentUrl":"https:\/\/secure.gravatar.com\/avatar\/2b5fc8be00f182d9a3134943aeed9d38e7bcb4a9b63a07ad32e9141daebd39dd?s=96&d=mm&r=g","caption":"tmfeuropa17"},"url":"https:\/\/www.tourmusicfest.com\/es\/author\/tmfeuropa17\/"}]}},"_links":{"self":[{"href":"https:\/\/www.tourmusicfest.com\/es\/wp-json\/wp\/v2\/posts\/1395","targetHints":{"allow":["GET"]}}],"collection":[{"href":"https:\/\/www.tourmusicfest.com\/es\/wp-json\/wp\/v2\/posts"}],"about":[{"href":"https:\/\/www.tourmusicfest.com\/es\/wp-json\/wp\/v2\/types\/post"}],"author":[{"embeddable":true,"href":"https:\/\/www.tourmusicfest.com\/es\/wp-json\/wp\/v2\/users\/3"}],"replies":[{"embeddable":true,"href":"https:\/\/www.tourmusicfest.com\/es\/wp-json\/wp\/v2\/comments?post=1395"}],"version-history":[{"count":1,"href":"https:\/\/www.tourmusicfest.com\/es\/wp-json\/wp\/v2\/posts\/1395\/revisions"}],"predecessor-version":[{"id":1399,"href":"https:\/\/www.tourmusicfest.com\/es\/wp-json\/wp\/v2\/posts\/1395\/revisions\/1399"}],"wp:featuredmedia":[{"embeddable":true,"href":"https:\/\/www.tourmusicfest.com\/es\/wp-json\/wp\/v2\/media\/1377"}],"wp:attachment":[{"href":"https:\/\/www.tourmusicfest.com\/es\/wp-json\/wp\/v2\/media?parent=1395"}],"wp:term":[{"taxonomy":"category","embeddable":true,"href":"https:\/\/www.tourmusicfest.com\/es\/wp-json\/wp\/v2\/categories?post=1395"},{"taxonomy":"post_tag","embeddable":true,"href":"https:\/\/www.tourmusicfest.com\/es\/wp-json\/wp\/v2\/tags?post=1395"}],"curies":[{"name":"wp","href":"https:\/\/api.w.org\/{rel}","templated":true}]}}