{"id":1376,"date":"2019-11-26T17:04:02","date_gmt":"2019-11-26T17:04:02","guid":{"rendered":"https:\/\/www.tourmusicfest.com\/es\/?p=1376"},"modified":"2019-11-26T17:20:51","modified_gmt":"2019-11-26T17:20:51","slug":"final-nacional-de-italia-los-nombres-de-los-ganadores","status":"publish","type":"post","link":"https:\/\/www.tourmusicfest.com\/es\/news\/final-nacional-de-italia-los-nombres-de-los-ganadores\/","title":{"rendered":"Final Nacional de Italia: los nombres de los ganadores"},"content":{"rendered":"<h3>Con los nombres de los ganadores italianos, tras 3 d\u00edas estupendos en el Crossroads Live Club di Roma, la lista de los Finalistas Europeos de la duod\u00e9cima edici\u00f3n del Tour Music Fest es completa.<\/h3>\n<p><!--more--><\/p>\n<p>&nbsp;<\/p>\n<p>Han sido <strong>tres d\u00edas llenos de m\u00fasica<\/strong> en el Crossroads Live Club di Roma, que ha acogido desde el 22 hasta el 24 de Noviembre, con profesionalidad y pasi\u00f3n, las Finales Nacionales del Tour Music Fest con los mejores artistas del panorama musical emergente italiano.<\/p>\n<p>Tras de 6 meses de audiciones por toda Italia y el anuncio de los finalistas nacionales, entre cantantes, raperos, bandas y dj, tenemos <strong>los nombre de los 13 Finalistas Italianos que actuar\u00e0n en Roma el 7 de Diciembre en el Auditorium del Massimo<\/strong>. Los ganadores italianos luchar\u00e0n a ritmo de m\u00fasica con los artistas del Reino Unido, Malta, Suiza y Espa\u00f1a, frente a la Comisi\u00f3n Art\u00edstica presidida por Mogol y Kara Dioguardi durante la noche m\u00e1s emocionante del a\u00f1o por los m\u00fasicos emergentes.<\/p>\n<p><strong>La m\u00fasica ha sido la protagonista absoluta de estos 3 d\u00edas de Finales Nacionales<\/strong>, con centenares de actuaciones. Hemos tenido la oportunidad de conocer a\u00f9n m\u00e0s cada uno de los artistas finalistas, crecidos, durante estos meses, tambi\u00e9n gracias a los feedback que nuestros jurados les dieron en Primera Fase y durante nuestros Music Camp, y al trabajo que cada uno ha hecho para mejorarse.<\/p>\n<p>La partnership con <strong>Berklee &#8211; College of Music<\/strong> se ha consolidado por el segundo a\u00f1o consecutivo. Siempre en l\u00ednea con la misi\u00f3n del Tour Music Fest, que tiene como objetivo principal la formaci\u00f3n art\u00edstica, durante de las Finales Nacionales, <strong>Janie Barnett ha venido directamente desde Boston<\/strong> para ense\u00f1ar a los artistas el m\u00e9todo formativo de una de las academias m\u00e1s importantes del mundo. Los artistas han tenido la oportunidad de ver cu\u00e1nto es realmente importante trabajar en equipo y enfocarse en sus propios objetivos.<\/p>\n<p>&nbsp;<\/p>\n<h3><strong>Aqu\u00ed los nombres de los ganadores nacionales italianos:<\/strong><\/h3>\n<p>&nbsp;<\/p>\n<p><strong>Raperos:<\/strong> Lavinia Viscuso<br \/>\n<strong>Cantautores:<\/strong> Nicole Stella<br \/>\n<strong>Interpretes:<\/strong> Andrea Mandelli<br \/>\n<strong>Junior Singer:<\/strong> Martina Luci<br \/>\n<strong>Baby Singer:<\/strong> Isabel Tangerini<br \/>\n<strong>Original Band:<\/strong> Cheap<br \/>\n<strong>Metal Band:<\/strong> With All The Rage<br \/>\n<strong>Liricos:<\/strong> Natalia Romanov<br \/>\n<strong>Guitarristas:<\/strong> Thomas Colombo<br \/>\n<strong>Pianistas<\/strong>: Davide Rasetti<br \/>\n<strong>Bateristas:<\/strong> Angelo Camasso<br \/>\n<strong>DJ<\/strong>: Gabrielo<br \/>\n<strong>DJ Producer:<\/strong> Peter Torre<\/p>\n<p>&nbsp;<\/p>\n\n\t\t<style type=\"text\/css\">\n\t\t\t#gallery-1 {\n\t\t\t\tmargin: auto;\n\t\t\t}\n\t\t\t#gallery-1 .gallery-item {\n\t\t\t\tfloat: left;\n\t\t\t\tmargin-top: 10px;\n\t\t\t\ttext-align: center;\n\t\t\t\twidth: 25%;\n\t\t\t}\n\t\t\t#gallery-1 img {\n\t\t\t\tborder: 2px solid #cfcfcf;\n\t\t\t}\n\t\t\t#gallery-1 .gallery-caption {\n\t\t\t\tmargin-left: 0;\n\t\t\t}\n\t\t\t\/* see gallery_shortcode() in wp-includes\/media.php *\/\n\t\t<\/style>\n\t\t<div id='gallery-1' class='gallery galleryid-1376 gallery-columns-4 gallery-size-medium'><dl class='gallery-item'>\n\t\t\t<dt class='gallery-icon landscape'>\n\t\t\t\t<img fetchpriority=\"high\" decoding=\"async\" width=\"700\" height=\"423\" src=\"https:\/\/www.tourmusicfest.com\/es\/files\/2019\/11\/ANDREA-MANDELLI-700x423.jpg\" class=\"attachment-medium size-medium\" alt=\"\" srcset=\"https:\/\/www.tourmusicfest.com\/es\/files\/2019\/11\/ANDREA-MANDELLI-700x423.jpg 700w, https:\/\/www.tourmusicfest.com\/es\/files\/2019\/11\/ANDREA-MANDELLI-768x464.jpg 768w, https:\/\/www.tourmusicfest.com\/es\/files\/2019\/11\/ANDREA-MANDELLI-1024x619.jpg 1024w, https:\/\/www.tourmusicfest.com\/es\/files\/2019\/11\/ANDREA-MANDELLI.jpg 1200w\" sizes=\"(max-width: 700px) 100vw, 700px\" \/>\n\t\t\t<\/dt><\/dl><dl class='gallery-item'>\n\t\t\t<dt class='gallery-icon landscape'>\n\t\t\t\t<img decoding=\"async\" width=\"700\" height=\"423\" src=\"https:\/\/www.tourmusicfest.com\/es\/files\/2019\/11\/ANGELO-CAMASSO-700x423.jpg\" class=\"attachment-medium size-medium\" alt=\"\" srcset=\"https:\/\/www.tourmusicfest.com\/es\/files\/2019\/11\/ANGELO-CAMASSO-700x423.jpg 700w, https:\/\/www.tourmusicfest.com\/es\/files\/2019\/11\/ANGELO-CAMASSO-768x464.jpg 768w, https:\/\/www.tourmusicfest.com\/es\/files\/2019\/11\/ANGELO-CAMASSO-1024x619.jpg 1024w, https:\/\/www.tourmusicfest.com\/es\/files\/2019\/11\/ANGELO-CAMASSO.jpg 1200w\" sizes=\"(max-width: 700px) 100vw, 700px\" \/>\n\t\t\t<\/dt><\/dl><dl class='gallery-item'>\n\t\t\t<dt class='gallery-icon landscape'>\n\t\t\t\t<img decoding=\"async\" width=\"700\" height=\"423\" src=\"https:\/\/www.tourmusicfest.com\/es\/files\/2019\/11\/CHEAP-700x423.jpg\" class=\"attachment-medium size-medium\" alt=\"\" srcset=\"https:\/\/www.tourmusicfest.com\/es\/files\/2019\/11\/CHEAP-700x423.jpg 700w, https:\/\/www.tourmusicfest.com\/es\/files\/2019\/11\/CHEAP-768x464.jpg 768w, https:\/\/www.tourmusicfest.com\/es\/files\/2019\/11\/CHEAP-1024x619.jpg 1024w, https:\/\/www.tourmusicfest.com\/es\/files\/2019\/11\/CHEAP.jpg 1200w\" sizes=\"(max-width: 700px) 100vw, 700px\" \/>\n\t\t\t<\/dt><\/dl><dl class='gallery-item'>\n\t\t\t<dt class='gallery-icon landscape'>\n\t\t\t\t<img loading=\"lazy\" decoding=\"async\" width=\"700\" height=\"423\" src=\"https:\/\/www.tourmusicfest.com\/es\/files\/2019\/11\/DAVIDE-RASETTI-700x423.jpg\" class=\"attachment-medium size-medium\" alt=\"\" srcset=\"https:\/\/www.tourmusicfest.com\/es\/files\/2019\/11\/DAVIDE-RASETTI-700x423.jpg 700w, https:\/\/www.tourmusicfest.com\/es\/files\/2019\/11\/DAVIDE-RASETTI-768x464.jpg 768w, https:\/\/www.tourmusicfest.com\/es\/files\/2019\/11\/DAVIDE-RASETTI-1024x619.jpg 1024w, https:\/\/www.tourmusicfest.com\/es\/files\/2019\/11\/DAVIDE-RASETTI.jpg 1200w\" sizes=\"(max-width: 700px) 100vw, 700px\" \/>\n\t\t\t<\/dt><\/dl><br style=\"clear: both\" \/><dl class='gallery-item'>\n\t\t\t<dt class='gallery-icon landscape'>\n\t\t\t\t<img loading=\"lazy\" decoding=\"async\" width=\"700\" height=\"423\" src=\"https:\/\/www.tourmusicfest.com\/es\/files\/2019\/11\/GABRIELO-700x423.jpg\" class=\"attachment-medium size-medium\" alt=\"\" srcset=\"https:\/\/www.tourmusicfest.com\/es\/files\/2019\/11\/GABRIELO-700x423.jpg 700w, https:\/\/www.tourmusicfest.com\/es\/files\/2019\/11\/GABRIELO-768x464.jpg 768w, https:\/\/www.tourmusicfest.com\/es\/files\/2019\/11\/GABRIELO-1024x619.jpg 1024w, https:\/\/www.tourmusicfest.com\/es\/files\/2019\/11\/GABRIELO.jpg 1200w\" sizes=\"(max-width: 700px) 100vw, 700px\" \/>\n\t\t\t<\/dt><\/dl><dl class='gallery-item'>\n\t\t\t<dt class='gallery-icon landscape'>\n\t\t\t\t<img loading=\"lazy\" decoding=\"async\" width=\"700\" height=\"423\" src=\"https:\/\/www.tourmusicfest.com\/es\/files\/2019\/11\/ISABEL-TANGERINI-700x423.jpg\" class=\"attachment-medium size-medium\" alt=\"\" srcset=\"https:\/\/www.tourmusicfest.com\/es\/files\/2019\/11\/ISABEL-TANGERINI-700x423.jpg 700w, https:\/\/www.tourmusicfest.com\/es\/files\/2019\/11\/ISABEL-TANGERINI-768x464.jpg 768w, https:\/\/www.tourmusicfest.com\/es\/files\/2019\/11\/ISABEL-TANGERINI-1024x619.jpg 1024w, https:\/\/www.tourmusicfest.com\/es\/files\/2019\/11\/ISABEL-TANGERINI.jpg 1200w\" sizes=\"(max-width: 700px) 100vw, 700px\" \/>\n\t\t\t<\/dt><\/dl><dl class='gallery-item'>\n\t\t\t<dt class='gallery-icon landscape'>\n\t\t\t\t<img loading=\"lazy\" decoding=\"async\" width=\"700\" height=\"423\" src=\"https:\/\/www.tourmusicfest.com\/es\/files\/2019\/11\/LAVINIA-VISCUSO-700x423.jpg\" class=\"attachment-medium size-medium\" alt=\"\" srcset=\"https:\/\/www.tourmusicfest.com\/es\/files\/2019\/11\/LAVINIA-VISCUSO-700x423.jpg 700w, https:\/\/www.tourmusicfest.com\/es\/files\/2019\/11\/LAVINIA-VISCUSO-768x464.jpg 768w, https:\/\/www.tourmusicfest.com\/es\/files\/2019\/11\/LAVINIA-VISCUSO-1024x619.jpg 1024w, https:\/\/www.tourmusicfest.com\/es\/files\/2019\/11\/LAVINIA-VISCUSO.jpg 1200w\" sizes=\"(max-width: 700px) 100vw, 700px\" \/>\n\t\t\t<\/dt><\/dl><dl class='gallery-item'>\n\t\t\t<dt class='gallery-icon landscape'>\n\t\t\t\t<img loading=\"lazy\" decoding=\"async\" width=\"700\" height=\"423\" src=\"https:\/\/www.tourmusicfest.com\/es\/files\/2019\/11\/MARTINA-LUCI-700x423.jpg\" class=\"attachment-medium size-medium\" alt=\"\" srcset=\"https:\/\/www.tourmusicfest.com\/es\/files\/2019\/11\/MARTINA-LUCI-700x423.jpg 700w, https:\/\/www.tourmusicfest.com\/es\/files\/2019\/11\/MARTINA-LUCI-768x464.jpg 768w, https:\/\/www.tourmusicfest.com\/es\/files\/2019\/11\/MARTINA-LUCI-1024x619.jpg 1024w, https:\/\/www.tourmusicfest.com\/es\/files\/2019\/11\/MARTINA-LUCI.jpg 1200w\" sizes=\"(max-width: 700px) 100vw, 700px\" \/>\n\t\t\t<\/dt><\/dl><br style=\"clear: both\" \/><dl class='gallery-item'>\n\t\t\t<dt class='gallery-icon landscape'>\n\t\t\t\t<img loading=\"lazy\" decoding=\"async\" width=\"700\" height=\"423\" src=\"https:\/\/www.tourmusicfest.com\/es\/files\/2019\/11\/NATALIA-ROMAN-700x423.jpg\" class=\"attachment-medium size-medium\" alt=\"\" srcset=\"https:\/\/www.tourmusicfest.com\/es\/files\/2019\/11\/NATALIA-ROMAN-700x423.jpg 700w, https:\/\/www.tourmusicfest.com\/es\/files\/2019\/11\/NATALIA-ROMAN-768x464.jpg 768w, https:\/\/www.tourmusicfest.com\/es\/files\/2019\/11\/NATALIA-ROMAN-1024x619.jpg 1024w, https:\/\/www.tourmusicfest.com\/es\/files\/2019\/11\/NATALIA-ROMAN.jpg 1200w\" sizes=\"(max-width: 700px) 100vw, 700px\" \/>\n\t\t\t<\/dt><\/dl><dl class='gallery-item'>\n\t\t\t<dt class='gallery-icon landscape'>\n\t\t\t\t<img loading=\"lazy\" decoding=\"async\" width=\"700\" height=\"423\" src=\"https:\/\/www.tourmusicfest.com\/es\/files\/2019\/11\/NICOLE-STELLA-700x423.jpg\" class=\"attachment-medium size-medium\" alt=\"\" srcset=\"https:\/\/www.tourmusicfest.com\/es\/files\/2019\/11\/NICOLE-STELLA-700x423.jpg 700w, https:\/\/www.tourmusicfest.com\/es\/files\/2019\/11\/NICOLE-STELLA-768x464.jpg 768w, https:\/\/www.tourmusicfest.com\/es\/files\/2019\/11\/NICOLE-STELLA-1024x619.jpg 1024w, https:\/\/www.tourmusicfest.com\/es\/files\/2019\/11\/NICOLE-STELLA.jpg 1200w\" sizes=\"(max-width: 700px) 100vw, 700px\" \/>\n\t\t\t<\/dt><\/dl><dl class='gallery-item'>\n\t\t\t<dt class='gallery-icon landscape'>\n\t\t\t\t<img loading=\"lazy\" decoding=\"async\" width=\"700\" height=\"423\" src=\"https:\/\/www.tourmusicfest.com\/es\/files\/2019\/11\/PETER-TORRE-700x423.jpg\" class=\"attachment-medium size-medium\" alt=\"\" srcset=\"https:\/\/www.tourmusicfest.com\/es\/files\/2019\/11\/PETER-TORRE-700x423.jpg 700w, https:\/\/www.tourmusicfest.com\/es\/files\/2019\/11\/PETER-TORRE-768x464.jpg 768w, https:\/\/www.tourmusicfest.com\/es\/files\/2019\/11\/PETER-TORRE-1024x619.jpg 1024w, https:\/\/www.tourmusicfest.com\/es\/files\/2019\/11\/PETER-TORRE.jpg 1200w\" sizes=\"(max-width: 700px) 100vw, 700px\" \/>\n\t\t\t<\/dt><\/dl><dl class='gallery-item'>\n\t\t\t<dt class='gallery-icon landscape'>\n\t\t\t\t<img loading=\"lazy\" decoding=\"async\" width=\"700\" height=\"423\" src=\"https:\/\/www.tourmusicfest.com\/es\/files\/2019\/11\/THOMAS-COLOMBO-700x423.jpg\" class=\"attachment-medium size-medium\" alt=\"\" srcset=\"https:\/\/www.tourmusicfest.com\/es\/files\/2019\/11\/THOMAS-COLOMBO-700x423.jpg 700w, https:\/\/www.tourmusicfest.com\/es\/files\/2019\/11\/THOMAS-COLOMBO-768x464.jpg 768w, https:\/\/www.tourmusicfest.com\/es\/files\/2019\/11\/THOMAS-COLOMBO-1024x619.jpg 1024w, https:\/\/www.tourmusicfest.com\/es\/files\/2019\/11\/THOMAS-COLOMBO.jpg 1200w\" sizes=\"(max-width: 700px) 100vw, 700px\" \/>\n\t\t\t<\/dt><\/dl><br style=\"clear: both\" \/><dl class='gallery-item'>\n\t\t\t<dt class='gallery-icon landscape'>\n\t\t\t\t<img loading=\"lazy\" decoding=\"async\" width=\"700\" height=\"423\" src=\"https:\/\/www.tourmusicfest.com\/es\/files\/2019\/11\/WITH-ALL-THE-RAGE-700x423.jpg\" class=\"attachment-medium size-medium\" alt=\"\" srcset=\"https:\/\/www.tourmusicfest.com\/es\/files\/2019\/11\/WITH-ALL-THE-RAGE-700x423.jpg 700w, https:\/\/www.tourmusicfest.com\/es\/files\/2019\/11\/WITH-ALL-THE-RAGE-768x464.jpg 768w, https:\/\/www.tourmusicfest.com\/es\/files\/2019\/11\/WITH-ALL-THE-RAGE-1024x619.jpg 1024w, https:\/\/www.tourmusicfest.com\/es\/files\/2019\/11\/WITH-ALL-THE-RAGE.jpg 1200w\" sizes=\"(max-width: 700px) 100vw, 700px\" \/>\n\t\t\t<\/dt><\/dl>\n\t\t\t<br style='clear: both' \/>\n\t\t<\/div>\n\n<p>&nbsp;<\/p>\n<p>Cada uno de los finalistas ense\u00f1\u00f2 su gana de ponerse en muestra compartiendo su propia pasi\u00f3n por la m\u00fasica, sin pensar a la competici\u00f3n, creando sinergias \u00fanicas con el \u00fanico objetivo del crecimiento personal. En estos tre dias, plenamente en l\u00ednea con los que propone el TMF, la idea del desaf\u00edo desapareci\u00f2 gracias sobre todo a los artistas que crearon amistades y (quiz\u00e0) futuras colaboraciones.<\/p>\n<p><strong>Queremos dar la gracia a cada uno de estos artistas,<\/strong> que llegaron desde toda Italia y que llevaron en el escenario su propia voz y un talento incre\u00edble. Para la Comisi\u00f3n Art\u00edstica del Tour Music Fest no ha sido sencillo elegir un solo nombre por cada categor\u00eda, visto el nivel muy bueno de cada finalista. Enhorabuena a todos los participantes, la victoria m\u00e1s importante ha sido la conciencia que cada uno de ellos puede apuntar alto.<\/p>\n<p>Os esperamos a la Final Europea del 7 de Diciembre en el Auditorium del Massimo di Roma.<br \/>\nDentro de poco, los detalles del evento!<\/p>\n","protected":false},"excerpt":{"rendered":"<p>Con los nombres de los ganadores italianos, tras 3 d\u00edas estupendos en el Crossroads Live Club di Roma, la lista de los Finalistas Europeos de la duod\u00e9cima edici\u00f3n del Tour Music Fest es completa.<\/p>\n","protected":false},"author":3,"featured_media":1396,"comment_status":"closed","ping_status":"closed","sticky":false,"template":"","format":"standard","meta":{"_acf_changed":false,"footnotes":""},"categories":[4],"tags":[10],"class_list":["post-1376","post","type-post","status-publish","format-standard","has-post-thumbnail","hentry","category-news","tag-final-nacional-italia"],"acf":[],"yoast_head":"<!-- This site is optimized with the Yoast SEO plugin v26.7 - https:\/\/yoast.com\/wordpress\/plugins\/seo\/ -->\n<title>Final Nacional de Italia: los nombres de los ganadores - ES - Tour Music Fest<\/title>\n<meta name=\"description\" content=\"Con los nombres de los ganadores italianos, la lista de los Finalistas Europeos de la duod\u00e9cima edici\u00f3n del Tour Music Fest es completa.\" \/>\n<meta name=\"robots\" content=\"index, follow, max-snippet:-1, max-image-preview:large, max-video-preview:-1\" \/>\n<link rel=\"canonical\" href=\"https:\/\/www.tourmusicfest.com\/es\/news\/final-nacional-de-italia-los-nombres-de-los-ganadores\/\" \/>\n<meta property=\"og:locale\" content=\"es_ES\" \/>\n<meta property=\"og:type\" content=\"article\" \/>\n<meta property=\"og:title\" content=\"Final Nacional de Italia: los nombres de los ganadores - ES - Tour Music Fest\" \/>\n<meta property=\"og:description\" content=\"Con los nombres de los ganadores italianos, la lista de los Finalistas Europeos de la duod\u00e9cima edici\u00f3n del Tour Music Fest es completa.\" \/>\n<meta property=\"og:url\" content=\"https:\/\/www.tourmusicfest.com\/es\/news\/final-nacional-de-italia-los-nombres-de-los-ganadores\/\" \/>\n<meta property=\"og:site_name\" content=\"ES - Tour Music Fest\" \/>\n<meta property=\"article:publisher\" content=\"https:\/\/facebook.com\/tourmusicfest\" \/>\n<meta property=\"article:published_time\" content=\"2019-11-26T17:04:02+00:00\" \/>\n<meta property=\"article:modified_time\" content=\"2019-11-26T17:20:51+00:00\" \/>\n<meta property=\"og:image\" content=\"https:\/\/www.tourmusicfest.com\/es\/files\/2019\/11\/LAVINIAVISCUSOFINALINAZIONALI.jpg\" \/>\n\t<meta property=\"og:image:width\" content=\"1920\" \/>\n\t<meta property=\"og:image:height\" content=\"1080\" \/>\n\t<meta property=\"og:image:type\" content=\"image\/jpeg\" \/>\n<meta name=\"author\" content=\"tmfeuropa17\" \/>\n<meta name=\"twitter:card\" content=\"summary_large_image\" \/>\n<meta name=\"twitter:label1\" content=\"Escrito por\" \/>\n\t<meta name=\"twitter:data1\" content=\"tmfeuropa17\" \/>\n\t<meta name=\"twitter:label2\" content=\"Tiempo de lectura\" \/>\n\t<meta name=\"twitter:data2\" content=\"3 minutos\" \/>\n<script type=\"application\/ld+json\" class=\"yoast-schema-graph\">{\"@context\":\"https:\/\/schema.org\",\"@graph\":[{\"@type\":\"Article\",\"@id\":\"https:\/\/www.tourmusicfest.com\/es\/news\/final-nacional-de-italia-los-nombres-de-los-ganadores\/#article\",\"isPartOf\":{\"@id\":\"https:\/\/www.tourmusicfest.com\/es\/news\/final-nacional-de-italia-los-nombres-de-los-ganadores\/\"},\"author\":{\"name\":\"tmfeuropa17\",\"@id\":\"https:\/\/www.tourmusicfest.com\/es\/#\/schema\/person\/390d861689d02485bce7bf22b19bfe79\"},\"headline\":\"Final Nacional de Italia: los nombres de los ganadores\",\"datePublished\":\"2019-11-26T17:04:02+00:00\",\"dateModified\":\"2019-11-26T17:20:51+00:00\",\"mainEntityOfPage\":{\"@id\":\"https:\/\/www.tourmusicfest.com\/es\/news\/final-nacional-de-italia-los-nombres-de-los-ganadores\/\"},\"wordCount\":579,\"publisher\":{\"@id\":\"https:\/\/www.tourmusicfest.com\/es\/#organization\"},\"image\":{\"@id\":\"https:\/\/www.tourmusicfest.com\/es\/news\/final-nacional-de-italia-los-nombres-de-los-ganadores\/#primaryimage\"},\"thumbnailUrl\":\"https:\/\/www.tourmusicfest.com\/es\/files\/2019\/11\/LAVINIAVISCUSOFINALINAZIONALI.jpg\",\"keywords\":[\"final nacional italia\"],\"articleSection\":[\"News\"],\"inLanguage\":\"es\"},{\"@type\":\"WebPage\",\"@id\":\"https:\/\/www.tourmusicfest.com\/es\/news\/final-nacional-de-italia-los-nombres-de-los-ganadores\/\",\"url\":\"https:\/\/www.tourmusicfest.com\/es\/news\/final-nacional-de-italia-los-nombres-de-los-ganadores\/\",\"name\":\"Final Nacional de Italia: los nombres de los ganadores - ES - Tour Music Fest\",\"isPartOf\":{\"@id\":\"https:\/\/www.tourmusicfest.com\/es\/#website\"},\"primaryImageOfPage\":{\"@id\":\"https:\/\/www.tourmusicfest.com\/es\/news\/final-nacional-de-italia-los-nombres-de-los-ganadores\/#primaryimage\"},\"image\":{\"@id\":\"https:\/\/www.tourmusicfest.com\/es\/news\/final-nacional-de-italia-los-nombres-de-los-ganadores\/#primaryimage\"},\"thumbnailUrl\":\"https:\/\/www.tourmusicfest.com\/es\/files\/2019\/11\/LAVINIAVISCUSOFINALINAZIONALI.jpg\",\"datePublished\":\"2019-11-26T17:04:02+00:00\",\"dateModified\":\"2019-11-26T17:20:51+00:00\",\"description\":\"Con los nombres de los ganadores italianos, la lista de los Finalistas Europeos de la duod\u00e9cima edici\u00f3n del Tour Music Fest es completa.\",\"breadcrumb\":{\"@id\":\"https:\/\/www.tourmusicfest.com\/es\/news\/final-nacional-de-italia-los-nombres-de-los-ganadores\/#breadcrumb\"},\"inLanguage\":\"es\",\"potentialAction\":[{\"@type\":\"ReadAction\",\"target\":[\"https:\/\/www.tourmusicfest.com\/es\/news\/final-nacional-de-italia-los-nombres-de-los-ganadores\/\"]}]},{\"@type\":\"ImageObject\",\"inLanguage\":\"es\",\"@id\":\"https:\/\/www.tourmusicfest.com\/es\/news\/final-nacional-de-italia-los-nombres-de-los-ganadores\/#primaryimage\",\"url\":\"https:\/\/www.tourmusicfest.com\/es\/files\/2019\/11\/LAVINIAVISCUSOFINALINAZIONALI.jpg\",\"contentUrl\":\"https:\/\/www.tourmusicfest.com\/es\/files\/2019\/11\/LAVINIAVISCUSOFINALINAZIONALI.jpg\",\"width\":1920,\"height\":1080},{\"@type\":\"BreadcrumbList\",\"@id\":\"https:\/\/www.tourmusicfest.com\/es\/news\/final-nacional-de-italia-los-nombres-de-los-ganadores\/#breadcrumb\",\"itemListElement\":[{\"@type\":\"ListItem\",\"position\":1,\"name\":\"Home\",\"item\":\"https:\/\/www.tourmusicfest.com\/es\/\"},{\"@type\":\"ListItem\",\"position\":2,\"name\":\"Final Nacional de Italia: los nombres de los ganadores\"}]},{\"@type\":\"WebSite\",\"@id\":\"https:\/\/www.tourmusicfest.com\/es\/#website\",\"url\":\"https:\/\/www.tourmusicfest.com\/es\/\",\"name\":\"Tour Music Fest - ES\",\"description\":\"The European Music Contest\",\"publisher\":{\"@id\":\"https:\/\/www.tourmusicfest.com\/es\/#organization\"},\"potentialAction\":[{\"@type\":\"SearchAction\",\"target\":{\"@type\":\"EntryPoint\",\"urlTemplate\":\"https:\/\/www.tourmusicfest.com\/es\/?s={search_term_string}\"},\"query-input\":{\"@type\":\"PropertyValueSpecification\",\"valueRequired\":true,\"valueName\":\"search_term_string\"}}],\"inLanguage\":\"es\"},{\"@type\":\"Organization\",\"@id\":\"https:\/\/www.tourmusicfest.com\/es\/#organization\",\"name\":\"ES - Tour Music Fest\",\"url\":\"https:\/\/www.tourmusicfest.com\/es\/\",\"logo\":{\"@type\":\"ImageObject\",\"inLanguage\":\"es\",\"@id\":\"https:\/\/www.tourmusicfest.com\/es\/#\/schema\/logo\/image\/\",\"url\":\"https:\/\/www.tourmusicfest.com\/es\/files\/2024\/04\/Brand-TMF-grey.png\",\"contentUrl\":\"https:\/\/www.tourmusicfest.com\/es\/files\/2024\/04\/Brand-TMF-grey.png\",\"width\":1181,\"height\":875,\"caption\":\"ES - Tour Music Fest\"},\"image\":{\"@id\":\"https:\/\/www.tourmusicfest.com\/es\/#\/schema\/logo\/image\/\"},\"sameAs\":[\"https:\/\/facebook.com\/tourmusicfest\",\"https:\/\/instagram.com\/tourmusicfest\"]},{\"@type\":\"Person\",\"@id\":\"https:\/\/www.tourmusicfest.com\/es\/#\/schema\/person\/390d861689d02485bce7bf22b19bfe79\",\"name\":\"tmfeuropa17\",\"image\":{\"@type\":\"ImageObject\",\"inLanguage\":\"es\",\"@id\":\"https:\/\/www.tourmusicfest.com\/es\/#\/schema\/person\/image\/\",\"url\":\"https:\/\/secure.gravatar.com\/avatar\/2b5fc8be00f182d9a3134943aeed9d38e7bcb4a9b63a07ad32e9141daebd39dd?s=96&d=mm&r=g\",\"contentUrl\":\"https:\/\/secure.gravatar.com\/avatar\/2b5fc8be00f182d9a3134943aeed9d38e7bcb4a9b63a07ad32e9141daebd39dd?s=96&d=mm&r=g\",\"caption\":\"tmfeuropa17\"},\"url\":\"https:\/\/www.tourmusicfest.com\/es\/author\/tmfeuropa17\/\"}]}<\/script>\n<!-- \/ Yoast SEO plugin. -->","yoast_head_json":{"title":"Final Nacional de Italia: los nombres de los ganadores - ES - Tour Music Fest","description":"Con los nombres de los ganadores italianos, la lista de los Finalistas Europeos de la duod\u00e9cima edici\u00f3n del Tour Music Fest es completa.","robots":{"index":"index","follow":"follow","max-snippet":"max-snippet:-1","max-image-preview":"max-image-preview:large","max-video-preview":"max-video-preview:-1"},"canonical":"https:\/\/www.tourmusicfest.com\/es\/news\/final-nacional-de-italia-los-nombres-de-los-ganadores\/","og_locale":"es_ES","og_type":"article","og_title":"Final Nacional de Italia: los nombres de los ganadores - ES - Tour Music Fest","og_description":"Con los nombres de los ganadores italianos, la lista de los Finalistas Europeos de la duod\u00e9cima edici\u00f3n del Tour Music Fest es completa.","og_url":"https:\/\/www.tourmusicfest.com\/es\/news\/final-nacional-de-italia-los-nombres-de-los-ganadores\/","og_site_name":"ES - Tour Music Fest","article_publisher":"https:\/\/facebook.com\/tourmusicfest","article_published_time":"2019-11-26T17:04:02+00:00","article_modified_time":"2019-11-26T17:20:51+00:00","og_image":[{"width":1920,"height":1080,"url":"https:\/\/www.tourmusicfest.com\/es\/files\/2019\/11\/LAVINIAVISCUSOFINALINAZIONALI.jpg","type":"image\/jpeg"}],"author":"tmfeuropa17","twitter_card":"summary_large_image","twitter_misc":{"Escrito por":"tmfeuropa17","Tiempo de lectura":"3 minutos"},"schema":{"@context":"https:\/\/schema.org","@graph":[{"@type":"Article","@id":"https:\/\/www.tourmusicfest.com\/es\/news\/final-nacional-de-italia-los-nombres-de-los-ganadores\/#article","isPartOf":{"@id":"https:\/\/www.tourmusicfest.com\/es\/news\/final-nacional-de-italia-los-nombres-de-los-ganadores\/"},"author":{"name":"tmfeuropa17","@id":"https:\/\/www.tourmusicfest.com\/es\/#\/schema\/person\/390d861689d02485bce7bf22b19bfe79"},"headline":"Final Nacional de Italia: los nombres de los ganadores","datePublished":"2019-11-26T17:04:02+00:00","dateModified":"2019-11-26T17:20:51+00:00","mainEntityOfPage":{"@id":"https:\/\/www.tourmusicfest.com\/es\/news\/final-nacional-de-italia-los-nombres-de-los-ganadores\/"},"wordCount":579,"publisher":{"@id":"https:\/\/www.tourmusicfest.com\/es\/#organization"},"image":{"@id":"https:\/\/www.tourmusicfest.com\/es\/news\/final-nacional-de-italia-los-nombres-de-los-ganadores\/#primaryimage"},"thumbnailUrl":"https:\/\/www.tourmusicfest.com\/es\/files\/2019\/11\/LAVINIAVISCUSOFINALINAZIONALI.jpg","keywords":["final nacional italia"],"articleSection":["News"],"inLanguage":"es"},{"@type":"WebPage","@id":"https:\/\/www.tourmusicfest.com\/es\/news\/final-nacional-de-italia-los-nombres-de-los-ganadores\/","url":"https:\/\/www.tourmusicfest.com\/es\/news\/final-nacional-de-italia-los-nombres-de-los-ganadores\/","name":"Final Nacional de Italia: los nombres de los ganadores - ES - Tour Music Fest","isPartOf":{"@id":"https:\/\/www.tourmusicfest.com\/es\/#website"},"primaryImageOfPage":{"@id":"https:\/\/www.tourmusicfest.com\/es\/news\/final-nacional-de-italia-los-nombres-de-los-ganadores\/#primaryimage"},"image":{"@id":"https:\/\/www.tourmusicfest.com\/es\/news\/final-nacional-de-italia-los-nombres-de-los-ganadores\/#primaryimage"},"thumbnailUrl":"https:\/\/www.tourmusicfest.com\/es\/files\/2019\/11\/LAVINIAVISCUSOFINALINAZIONALI.jpg","datePublished":"2019-11-26T17:04:02+00:00","dateModified":"2019-11-26T17:20:51+00:00","description":"Con los nombres de los ganadores italianos, la lista de los Finalistas Europeos de la duod\u00e9cima edici\u00f3n del Tour Music Fest es completa.","breadcrumb":{"@id":"https:\/\/www.tourmusicfest.com\/es\/news\/final-nacional-de-italia-los-nombres-de-los-ganadores\/#breadcrumb"},"inLanguage":"es","potentialAction":[{"@type":"ReadAction","target":["https:\/\/www.tourmusicfest.com\/es\/news\/final-nacional-de-italia-los-nombres-de-los-ganadores\/"]}]},{"@type":"ImageObject","inLanguage":"es","@id":"https:\/\/www.tourmusicfest.com\/es\/news\/final-nacional-de-italia-los-nombres-de-los-ganadores\/#primaryimage","url":"https:\/\/www.tourmusicfest.com\/es\/files\/2019\/11\/LAVINIAVISCUSOFINALINAZIONALI.jpg","contentUrl":"https:\/\/www.tourmusicfest.com\/es\/files\/2019\/11\/LAVINIAVISCUSOFINALINAZIONALI.jpg","width":1920,"height":1080},{"@type":"BreadcrumbList","@id":"https:\/\/www.tourmusicfest.com\/es\/news\/final-nacional-de-italia-los-nombres-de-los-ganadores\/#breadcrumb","itemListElement":[{"@type":"ListItem","position":1,"name":"Home","item":"https:\/\/www.tourmusicfest.com\/es\/"},{"@type":"ListItem","position":2,"name":"Final Nacional de Italia: los nombres de los ganadores"}]},{"@type":"WebSite","@id":"https:\/\/www.tourmusicfest.com\/es\/#website","url":"https:\/\/www.tourmusicfest.com\/es\/","name":"Tour Music Fest - ES","description":"The European Music Contest","publisher":{"@id":"https:\/\/www.tourmusicfest.com\/es\/#organization"},"potentialAction":[{"@type":"SearchAction","target":{"@type":"EntryPoint","urlTemplate":"https:\/\/www.tourmusicfest.com\/es\/?s={search_term_string}"},"query-input":{"@type":"PropertyValueSpecification","valueRequired":true,"valueName":"search_term_string"}}],"inLanguage":"es"},{"@type":"Organization","@id":"https:\/\/www.tourmusicfest.com\/es\/#organization","name":"ES - Tour Music Fest","url":"https:\/\/www.tourmusicfest.com\/es\/","logo":{"@type":"ImageObject","inLanguage":"es","@id":"https:\/\/www.tourmusicfest.com\/es\/#\/schema\/logo\/image\/","url":"https:\/\/www.tourmusicfest.com\/es\/files\/2024\/04\/Brand-TMF-grey.png","contentUrl":"https:\/\/www.tourmusicfest.com\/es\/files\/2024\/04\/Brand-TMF-grey.png","width":1181,"height":875,"caption":"ES - Tour Music Fest"},"image":{"@id":"https:\/\/www.tourmusicfest.com\/es\/#\/schema\/logo\/image\/"},"sameAs":["https:\/\/facebook.com\/tourmusicfest","https:\/\/instagram.com\/tourmusicfest"]},{"@type":"Person","@id":"https:\/\/www.tourmusicfest.com\/es\/#\/schema\/person\/390d861689d02485bce7bf22b19bfe79","name":"tmfeuropa17","image":{"@type":"ImageObject","inLanguage":"es","@id":"https:\/\/www.tourmusicfest.com\/es\/#\/schema\/person\/image\/","url":"https:\/\/secure.gravatar.com\/avatar\/2b5fc8be00f182d9a3134943aeed9d38e7bcb4a9b63a07ad32e9141daebd39dd?s=96&d=mm&r=g","contentUrl":"https:\/\/secure.gravatar.com\/avatar\/2b5fc8be00f182d9a3134943aeed9d38e7bcb4a9b63a07ad32e9141daebd39dd?s=96&d=mm&r=g","caption":"tmfeuropa17"},"url":"https:\/\/www.tourmusicfest.com\/es\/author\/tmfeuropa17\/"}]}},"_links":{"self":[{"href":"https:\/\/www.tourmusicfest.com\/es\/wp-json\/wp\/v2\/posts\/1376","targetHints":{"allow":["GET"]}}],"collection":[{"href":"https:\/\/www.tourmusicfest.com\/es\/wp-json\/wp\/v2\/posts"}],"about":[{"href":"https:\/\/www.tourmusicfest.com\/es\/wp-json\/wp\/v2\/types\/post"}],"author":[{"embeddable":true,"href":"https:\/\/www.tourmusicfest.com\/es\/wp-json\/wp\/v2\/users\/3"}],"replies":[{"embeddable":true,"href":"https:\/\/www.tourmusicfest.com\/es\/wp-json\/wp\/v2\/comments?post=1376"}],"version-history":[{"count":8,"href":"https:\/\/www.tourmusicfest.com\/es\/wp-json\/wp\/v2\/posts\/1376\/revisions"}],"predecessor-version":[{"id":1401,"href":"https:\/\/www.tourmusicfest.com\/es\/wp-json\/wp\/v2\/posts\/1376\/revisions\/1401"}],"wp:featuredmedia":[{"embeddable":true,"href":"https:\/\/www.tourmusicfest.com\/es\/wp-json\/wp\/v2\/media\/1396"}],"wp:attachment":[{"href":"https:\/\/www.tourmusicfest.com\/es\/wp-json\/wp\/v2\/media?parent=1376"}],"wp:term":[{"taxonomy":"category","embeddable":true,"href":"https:\/\/www.tourmusicfest.com\/es\/wp-json\/wp\/v2\/categories?post=1376"},{"taxonomy":"post_tag","embeddable":true,"href":"https:\/\/www.tourmusicfest.com\/es\/wp-json\/wp\/v2\/tags?post=1376"}],"curies":[{"name":"wp","href":"https:\/\/api.w.org\/{rel}","templated":true}]}}