{"id":1326,"date":"2019-09-11T12:30:56","date_gmt":"2019-09-11T11:30:56","guid":{"rendered":"https:\/\/www.tourmusicfest.com\/es\/?p=1326"},"modified":"2019-09-30T14:06:06","modified_gmt":"2019-09-30T13:06:06","slug":"kara-dioguardi-directora-de-la-comision-artistica-europea-del-tour-music-fest","status":"publish","type":"post","link":"https:\/\/www.tourmusicfest.com\/es\/news\/kara-dioguardi-directora-de-la-comision-artistica-europea-del-tour-music-fest\/","title":{"rendered":"Kara Dioguardi: Directora de la Comisi\u00f3n Art\u00edstica Europea del Tour Music Fest"},"content":{"rendered":"<p><span style=\"font-weight: 400\">Kara Dioguardi, cantante, autora y productora discogr\u00e1fica americana mas veces nominada a los <strong>Grammy Awards<\/strong>, gracias a los temas escritos para artistas como <strong>Pink, Christina Aguilera, Bruno Mars<\/strong> y muchos mas, despu\u00e9s de su experiencia como jurado de dos ediciones de <strong>American Idol<\/strong>, ser\u00e1 la primera directora de la Comisi\u00f3n Art\u00edstica Europea por la final del Tour Music Fest 2019. (<\/span><a href=\"https:\/\/en.wikipedia.org\/wiki\/Kara_DioGuardi\"><span style=\"font-weight: 400\">https:\/\/en.wikipedia.org\/wiki\/Kara_DioGuardi<\/span><\/a><span style=\"font-weight: 400\">)\u00a0<\/span><\/p>\n<p><span style=\"font-weight: 400\">Nos alegramos y es un honor anunciar para esta duod\u00e9cima edici\u00f3n del Tour Music Fest, la presencia de Kara Dioguardi como primera Directora de la Comisi\u00f3n Artistica Europea del TMF a la final europea que tendr\u00e1 lugar el 7 de Diciembre en el Auditorium del Massimo en Roma.<\/span><\/p>\n<p><span style=\"font-weight: 400\">Aqu\u00ed su video mensaje con sus declaraciones<\/span><\/p>\n<div class=\"video-container\">\n<iframe title=\"Il videomessaggio di Kara Dioguardi: direttrice della Commissione Europea del Tour Music Fest\" width=\"500\" height=\"281\" src=\"https:\/\/www.youtube.com\/embed\/sOZ5pxGg7Ig?feature=oembed\" frameborder=\"0\" allow=\"accelerometer; autoplay; clipboard-write; encrypted-media; gyroscope; picture-in-picture; web-share\" referrerpolicy=\"strict-origin-when-cross-origin\" allowfullscreen><\/iframe>\n<\/div>\n<p><span style=\"font-weight: 400\">Kara es una cantante y productora americana, una artista a 360\u00b0: en su carrera recibi\u00f3 muchas nomination a los Grammy Awards y ha sido <strong>jueza de American Idol en la octava y novena edici\u00f3n del programa en la famosa cadena americana FOX<\/strong>. Ha escrito canciones para artistas de fama mundial como Anastacia, Christina Aguilera, Gwen Stefani, Avril Lavigne, Demi Lovato, Britney Spears, Hilary Duff, Pink, Kylie Minogue, Celine Dion, Natalie Imbruglia, Laura Pausini, Enrique Iglesias, Ricky Martin y Carlos Santana\u00a0 solo para mencionar algunos.<\/span><\/p>\n<p><span style=\"font-weight: 400\">\u201cTenemos que dar la gracia a Kara por su humildad, su energ\u00eda y su gana de sostener con nosotros la m\u00fasica emergente. Necesit\u00e1bamos de un gran profesional no europeo que pudiera coordinar la Comisi\u00f3n. La presencia de una artista como Kara Dioguardi a la direcci\u00f3n de la Comisi\u00f3n Art\u00edstica en la final europea del TMF es un gran honor y una confirma m\u00e1s de nuestro camino, que empez\u00f3 hace doce a\u00f1os, para sostener la m\u00fasica emergente.\u201d declar\u00f3 Gianluca Musso, director general del TMF, que continua: \u201cLa oportunidad de dar a nuestros artistas el talento, la profesionalidad y la experiencia de Kara, una figura siempre atenta al panorama musical de todo el mundo, es para nosotros un logro fundamental para ofrecer a nuestros artistas otro importante paso en sus crecimiento humano y art\u00edstico.\u201d\u00a0\u00a0\u00a0\u00a0\u00a0\u00a0\u00a0\u00a0<\/span><\/p>\n<p><span style=\"font-weight: 400\">Estamos impacientes de verla a la final del 7 Diciembre! Bienvenida Kara!<\/span><\/p>\n<p>&nbsp;<\/p>\n","protected":false},"excerpt":{"rendered":"<p>Kara Dioguardi, cantante, autora y productora discogr\u00e1fica americana mas veces nominada a los Grammy Awards, gracias a los temas escritos para artistas como Pink, Christina Aguilera, Bruno Mars y muchos mas, despu\u00e9s de su experiencia como jurado de dos ediciones de American Idol, ser\u00e1 la primera directora de la Comisi\u00f3n Art\u00edstica Europea por la final [&hellip;]<\/p>\n","protected":false},"author":4,"featured_media":1328,"comment_status":"closed","ping_status":"closed","sticky":false,"template":"","format":"standard","meta":{"_acf_changed":false,"footnotes":""},"categories":[4],"tags":[],"class_list":["post-1326","post","type-post","status-publish","format-standard","has-post-thumbnail","hentry","category-news"],"acf":[],"yoast_head":"<!-- This site is optimized with the Yoast SEO plugin v26.7 - https:\/\/yoast.com\/wordpress\/plugins\/seo\/ -->\n<title>Kara Dioguardi: Directora de la Comisi\u00f3n Art\u00edstica Europea del Tour Music Fest - ES - Tour Music Fest<\/title>\n<meta name=\"description\" content=\"Desde American Idol hasta el Tour Music Fest, la cantautora y productora americana ser\u00e1 presente a la Final Europea del Tour Music Fest.\" \/>\n<meta name=\"robots\" content=\"index, follow, max-snippet:-1, max-image-preview:large, max-video-preview:-1\" \/>\n<link rel=\"canonical\" href=\"https:\/\/www.tourmusicfest.com\/es\/news\/kara-dioguardi-directora-de-la-comision-artistica-europea-del-tour-music-fest\/\" \/>\n<meta property=\"og:locale\" content=\"es_ES\" \/>\n<meta property=\"og:type\" content=\"article\" \/>\n<meta property=\"og:title\" content=\"Kara Dioguardi: Directora de la Comisi\u00f3n Art\u00edstica Europea del Tour Music Fest - ES - Tour Music Fest\" \/>\n<meta property=\"og:description\" content=\"Desde American Idol hasta el Tour Music Fest, la cantautora y productora americana ser\u00e1 presente a la Final Europea del Tour Music Fest.\" \/>\n<meta property=\"og:url\" content=\"https:\/\/www.tourmusicfest.com\/es\/news\/kara-dioguardi-directora-de-la-comision-artistica-europea-del-tour-music-fest\/\" \/>\n<meta property=\"og:site_name\" content=\"ES - Tour Music Fest\" \/>\n<meta property=\"article:publisher\" content=\"https:\/\/facebook.com\/tourmusicfest\" \/>\n<meta property=\"article:published_time\" content=\"2019-09-11T11:30:56+00:00\" \/>\n<meta property=\"article:modified_time\" content=\"2019-09-30T13:06:06+00:00\" \/>\n<meta property=\"og:image\" content=\"https:\/\/www.tourmusicfest.com\/es\/files\/2019\/09\/PHOTO-2019-09-10-15-14-32.jpg\" \/>\n\t<meta property=\"og:image:width\" content=\"1600\" \/>\n\t<meta property=\"og:image:height\" content=\"900\" \/>\n\t<meta property=\"og:image:type\" content=\"image\/jpeg\" \/>\n<meta name=\"author\" content=\"tmfspain\" \/>\n<meta name=\"twitter:card\" content=\"summary_large_image\" \/>\n<meta name=\"twitter:label1\" content=\"Escrito por\" \/>\n\t<meta name=\"twitter:data1\" content=\"tmfspain\" \/>\n\t<meta name=\"twitter:label2\" content=\"Tiempo de lectura\" \/>\n\t<meta name=\"twitter:data2\" content=\"2 minutos\" \/>\n<script type=\"application\/ld+json\" class=\"yoast-schema-graph\">{\"@context\":\"https:\/\/schema.org\",\"@graph\":[{\"@type\":\"Article\",\"@id\":\"https:\/\/www.tourmusicfest.com\/es\/news\/kara-dioguardi-directora-de-la-comision-artistica-europea-del-tour-music-fest\/#article\",\"isPartOf\":{\"@id\":\"https:\/\/www.tourmusicfest.com\/es\/news\/kara-dioguardi-directora-de-la-comision-artistica-europea-del-tour-music-fest\/\"},\"author\":{\"name\":\"tmfspain\",\"@id\":\"https:\/\/www.tourmusicfest.com\/es\/#\/schema\/person\/64bea0c412d4adc122f35afb6677fd21\"},\"headline\":\"Kara Dioguardi: Directora de la Comisi\u00f3n Art\u00edstica Europea del Tour Music Fest\",\"datePublished\":\"2019-09-11T11:30:56+00:00\",\"dateModified\":\"2019-09-30T13:06:06+00:00\",\"mainEntityOfPage\":{\"@id\":\"https:\/\/www.tourmusicfest.com\/es\/news\/kara-dioguardi-directora-de-la-comision-artistica-europea-del-tour-music-fest\/\"},\"wordCount\":386,\"publisher\":{\"@id\":\"https:\/\/www.tourmusicfest.com\/es\/#organization\"},\"image\":{\"@id\":\"https:\/\/www.tourmusicfest.com\/es\/news\/kara-dioguardi-directora-de-la-comision-artistica-europea-del-tour-music-fest\/#primaryimage\"},\"thumbnailUrl\":\"https:\/\/www.tourmusicfest.com\/es\/files\/2019\/09\/PHOTO-2019-09-10-15-14-32.jpg\",\"articleSection\":[\"News\"],\"inLanguage\":\"es\"},{\"@type\":\"WebPage\",\"@id\":\"https:\/\/www.tourmusicfest.com\/es\/news\/kara-dioguardi-directora-de-la-comision-artistica-europea-del-tour-music-fest\/\",\"url\":\"https:\/\/www.tourmusicfest.com\/es\/news\/kara-dioguardi-directora-de-la-comision-artistica-europea-del-tour-music-fest\/\",\"name\":\"Kara Dioguardi: Directora de la Comisi\u00f3n Art\u00edstica Europea del Tour Music Fest - ES - Tour Music Fest\",\"isPartOf\":{\"@id\":\"https:\/\/www.tourmusicfest.com\/es\/#website\"},\"primaryImageOfPage\":{\"@id\":\"https:\/\/www.tourmusicfest.com\/es\/news\/kara-dioguardi-directora-de-la-comision-artistica-europea-del-tour-music-fest\/#primaryimage\"},\"image\":{\"@id\":\"https:\/\/www.tourmusicfest.com\/es\/news\/kara-dioguardi-directora-de-la-comision-artistica-europea-del-tour-music-fest\/#primaryimage\"},\"thumbnailUrl\":\"https:\/\/www.tourmusicfest.com\/es\/files\/2019\/09\/PHOTO-2019-09-10-15-14-32.jpg\",\"datePublished\":\"2019-09-11T11:30:56+00:00\",\"dateModified\":\"2019-09-30T13:06:06+00:00\",\"description\":\"Desde American Idol hasta el Tour Music Fest, la cantautora y productora americana ser\u00e1 presente a la Final Europea del Tour Music Fest.\",\"breadcrumb\":{\"@id\":\"https:\/\/www.tourmusicfest.com\/es\/news\/kara-dioguardi-directora-de-la-comision-artistica-europea-del-tour-music-fest\/#breadcrumb\"},\"inLanguage\":\"es\",\"potentialAction\":[{\"@type\":\"ReadAction\",\"target\":[\"https:\/\/www.tourmusicfest.com\/es\/news\/kara-dioguardi-directora-de-la-comision-artistica-europea-del-tour-music-fest\/\"]}]},{\"@type\":\"ImageObject\",\"inLanguage\":\"es\",\"@id\":\"https:\/\/www.tourmusicfest.com\/es\/news\/kara-dioguardi-directora-de-la-comision-artistica-europea-del-tour-music-fest\/#primaryimage\",\"url\":\"https:\/\/www.tourmusicfest.com\/es\/files\/2019\/09\/PHOTO-2019-09-10-15-14-32.jpg\",\"contentUrl\":\"https:\/\/www.tourmusicfest.com\/es\/files\/2019\/09\/PHOTO-2019-09-10-15-14-32.jpg\",\"width\":1600,\"height\":900},{\"@type\":\"BreadcrumbList\",\"@id\":\"https:\/\/www.tourmusicfest.com\/es\/news\/kara-dioguardi-directora-de-la-comision-artistica-europea-del-tour-music-fest\/#breadcrumb\",\"itemListElement\":[{\"@type\":\"ListItem\",\"position\":1,\"name\":\"Home\",\"item\":\"https:\/\/www.tourmusicfest.com\/es\/\"},{\"@type\":\"ListItem\",\"position\":2,\"name\":\"Kara Dioguardi: Directora de la Comisi\u00f3n Art\u00edstica Europea del Tour Music Fest\"}]},{\"@type\":\"WebSite\",\"@id\":\"https:\/\/www.tourmusicfest.com\/es\/#website\",\"url\":\"https:\/\/www.tourmusicfest.com\/es\/\",\"name\":\"Tour Music Fest - ES\",\"description\":\"The European Music Contest\",\"publisher\":{\"@id\":\"https:\/\/www.tourmusicfest.com\/es\/#organization\"},\"potentialAction\":[{\"@type\":\"SearchAction\",\"target\":{\"@type\":\"EntryPoint\",\"urlTemplate\":\"https:\/\/www.tourmusicfest.com\/es\/?s={search_term_string}\"},\"query-input\":{\"@type\":\"PropertyValueSpecification\",\"valueRequired\":true,\"valueName\":\"search_term_string\"}}],\"inLanguage\":\"es\"},{\"@type\":\"Organization\",\"@id\":\"https:\/\/www.tourmusicfest.com\/es\/#organization\",\"name\":\"ES - Tour Music Fest\",\"url\":\"https:\/\/www.tourmusicfest.com\/es\/\",\"logo\":{\"@type\":\"ImageObject\",\"inLanguage\":\"es\",\"@id\":\"https:\/\/www.tourmusicfest.com\/es\/#\/schema\/logo\/image\/\",\"url\":\"https:\/\/www.tourmusicfest.com\/es\/files\/2024\/04\/Brand-TMF-grey.png\",\"contentUrl\":\"https:\/\/www.tourmusicfest.com\/es\/files\/2024\/04\/Brand-TMF-grey.png\",\"width\":1181,\"height\":875,\"caption\":\"ES - Tour Music Fest\"},\"image\":{\"@id\":\"https:\/\/www.tourmusicfest.com\/es\/#\/schema\/logo\/image\/\"},\"sameAs\":[\"https:\/\/facebook.com\/tourmusicfest\",\"https:\/\/instagram.com\/tourmusicfest\"]},{\"@type\":\"Person\",\"@id\":\"https:\/\/www.tourmusicfest.com\/es\/#\/schema\/person\/64bea0c412d4adc122f35afb6677fd21\",\"name\":\"tmfspain\",\"image\":{\"@type\":\"ImageObject\",\"inLanguage\":\"es\",\"@id\":\"https:\/\/www.tourmusicfest.com\/es\/#\/schema\/person\/image\/\",\"url\":\"https:\/\/secure.gravatar.com\/avatar\/d568fa3b5215b3b0d2217b913f861afc2bbca96536514906e604a82283fc9b50?s=96&d=mm&r=g\",\"contentUrl\":\"https:\/\/secure.gravatar.com\/avatar\/d568fa3b5215b3b0d2217b913f861afc2bbca96536514906e604a82283fc9b50?s=96&d=mm&r=g\",\"caption\":\"tmfspain\"},\"url\":\"https:\/\/www.tourmusicfest.com\/es\/author\/tmfspain\/\"}]}<\/script>\n<!-- \/ Yoast SEO plugin. -->","yoast_head_json":{"title":"Kara Dioguardi: Directora de la Comisi\u00f3n Art\u00edstica Europea del Tour Music Fest - ES - Tour Music Fest","description":"Desde American Idol hasta el Tour Music Fest, la cantautora y productora americana ser\u00e1 presente a la Final Europea del Tour Music Fest.","robots":{"index":"index","follow":"follow","max-snippet":"max-snippet:-1","max-image-preview":"max-image-preview:large","max-video-preview":"max-video-preview:-1"},"canonical":"https:\/\/www.tourmusicfest.com\/es\/news\/kara-dioguardi-directora-de-la-comision-artistica-europea-del-tour-music-fest\/","og_locale":"es_ES","og_type":"article","og_title":"Kara Dioguardi: Directora de la Comisi\u00f3n Art\u00edstica Europea del Tour Music Fest - ES - Tour Music Fest","og_description":"Desde American Idol hasta el Tour Music Fest, la cantautora y productora americana ser\u00e1 presente a la Final Europea del Tour Music Fest.","og_url":"https:\/\/www.tourmusicfest.com\/es\/news\/kara-dioguardi-directora-de-la-comision-artistica-europea-del-tour-music-fest\/","og_site_name":"ES - Tour Music Fest","article_publisher":"https:\/\/facebook.com\/tourmusicfest","article_published_time":"2019-09-11T11:30:56+00:00","article_modified_time":"2019-09-30T13:06:06+00:00","og_image":[{"width":1600,"height":900,"url":"https:\/\/www.tourmusicfest.com\/es\/files\/2019\/09\/PHOTO-2019-09-10-15-14-32.jpg","type":"image\/jpeg"}],"author":"tmfspain","twitter_card":"summary_large_image","twitter_misc":{"Escrito por":"tmfspain","Tiempo de lectura":"2 minutos"},"schema":{"@context":"https:\/\/schema.org","@graph":[{"@type":"Article","@id":"https:\/\/www.tourmusicfest.com\/es\/news\/kara-dioguardi-directora-de-la-comision-artistica-europea-del-tour-music-fest\/#article","isPartOf":{"@id":"https:\/\/www.tourmusicfest.com\/es\/news\/kara-dioguardi-directora-de-la-comision-artistica-europea-del-tour-music-fest\/"},"author":{"name":"tmfspain","@id":"https:\/\/www.tourmusicfest.com\/es\/#\/schema\/person\/64bea0c412d4adc122f35afb6677fd21"},"headline":"Kara Dioguardi: Directora de la Comisi\u00f3n Art\u00edstica Europea del Tour Music Fest","datePublished":"2019-09-11T11:30:56+00:00","dateModified":"2019-09-30T13:06:06+00:00","mainEntityOfPage":{"@id":"https:\/\/www.tourmusicfest.com\/es\/news\/kara-dioguardi-directora-de-la-comision-artistica-europea-del-tour-music-fest\/"},"wordCount":386,"publisher":{"@id":"https:\/\/www.tourmusicfest.com\/es\/#organization"},"image":{"@id":"https:\/\/www.tourmusicfest.com\/es\/news\/kara-dioguardi-directora-de-la-comision-artistica-europea-del-tour-music-fest\/#primaryimage"},"thumbnailUrl":"https:\/\/www.tourmusicfest.com\/es\/files\/2019\/09\/PHOTO-2019-09-10-15-14-32.jpg","articleSection":["News"],"inLanguage":"es"},{"@type":"WebPage","@id":"https:\/\/www.tourmusicfest.com\/es\/news\/kara-dioguardi-directora-de-la-comision-artistica-europea-del-tour-music-fest\/","url":"https:\/\/www.tourmusicfest.com\/es\/news\/kara-dioguardi-directora-de-la-comision-artistica-europea-del-tour-music-fest\/","name":"Kara Dioguardi: Directora de la Comisi\u00f3n Art\u00edstica Europea del Tour Music Fest - ES - Tour Music Fest","isPartOf":{"@id":"https:\/\/www.tourmusicfest.com\/es\/#website"},"primaryImageOfPage":{"@id":"https:\/\/www.tourmusicfest.com\/es\/news\/kara-dioguardi-directora-de-la-comision-artistica-europea-del-tour-music-fest\/#primaryimage"},"image":{"@id":"https:\/\/www.tourmusicfest.com\/es\/news\/kara-dioguardi-directora-de-la-comision-artistica-europea-del-tour-music-fest\/#primaryimage"},"thumbnailUrl":"https:\/\/www.tourmusicfest.com\/es\/files\/2019\/09\/PHOTO-2019-09-10-15-14-32.jpg","datePublished":"2019-09-11T11:30:56+00:00","dateModified":"2019-09-30T13:06:06+00:00","description":"Desde American Idol hasta el Tour Music Fest, la cantautora y productora americana ser\u00e1 presente a la Final Europea del Tour Music Fest.","breadcrumb":{"@id":"https:\/\/www.tourmusicfest.com\/es\/news\/kara-dioguardi-directora-de-la-comision-artistica-europea-del-tour-music-fest\/#breadcrumb"},"inLanguage":"es","potentialAction":[{"@type":"ReadAction","target":["https:\/\/www.tourmusicfest.com\/es\/news\/kara-dioguardi-directora-de-la-comision-artistica-europea-del-tour-music-fest\/"]}]},{"@type":"ImageObject","inLanguage":"es","@id":"https:\/\/www.tourmusicfest.com\/es\/news\/kara-dioguardi-directora-de-la-comision-artistica-europea-del-tour-music-fest\/#primaryimage","url":"https:\/\/www.tourmusicfest.com\/es\/files\/2019\/09\/PHOTO-2019-09-10-15-14-32.jpg","contentUrl":"https:\/\/www.tourmusicfest.com\/es\/files\/2019\/09\/PHOTO-2019-09-10-15-14-32.jpg","width":1600,"height":900},{"@type":"BreadcrumbList","@id":"https:\/\/www.tourmusicfest.com\/es\/news\/kara-dioguardi-directora-de-la-comision-artistica-europea-del-tour-music-fest\/#breadcrumb","itemListElement":[{"@type":"ListItem","position":1,"name":"Home","item":"https:\/\/www.tourmusicfest.com\/es\/"},{"@type":"ListItem","position":2,"name":"Kara Dioguardi: Directora de la Comisi\u00f3n Art\u00edstica Europea del Tour Music Fest"}]},{"@type":"WebSite","@id":"https:\/\/www.tourmusicfest.com\/es\/#website","url":"https:\/\/www.tourmusicfest.com\/es\/","name":"Tour Music Fest - ES","description":"The European Music Contest","publisher":{"@id":"https:\/\/www.tourmusicfest.com\/es\/#organization"},"potentialAction":[{"@type":"SearchAction","target":{"@type":"EntryPoint","urlTemplate":"https:\/\/www.tourmusicfest.com\/es\/?s={search_term_string}"},"query-input":{"@type":"PropertyValueSpecification","valueRequired":true,"valueName":"search_term_string"}}],"inLanguage":"es"},{"@type":"Organization","@id":"https:\/\/www.tourmusicfest.com\/es\/#organization","name":"ES - Tour Music Fest","url":"https:\/\/www.tourmusicfest.com\/es\/","logo":{"@type":"ImageObject","inLanguage":"es","@id":"https:\/\/www.tourmusicfest.com\/es\/#\/schema\/logo\/image\/","url":"https:\/\/www.tourmusicfest.com\/es\/files\/2024\/04\/Brand-TMF-grey.png","contentUrl":"https:\/\/www.tourmusicfest.com\/es\/files\/2024\/04\/Brand-TMF-grey.png","width":1181,"height":875,"caption":"ES - Tour Music Fest"},"image":{"@id":"https:\/\/www.tourmusicfest.com\/es\/#\/schema\/logo\/image\/"},"sameAs":["https:\/\/facebook.com\/tourmusicfest","https:\/\/instagram.com\/tourmusicfest"]},{"@type":"Person","@id":"https:\/\/www.tourmusicfest.com\/es\/#\/schema\/person\/64bea0c412d4adc122f35afb6677fd21","name":"tmfspain","image":{"@type":"ImageObject","inLanguage":"es","@id":"https:\/\/www.tourmusicfest.com\/es\/#\/schema\/person\/image\/","url":"https:\/\/secure.gravatar.com\/avatar\/d568fa3b5215b3b0d2217b913f861afc2bbca96536514906e604a82283fc9b50?s=96&d=mm&r=g","contentUrl":"https:\/\/secure.gravatar.com\/avatar\/d568fa3b5215b3b0d2217b913f861afc2bbca96536514906e604a82283fc9b50?s=96&d=mm&r=g","caption":"tmfspain"},"url":"https:\/\/www.tourmusicfest.com\/es\/author\/tmfspain\/"}]}},"_links":{"self":[{"href":"https:\/\/www.tourmusicfest.com\/es\/wp-json\/wp\/v2\/posts\/1326","targetHints":{"allow":["GET"]}}],"collection":[{"href":"https:\/\/www.tourmusicfest.com\/es\/wp-json\/wp\/v2\/posts"}],"about":[{"href":"https:\/\/www.tourmusicfest.com\/es\/wp-json\/wp\/v2\/types\/post"}],"author":[{"embeddable":true,"href":"https:\/\/www.tourmusicfest.com\/es\/wp-json\/wp\/v2\/users\/4"}],"replies":[{"embeddable":true,"href":"https:\/\/www.tourmusicfest.com\/es\/wp-json\/wp\/v2\/comments?post=1326"}],"version-history":[{"count":6,"href":"https:\/\/www.tourmusicfest.com\/es\/wp-json\/wp\/v2\/posts\/1326\/revisions"}],"predecessor-version":[{"id":1336,"href":"https:\/\/www.tourmusicfest.com\/es\/wp-json\/wp\/v2\/posts\/1326\/revisions\/1336"}],"wp:featuredmedia":[{"embeddable":true,"href":"https:\/\/www.tourmusicfest.com\/es\/wp-json\/wp\/v2\/media\/1328"}],"wp:attachment":[{"href":"https:\/\/www.tourmusicfest.com\/es\/wp-json\/wp\/v2\/media?parent=1326"}],"wp:term":[{"taxonomy":"category","embeddable":true,"href":"https:\/\/www.tourmusicfest.com\/es\/wp-json\/wp\/v2\/categories?post=1326"},{"taxonomy":"post_tag","embeddable":true,"href":"https:\/\/www.tourmusicfest.com\/es\/wp-json\/wp\/v2\/tags?post=1326"}],"curies":[{"name":"wp","href":"https:\/\/api.w.org\/{rel}","templated":true}]}}