{"id":1306,"date":"2019-09-04T13:11:20","date_gmt":"2019-09-04T12:11:20","guid":{"rendered":"https:\/\/www.tourmusicfest.com\/es\/?p=1306"},"modified":"2019-09-30T14:13:40","modified_gmt":"2019-09-30T13:13:40","slug":"fechas-oficiales-tmf-2019","status":"publish","type":"post","link":"https:\/\/www.tourmusicfest.com\/es\/news\/fechas-oficiales-tmf-2019\/","title":{"rendered":"On line las fechas oficiales de las Finales Nacionales del Tour Music Fest"},"content":{"rendered":"<p>El Tour Music Fest, el primero concurso europeo dedicado a la m\u00fasica emergente que por su duod\u00e9cima edici\u00f3n visitar\u00e1 5 Pa\u00edses, Italia, Espa\u00f1a, Reino Unido, Malta y Suiza, se complace de anunciar las fechas de las Finales Nacionales que tendr\u00e1n lugar en Italia, Espa\u00f1a, Malta, Reino Unido y Suiza.<\/p>\n<p>\u201cPara la nueva edici\u00f3n del Tour Music Fest, estamos trabajando lo mejor que pudimos, as\u00ed que la experiencia sea cada vez m\u00e1s \u00fatil y constructiva para los artistas participantes. Hemos dado vida a una partnership aun m\u00e1s fuerte con Berklee \u2013\u00a0 College of Music para ofrecer una educaci\u00f3n musical de nivel m\u00e1s alto y visitaremos nuevas ciudades, para estar siempre m\u00e1s cerca a los artistas emergente de toda Europa.\u201d <b>declar\u00f3 Gianluca Musso, Director General del TMF.<\/b> <span class=\"Apple-converted-space\">\u00a0<\/span><\/p>\n<p>La duod\u00e9cima edici\u00f3n del Tour Music Fest empez\u00f3 su viaje en Mayo en Roma buscando los mejores talentos emergentes en el escenario musical europeo, desde los cantautores a los interpretes, desde los raperos a los DJ, desde las bandas originales a las bandas metal.<br \/>\nAqu\u00ed las fechas de las finales nacionales por Italia, Reino Unido, Malta, Espa\u00f1a y Suiza:<\/p>\n<p>&nbsp;<\/p>\n<ul>\n<li><strong>REINO UNIDO:<br \/>\n<\/strong><strong>Londres, 9 Octubre<\/strong><\/li>\n<\/ul>\n<ul>\n<li><strong>ESPANA:<br \/>\n<\/strong><strong>Alicante, 17 Octubre<br \/>\n<\/strong><strong>Madrid, 19-20 Octubre<\/strong><\/li>\n<\/ul>\n<ul>\n<li><strong>MALTA:<br \/>\n<\/strong><strong><strong>La Valeta, 10 Noviembre<\/strong><\/strong><\/li>\n<li><strong>SUIZA:<br \/>\n<\/strong><strong>Biasca, 17 Noviembre<\/strong><\/li>\n<li><strong>ITALIA:<br \/>\n<\/strong><strong>Roma, 22-23-24 Noviembre <\/strong><\/li>\n<\/ul>\n<p>&nbsp;<\/p>\n<p>La convocaci\u00f3n oficial ser\u00e1 enviada a los artistas participantes por correo 18 dias antes de la fecha.<\/p>\n<p>&nbsp;<\/p>\n<p>Sigan conectados por todas las novedades!<\/p>\n","protected":false},"excerpt":{"rendered":"<p>El Tour Music Fest, el primero concurso europeo dedicado a la m\u00fasica emergente que por su duod\u00e9cima edici\u00f3n visitar\u00e1 5 Pa\u00edses, Italia, Espa\u00f1a, Reino Unido, Malta y Suiza, se complace de anunciar las fechas de las Finales Nacionales que tendr\u00e1n lugar en Italia, Espa\u00f1a, Malta, Reino Unido y Suiza. \u201cPara la nueva edici\u00f3n del Tour [&hellip;]<\/p>\n","protected":false},"author":4,"featured_media":1307,"comment_status":"closed","ping_status":"closed","sticky":false,"template":"","format":"standard","meta":{"_acf_changed":false,"footnotes":""},"categories":[4],"tags":[],"class_list":["post-1306","post","type-post","status-publish","format-standard","has-post-thumbnail","hentry","category-news"],"acf":[],"yoast_head":"<!-- This site is optimized with the Yoast SEO plugin v26.7 - https:\/\/yoast.com\/wordpress\/plugins\/seo\/ -->\n<title>On line las fechas oficiales de las Finales Nacionales del Tour Music Fest - ES - Tour Music Fest<\/title>\n<meta name=\"description\" content=\"On line las fechas de las Finales Nacionales de la duod\u00e9cima edici\u00f3n del Tour Music Fest Italia, Espa\u00f1a, Reino Unido y Suiza.\" \/>\n<meta name=\"robots\" content=\"index, follow, max-snippet:-1, max-image-preview:large, max-video-preview:-1\" \/>\n<link rel=\"canonical\" href=\"https:\/\/www.tourmusicfest.com\/es\/news\/fechas-oficiales-tmf-2019\/\" \/>\n<meta property=\"og:locale\" content=\"es_ES\" \/>\n<meta property=\"og:type\" content=\"article\" \/>\n<meta property=\"og:title\" content=\"On line las fechas oficiales de las Finales Nacionales del Tour Music Fest - ES - Tour Music Fest\" \/>\n<meta property=\"og:description\" content=\"On line las fechas de las Finales Nacionales de la duod\u00e9cima edici\u00f3n del Tour Music Fest Italia, Espa\u00f1a, Reino Unido y Suiza.\" \/>\n<meta property=\"og:url\" content=\"https:\/\/www.tourmusicfest.com\/es\/news\/fechas-oficiales-tmf-2019\/\" \/>\n<meta property=\"og:site_name\" content=\"ES - Tour Music Fest\" \/>\n<meta property=\"article:publisher\" content=\"https:\/\/facebook.com\/tourmusicfest\" \/>\n<meta property=\"article:published_time\" content=\"2019-09-04T12:11:20+00:00\" \/>\n<meta property=\"article:modified_time\" content=\"2019-09-30T13:13:40+00:00\" \/>\n<meta property=\"og:image\" content=\"https:\/\/www.tourmusicfest.com\/es\/files\/2019\/09\/PHOTO-2019-09-04-13-32-27.jpg\" \/>\n\t<meta property=\"og:image:width\" content=\"1200\" \/>\n\t<meta property=\"og:image:height\" content=\"620\" \/>\n\t<meta property=\"og:image:type\" content=\"image\/jpeg\" \/>\n<meta name=\"author\" content=\"tmfspain\" \/>\n<meta name=\"twitter:card\" content=\"summary_large_image\" \/>\n<meta name=\"twitter:label1\" content=\"Escrito por\" \/>\n\t<meta name=\"twitter:data1\" content=\"tmfspain\" \/>\n\t<meta name=\"twitter:label2\" content=\"Tiempo de lectura\" \/>\n\t<meta name=\"twitter:data2\" content=\"1 minuto\" \/>\n<script type=\"application\/ld+json\" class=\"yoast-schema-graph\">{\"@context\":\"https:\/\/schema.org\",\"@graph\":[{\"@type\":\"Article\",\"@id\":\"https:\/\/www.tourmusicfest.com\/es\/news\/fechas-oficiales-tmf-2019\/#article\",\"isPartOf\":{\"@id\":\"https:\/\/www.tourmusicfest.com\/es\/news\/fechas-oficiales-tmf-2019\/\"},\"author\":{\"name\":\"tmfspain\",\"@id\":\"https:\/\/www.tourmusicfest.com\/es\/#\/schema\/person\/64bea0c412d4adc122f35afb6677fd21\"},\"headline\":\"On line las fechas oficiales de las Finales Nacionales del Tour Music Fest\",\"datePublished\":\"2019-09-04T12:11:20+00:00\",\"dateModified\":\"2019-09-30T13:13:40+00:00\",\"mainEntityOfPage\":{\"@id\":\"https:\/\/www.tourmusicfest.com\/es\/news\/fechas-oficiales-tmf-2019\/\"},\"wordCount\":259,\"publisher\":{\"@id\":\"https:\/\/www.tourmusicfest.com\/es\/#organization\"},\"image\":{\"@id\":\"https:\/\/www.tourmusicfest.com\/es\/news\/fechas-oficiales-tmf-2019\/#primaryimage\"},\"thumbnailUrl\":\"https:\/\/www.tourmusicfest.com\/es\/files\/2019\/09\/PHOTO-2019-09-04-13-32-27.jpg\",\"articleSection\":[\"News\"],\"inLanguage\":\"es\"},{\"@type\":\"WebPage\",\"@id\":\"https:\/\/www.tourmusicfest.com\/es\/news\/fechas-oficiales-tmf-2019\/\",\"url\":\"https:\/\/www.tourmusicfest.com\/es\/news\/fechas-oficiales-tmf-2019\/\",\"name\":\"On line las fechas oficiales de las Finales Nacionales del Tour Music Fest - ES - Tour Music Fest\",\"isPartOf\":{\"@id\":\"https:\/\/www.tourmusicfest.com\/es\/#website\"},\"primaryImageOfPage\":{\"@id\":\"https:\/\/www.tourmusicfest.com\/es\/news\/fechas-oficiales-tmf-2019\/#primaryimage\"},\"image\":{\"@id\":\"https:\/\/www.tourmusicfest.com\/es\/news\/fechas-oficiales-tmf-2019\/#primaryimage\"},\"thumbnailUrl\":\"https:\/\/www.tourmusicfest.com\/es\/files\/2019\/09\/PHOTO-2019-09-04-13-32-27.jpg\",\"datePublished\":\"2019-09-04T12:11:20+00:00\",\"dateModified\":\"2019-09-30T13:13:40+00:00\",\"description\":\"On line las fechas de las Finales Nacionales de la duod\u00e9cima edici\u00f3n del Tour Music Fest Italia, Espa\u00f1a, Reino Unido y Suiza.\",\"breadcrumb\":{\"@id\":\"https:\/\/www.tourmusicfest.com\/es\/news\/fechas-oficiales-tmf-2019\/#breadcrumb\"},\"inLanguage\":\"es\",\"potentialAction\":[{\"@type\":\"ReadAction\",\"target\":[\"https:\/\/www.tourmusicfest.com\/es\/news\/fechas-oficiales-tmf-2019\/\"]}]},{\"@type\":\"ImageObject\",\"inLanguage\":\"es\",\"@id\":\"https:\/\/www.tourmusicfest.com\/es\/news\/fechas-oficiales-tmf-2019\/#primaryimage\",\"url\":\"https:\/\/www.tourmusicfest.com\/es\/files\/2019\/09\/PHOTO-2019-09-04-13-32-27.jpg\",\"contentUrl\":\"https:\/\/www.tourmusicfest.com\/es\/files\/2019\/09\/PHOTO-2019-09-04-13-32-27.jpg\",\"width\":1200,\"height\":620},{\"@type\":\"BreadcrumbList\",\"@id\":\"https:\/\/www.tourmusicfest.com\/es\/news\/fechas-oficiales-tmf-2019\/#breadcrumb\",\"itemListElement\":[{\"@type\":\"ListItem\",\"position\":1,\"name\":\"Home\",\"item\":\"https:\/\/www.tourmusicfest.com\/es\/\"},{\"@type\":\"ListItem\",\"position\":2,\"name\":\"On line las fechas oficiales de las Finales Nacionales del Tour Music Fest\"}]},{\"@type\":\"WebSite\",\"@id\":\"https:\/\/www.tourmusicfest.com\/es\/#website\",\"url\":\"https:\/\/www.tourmusicfest.com\/es\/\",\"name\":\"Tour Music Fest - ES\",\"description\":\"The European Music Contest\",\"publisher\":{\"@id\":\"https:\/\/www.tourmusicfest.com\/es\/#organization\"},\"potentialAction\":[{\"@type\":\"SearchAction\",\"target\":{\"@type\":\"EntryPoint\",\"urlTemplate\":\"https:\/\/www.tourmusicfest.com\/es\/?s={search_term_string}\"},\"query-input\":{\"@type\":\"PropertyValueSpecification\",\"valueRequired\":true,\"valueName\":\"search_term_string\"}}],\"inLanguage\":\"es\"},{\"@type\":\"Organization\",\"@id\":\"https:\/\/www.tourmusicfest.com\/es\/#organization\",\"name\":\"ES - Tour Music Fest\",\"url\":\"https:\/\/www.tourmusicfest.com\/es\/\",\"logo\":{\"@type\":\"ImageObject\",\"inLanguage\":\"es\",\"@id\":\"https:\/\/www.tourmusicfest.com\/es\/#\/schema\/logo\/image\/\",\"url\":\"https:\/\/www.tourmusicfest.com\/es\/files\/2024\/04\/Brand-TMF-grey.png\",\"contentUrl\":\"https:\/\/www.tourmusicfest.com\/es\/files\/2024\/04\/Brand-TMF-grey.png\",\"width\":1181,\"height\":875,\"caption\":\"ES - Tour Music Fest\"},\"image\":{\"@id\":\"https:\/\/www.tourmusicfest.com\/es\/#\/schema\/logo\/image\/\"},\"sameAs\":[\"https:\/\/facebook.com\/tourmusicfest\",\"https:\/\/instagram.com\/tourmusicfest\"]},{\"@type\":\"Person\",\"@id\":\"https:\/\/www.tourmusicfest.com\/es\/#\/schema\/person\/64bea0c412d4adc122f35afb6677fd21\",\"name\":\"tmfspain\",\"image\":{\"@type\":\"ImageObject\",\"inLanguage\":\"es\",\"@id\":\"https:\/\/www.tourmusicfest.com\/es\/#\/schema\/person\/image\/\",\"url\":\"https:\/\/secure.gravatar.com\/avatar\/d568fa3b5215b3b0d2217b913f861afc2bbca96536514906e604a82283fc9b50?s=96&d=mm&r=g\",\"contentUrl\":\"https:\/\/secure.gravatar.com\/avatar\/d568fa3b5215b3b0d2217b913f861afc2bbca96536514906e604a82283fc9b50?s=96&d=mm&r=g\",\"caption\":\"tmfspain\"},\"url\":\"https:\/\/www.tourmusicfest.com\/es\/author\/tmfspain\/\"}]}<\/script>\n<!-- \/ Yoast SEO plugin. -->","yoast_head_json":{"title":"On line las fechas oficiales de las Finales Nacionales del Tour Music Fest - ES - Tour Music Fest","description":"On line las fechas de las Finales Nacionales de la duod\u00e9cima edici\u00f3n del Tour Music Fest Italia, Espa\u00f1a, Reino Unido y Suiza.","robots":{"index":"index","follow":"follow","max-snippet":"max-snippet:-1","max-image-preview":"max-image-preview:large","max-video-preview":"max-video-preview:-1"},"canonical":"https:\/\/www.tourmusicfest.com\/es\/news\/fechas-oficiales-tmf-2019\/","og_locale":"es_ES","og_type":"article","og_title":"On line las fechas oficiales de las Finales Nacionales del Tour Music Fest - ES - Tour Music Fest","og_description":"On line las fechas de las Finales Nacionales de la duod\u00e9cima edici\u00f3n del Tour Music Fest Italia, Espa\u00f1a, Reino Unido y Suiza.","og_url":"https:\/\/www.tourmusicfest.com\/es\/news\/fechas-oficiales-tmf-2019\/","og_site_name":"ES - Tour Music Fest","article_publisher":"https:\/\/facebook.com\/tourmusicfest","article_published_time":"2019-09-04T12:11:20+00:00","article_modified_time":"2019-09-30T13:13:40+00:00","og_image":[{"width":1200,"height":620,"url":"https:\/\/www.tourmusicfest.com\/es\/files\/2019\/09\/PHOTO-2019-09-04-13-32-27.jpg","type":"image\/jpeg"}],"author":"tmfspain","twitter_card":"summary_large_image","twitter_misc":{"Escrito por":"tmfspain","Tiempo de lectura":"1 minuto"},"schema":{"@context":"https:\/\/schema.org","@graph":[{"@type":"Article","@id":"https:\/\/www.tourmusicfest.com\/es\/news\/fechas-oficiales-tmf-2019\/#article","isPartOf":{"@id":"https:\/\/www.tourmusicfest.com\/es\/news\/fechas-oficiales-tmf-2019\/"},"author":{"name":"tmfspain","@id":"https:\/\/www.tourmusicfest.com\/es\/#\/schema\/person\/64bea0c412d4adc122f35afb6677fd21"},"headline":"On line las fechas oficiales de las Finales Nacionales del Tour Music Fest","datePublished":"2019-09-04T12:11:20+00:00","dateModified":"2019-09-30T13:13:40+00:00","mainEntityOfPage":{"@id":"https:\/\/www.tourmusicfest.com\/es\/news\/fechas-oficiales-tmf-2019\/"},"wordCount":259,"publisher":{"@id":"https:\/\/www.tourmusicfest.com\/es\/#organization"},"image":{"@id":"https:\/\/www.tourmusicfest.com\/es\/news\/fechas-oficiales-tmf-2019\/#primaryimage"},"thumbnailUrl":"https:\/\/www.tourmusicfest.com\/es\/files\/2019\/09\/PHOTO-2019-09-04-13-32-27.jpg","articleSection":["News"],"inLanguage":"es"},{"@type":"WebPage","@id":"https:\/\/www.tourmusicfest.com\/es\/news\/fechas-oficiales-tmf-2019\/","url":"https:\/\/www.tourmusicfest.com\/es\/news\/fechas-oficiales-tmf-2019\/","name":"On line las fechas oficiales de las Finales Nacionales del Tour Music Fest - ES - Tour Music Fest","isPartOf":{"@id":"https:\/\/www.tourmusicfest.com\/es\/#website"},"primaryImageOfPage":{"@id":"https:\/\/www.tourmusicfest.com\/es\/news\/fechas-oficiales-tmf-2019\/#primaryimage"},"image":{"@id":"https:\/\/www.tourmusicfest.com\/es\/news\/fechas-oficiales-tmf-2019\/#primaryimage"},"thumbnailUrl":"https:\/\/www.tourmusicfest.com\/es\/files\/2019\/09\/PHOTO-2019-09-04-13-32-27.jpg","datePublished":"2019-09-04T12:11:20+00:00","dateModified":"2019-09-30T13:13:40+00:00","description":"On line las fechas de las Finales Nacionales de la duod\u00e9cima edici\u00f3n del Tour Music Fest Italia, Espa\u00f1a, Reino Unido y Suiza.","breadcrumb":{"@id":"https:\/\/www.tourmusicfest.com\/es\/news\/fechas-oficiales-tmf-2019\/#breadcrumb"},"inLanguage":"es","potentialAction":[{"@type":"ReadAction","target":["https:\/\/www.tourmusicfest.com\/es\/news\/fechas-oficiales-tmf-2019\/"]}]},{"@type":"ImageObject","inLanguage":"es","@id":"https:\/\/www.tourmusicfest.com\/es\/news\/fechas-oficiales-tmf-2019\/#primaryimage","url":"https:\/\/www.tourmusicfest.com\/es\/files\/2019\/09\/PHOTO-2019-09-04-13-32-27.jpg","contentUrl":"https:\/\/www.tourmusicfest.com\/es\/files\/2019\/09\/PHOTO-2019-09-04-13-32-27.jpg","width":1200,"height":620},{"@type":"BreadcrumbList","@id":"https:\/\/www.tourmusicfest.com\/es\/news\/fechas-oficiales-tmf-2019\/#breadcrumb","itemListElement":[{"@type":"ListItem","position":1,"name":"Home","item":"https:\/\/www.tourmusicfest.com\/es\/"},{"@type":"ListItem","position":2,"name":"On line las fechas oficiales de las Finales Nacionales del Tour Music Fest"}]},{"@type":"WebSite","@id":"https:\/\/www.tourmusicfest.com\/es\/#website","url":"https:\/\/www.tourmusicfest.com\/es\/","name":"Tour Music Fest - ES","description":"The European Music Contest","publisher":{"@id":"https:\/\/www.tourmusicfest.com\/es\/#organization"},"potentialAction":[{"@type":"SearchAction","target":{"@type":"EntryPoint","urlTemplate":"https:\/\/www.tourmusicfest.com\/es\/?s={search_term_string}"},"query-input":{"@type":"PropertyValueSpecification","valueRequired":true,"valueName":"search_term_string"}}],"inLanguage":"es"},{"@type":"Organization","@id":"https:\/\/www.tourmusicfest.com\/es\/#organization","name":"ES - Tour Music Fest","url":"https:\/\/www.tourmusicfest.com\/es\/","logo":{"@type":"ImageObject","inLanguage":"es","@id":"https:\/\/www.tourmusicfest.com\/es\/#\/schema\/logo\/image\/","url":"https:\/\/www.tourmusicfest.com\/es\/files\/2024\/04\/Brand-TMF-grey.png","contentUrl":"https:\/\/www.tourmusicfest.com\/es\/files\/2024\/04\/Brand-TMF-grey.png","width":1181,"height":875,"caption":"ES - Tour Music Fest"},"image":{"@id":"https:\/\/www.tourmusicfest.com\/es\/#\/schema\/logo\/image\/"},"sameAs":["https:\/\/facebook.com\/tourmusicfest","https:\/\/instagram.com\/tourmusicfest"]},{"@type":"Person","@id":"https:\/\/www.tourmusicfest.com\/es\/#\/schema\/person\/64bea0c412d4adc122f35afb6677fd21","name":"tmfspain","image":{"@type":"ImageObject","inLanguage":"es","@id":"https:\/\/www.tourmusicfest.com\/es\/#\/schema\/person\/image\/","url":"https:\/\/secure.gravatar.com\/avatar\/d568fa3b5215b3b0d2217b913f861afc2bbca96536514906e604a82283fc9b50?s=96&d=mm&r=g","contentUrl":"https:\/\/secure.gravatar.com\/avatar\/d568fa3b5215b3b0d2217b913f861afc2bbca96536514906e604a82283fc9b50?s=96&d=mm&r=g","caption":"tmfspain"},"url":"https:\/\/www.tourmusicfest.com\/es\/author\/tmfspain\/"}]}},"_links":{"self":[{"href":"https:\/\/www.tourmusicfest.com\/es\/wp-json\/wp\/v2\/posts\/1306","targetHints":{"allow":["GET"]}}],"collection":[{"href":"https:\/\/www.tourmusicfest.com\/es\/wp-json\/wp\/v2\/posts"}],"about":[{"href":"https:\/\/www.tourmusicfest.com\/es\/wp-json\/wp\/v2\/types\/post"}],"author":[{"embeddable":true,"href":"https:\/\/www.tourmusicfest.com\/es\/wp-json\/wp\/v2\/users\/4"}],"replies":[{"embeddable":true,"href":"https:\/\/www.tourmusicfest.com\/es\/wp-json\/wp\/v2\/comments?post=1306"}],"version-history":[{"count":9,"href":"https:\/\/www.tourmusicfest.com\/es\/wp-json\/wp\/v2\/posts\/1306\/revisions"}],"predecessor-version":[{"id":1338,"href":"https:\/\/www.tourmusicfest.com\/es\/wp-json\/wp\/v2\/posts\/1306\/revisions\/1338"}],"wp:featuredmedia":[{"embeddable":true,"href":"https:\/\/www.tourmusicfest.com\/es\/wp-json\/wp\/v2\/media\/1307"}],"wp:attachment":[{"href":"https:\/\/www.tourmusicfest.com\/es\/wp-json\/wp\/v2\/media?parent=1306"}],"wp:term":[{"taxonomy":"category","embeddable":true,"href":"https:\/\/www.tourmusicfest.com\/es\/wp-json\/wp\/v2\/categories?post=1306"},{"taxonomy":"post_tag","embeddable":true,"href":"https:\/\/www.tourmusicfest.com\/es\/wp-json\/wp\/v2\/tags?post=1306"}],"curies":[{"name":"wp","href":"https:\/\/api.w.org\/{rel}","templated":true}]}}