{"id":1177,"date":"2019-03-05T16:09:55","date_gmt":"2019-03-05T16:09:55","guid":{"rendered":"https:\/\/www.tourmusicfest.com\/es\/?p=1177"},"modified":"2019-03-19T13:41:09","modified_gmt":"2019-03-19T13:41:09","slug":"colaboracion-tmf-hard-rock-cafe-roma","status":"publish","type":"post","link":"https:\/\/www.tourmusicfest.com\/es\/news\/colaboracion-tmf-hard-rock-cafe-roma\/","title":{"rendered":"El TMF trae la m\u00fasica en vivo en el Hard Rock Caf\u00e8"},"content":{"rendered":"<p><span style=\"font-weight: 400\">Ha sido confirmado tambi\u00e9n para el 2019 el festival musical \u201cLate Night Happy Hour powered Tour Music Fest\u201d donde el a\u00f1o pasado actuaron los artistas, finalistas y ganadores de las ediciones anteriores del TMF, en fant\u00e1sticos conciertos en vivo en el mejor local de la capital italiana, el Hard Rock Caf\u00e9 de Roma. Un concierto cada mes, hasta Diciembre con los mejores artistas del los \u00faltimos a\u00f1os del TMF.<\/span><\/p>\n<p><span style=\"font-weight: 400\">\u201cPara nosotros es fundamental ofrecer a los artistas que han participado, experiencias \u00fatiles que pueden a\u00f1adir valor y crecimiento art\u00edstico.\u00a0<\/span><span style=\"font-weight: 400\">Tocar en el Hard Rock Caf\u00e9 es un tipo de experiencia que un artista emergente dif\u00edcilmente va a olvidar.\u201d coment\u00f3 Gianluca Musso, Director General del TMF, durante la presentaci\u00f3n del festival.<\/span><\/p>\n<p><span style=\"font-weight: 400\">Deseamos la mejor suerte a todos los artistas que actuar\u00e1n en el Hard Rock Caf\u00e9.<\/span><\/p>\n<p><span style=\"font-weight: 400\">Mientras tanto, TMF sigue trabajando en su nueva edici\u00f3n con muchas novedades y proyectos en apoyo de los artistas emergentes!<\/span><\/p>\n<p>&nbsp;<\/p>\n<p><span style=\"font-weight: 400\">Tour Music Fest &#8211; We love your music \u00a0\u00a0\u00a0<\/span><\/p>\n<p>&nbsp;<\/p>\n","protected":false},"excerpt":{"rendered":"<p>Ha sido confirmado tambi\u00e9n para el 2019 el festival musical \u201cLate Night Happy Hour powered Tour Music Fest\u201d donde el a\u00f1o pasado actuaron los artistas, finalistas y ganadores de las ediciones anteriores del TMF, en fant\u00e1sticos conciertos en vivo en el mejor local de la capital italiana, el Hard Rock Caf\u00e9 de Roma. Un concierto [&hellip;]<\/p>\n","protected":false},"author":4,"featured_media":1198,"comment_status":"closed","ping_status":"closed","sticky":false,"template":"","format":"standard","meta":{"_acf_changed":false,"footnotes":""},"categories":[4],"tags":[],"class_list":["post-1177","post","type-post","status-publish","format-standard","has-post-thumbnail","hentry","category-news"],"acf":[],"yoast_head":"<!-- This site is optimized with the Yoast SEO plugin v26.7 - https:\/\/yoast.com\/wordpress\/plugins\/seo\/ -->\n<title>El TMF trae la m\u00fasica en vivo en el Hard Rock Caf\u00e8 - ES - Tour Music Fest<\/title>\n<meta name=\"description\" content=\"Tour Music Fest sigue su afortunada colaboraci\u00f3n con Hard Rock Caf\u00e9 en Roma\" \/>\n<meta name=\"robots\" content=\"index, follow, max-snippet:-1, max-image-preview:large, max-video-preview:-1\" \/>\n<link rel=\"canonical\" href=\"https:\/\/www.tourmusicfest.com\/es\/news\/colaboracion-tmf-hard-rock-cafe-roma\/\" \/>\n<meta property=\"og:locale\" content=\"es_ES\" \/>\n<meta property=\"og:type\" content=\"article\" \/>\n<meta property=\"og:title\" content=\"El TMF trae la m\u00fasica en vivo en el Hard Rock Caf\u00e8 - ES - Tour Music Fest\" \/>\n<meta property=\"og:description\" content=\"Tour Music Fest sigue su afortunada colaboraci\u00f3n con Hard Rock Caf\u00e9 en Roma\" \/>\n<meta property=\"og:url\" content=\"https:\/\/www.tourmusicfest.com\/es\/news\/colaboracion-tmf-hard-rock-cafe-roma\/\" \/>\n<meta property=\"og:site_name\" content=\"ES - Tour Music Fest\" \/>\n<meta property=\"article:publisher\" content=\"https:\/\/facebook.com\/tourmusicfest\" \/>\n<meta property=\"article:published_time\" content=\"2019-03-05T16:09:55+00:00\" \/>\n<meta property=\"article:modified_time\" content=\"2019-03-19T13:41:09+00:00\" \/>\n<meta property=\"og:image\" content=\"https:\/\/www.tourmusicfest.com\/es\/files\/2019\/03\/hrcafe-tmf.jpg\" \/>\n\t<meta property=\"og:image:width\" content=\"1318\" \/>\n\t<meta property=\"og:image:height\" content=\"803\" \/>\n\t<meta property=\"og:image:type\" content=\"image\/jpeg\" \/>\n<meta name=\"author\" content=\"tmfspain\" \/>\n<meta name=\"twitter:card\" content=\"summary_large_image\" \/>\n<meta name=\"twitter:label1\" content=\"Escrito por\" \/>\n\t<meta name=\"twitter:data1\" content=\"tmfspain\" \/>\n\t<meta name=\"twitter:label2\" content=\"Tiempo de lectura\" \/>\n\t<meta name=\"twitter:data2\" content=\"1 minuto\" \/>\n<script type=\"application\/ld+json\" class=\"yoast-schema-graph\">{\"@context\":\"https:\/\/schema.org\",\"@graph\":[{\"@type\":\"Article\",\"@id\":\"https:\/\/www.tourmusicfest.com\/es\/news\/colaboracion-tmf-hard-rock-cafe-roma\/#article\",\"isPartOf\":{\"@id\":\"https:\/\/www.tourmusicfest.com\/es\/news\/colaboracion-tmf-hard-rock-cafe-roma\/\"},\"author\":{\"name\":\"tmfspain\",\"@id\":\"https:\/\/www.tourmusicfest.com\/es\/#\/schema\/person\/64bea0c412d4adc122f35afb6677fd21\"},\"headline\":\"El TMF trae la m\u00fasica en vivo en el Hard Rock Caf\u00e8\",\"datePublished\":\"2019-03-05T16:09:55+00:00\",\"dateModified\":\"2019-03-19T13:41:09+00:00\",\"mainEntityOfPage\":{\"@id\":\"https:\/\/www.tourmusicfest.com\/es\/news\/colaboracion-tmf-hard-rock-cafe-roma\/\"},\"wordCount\":187,\"publisher\":{\"@id\":\"https:\/\/www.tourmusicfest.com\/es\/#organization\"},\"image\":{\"@id\":\"https:\/\/www.tourmusicfest.com\/es\/news\/colaboracion-tmf-hard-rock-cafe-roma\/#primaryimage\"},\"thumbnailUrl\":\"https:\/\/www.tourmusicfest.com\/es\/files\/2019\/03\/hrcafe-tmf.jpg\",\"articleSection\":[\"News\"],\"inLanguage\":\"es\"},{\"@type\":\"WebPage\",\"@id\":\"https:\/\/www.tourmusicfest.com\/es\/news\/colaboracion-tmf-hard-rock-cafe-roma\/\",\"url\":\"https:\/\/www.tourmusicfest.com\/es\/news\/colaboracion-tmf-hard-rock-cafe-roma\/\",\"name\":\"El TMF trae la m\u00fasica en vivo en el Hard Rock Caf\u00e8 - ES - Tour Music Fest\",\"isPartOf\":{\"@id\":\"https:\/\/www.tourmusicfest.com\/es\/#website\"},\"primaryImageOfPage\":{\"@id\":\"https:\/\/www.tourmusicfest.com\/es\/news\/colaboracion-tmf-hard-rock-cafe-roma\/#primaryimage\"},\"image\":{\"@id\":\"https:\/\/www.tourmusicfest.com\/es\/news\/colaboracion-tmf-hard-rock-cafe-roma\/#primaryimage\"},\"thumbnailUrl\":\"https:\/\/www.tourmusicfest.com\/es\/files\/2019\/03\/hrcafe-tmf.jpg\",\"datePublished\":\"2019-03-05T16:09:55+00:00\",\"dateModified\":\"2019-03-19T13:41:09+00:00\",\"description\":\"Tour Music Fest sigue su afortunada colaboraci\u00f3n con Hard Rock Caf\u00e9 en Roma\",\"breadcrumb\":{\"@id\":\"https:\/\/www.tourmusicfest.com\/es\/news\/colaboracion-tmf-hard-rock-cafe-roma\/#breadcrumb\"},\"inLanguage\":\"es\",\"potentialAction\":[{\"@type\":\"ReadAction\",\"target\":[\"https:\/\/www.tourmusicfest.com\/es\/news\/colaboracion-tmf-hard-rock-cafe-roma\/\"]}]},{\"@type\":\"ImageObject\",\"inLanguage\":\"es\",\"@id\":\"https:\/\/www.tourmusicfest.com\/es\/news\/colaboracion-tmf-hard-rock-cafe-roma\/#primaryimage\",\"url\":\"https:\/\/www.tourmusicfest.com\/es\/files\/2019\/03\/hrcafe-tmf.jpg\",\"contentUrl\":\"https:\/\/www.tourmusicfest.com\/es\/files\/2019\/03\/hrcafe-tmf.jpg\",\"width\":1318,\"height\":803},{\"@type\":\"BreadcrumbList\",\"@id\":\"https:\/\/www.tourmusicfest.com\/es\/news\/colaboracion-tmf-hard-rock-cafe-roma\/#breadcrumb\",\"itemListElement\":[{\"@type\":\"ListItem\",\"position\":1,\"name\":\"Home\",\"item\":\"https:\/\/www.tourmusicfest.com\/es\/\"},{\"@type\":\"ListItem\",\"position\":2,\"name\":\"El TMF trae la m\u00fasica en vivo en el Hard Rock Caf\u00e8\"}]},{\"@type\":\"WebSite\",\"@id\":\"https:\/\/www.tourmusicfest.com\/es\/#website\",\"url\":\"https:\/\/www.tourmusicfest.com\/es\/\",\"name\":\"Tour Music Fest - ES\",\"description\":\"The European Music Contest\",\"publisher\":{\"@id\":\"https:\/\/www.tourmusicfest.com\/es\/#organization\"},\"potentialAction\":[{\"@type\":\"SearchAction\",\"target\":{\"@type\":\"EntryPoint\",\"urlTemplate\":\"https:\/\/www.tourmusicfest.com\/es\/?s={search_term_string}\"},\"query-input\":{\"@type\":\"PropertyValueSpecification\",\"valueRequired\":true,\"valueName\":\"search_term_string\"}}],\"inLanguage\":\"es\"},{\"@type\":\"Organization\",\"@id\":\"https:\/\/www.tourmusicfest.com\/es\/#organization\",\"name\":\"ES - Tour Music Fest\",\"url\":\"https:\/\/www.tourmusicfest.com\/es\/\",\"logo\":{\"@type\":\"ImageObject\",\"inLanguage\":\"es\",\"@id\":\"https:\/\/www.tourmusicfest.com\/es\/#\/schema\/logo\/image\/\",\"url\":\"https:\/\/www.tourmusicfest.com\/es\/files\/2024\/04\/Brand-TMF-grey.png\",\"contentUrl\":\"https:\/\/www.tourmusicfest.com\/es\/files\/2024\/04\/Brand-TMF-grey.png\",\"width\":1181,\"height\":875,\"caption\":\"ES - Tour Music Fest\"},\"image\":{\"@id\":\"https:\/\/www.tourmusicfest.com\/es\/#\/schema\/logo\/image\/\"},\"sameAs\":[\"https:\/\/facebook.com\/tourmusicfest\",\"https:\/\/instagram.com\/tourmusicfest\"]},{\"@type\":\"Person\",\"@id\":\"https:\/\/www.tourmusicfest.com\/es\/#\/schema\/person\/64bea0c412d4adc122f35afb6677fd21\",\"name\":\"tmfspain\",\"image\":{\"@type\":\"ImageObject\",\"inLanguage\":\"es\",\"@id\":\"https:\/\/www.tourmusicfest.com\/es\/#\/schema\/person\/image\/\",\"url\":\"https:\/\/secure.gravatar.com\/avatar\/d568fa3b5215b3b0d2217b913f861afc2bbca96536514906e604a82283fc9b50?s=96&d=mm&r=g\",\"contentUrl\":\"https:\/\/secure.gravatar.com\/avatar\/d568fa3b5215b3b0d2217b913f861afc2bbca96536514906e604a82283fc9b50?s=96&d=mm&r=g\",\"caption\":\"tmfspain\"},\"url\":\"https:\/\/www.tourmusicfest.com\/es\/author\/tmfspain\/\"}]}<\/script>\n<!-- \/ Yoast SEO plugin. -->","yoast_head_json":{"title":"El TMF trae la m\u00fasica en vivo en el Hard Rock Caf\u00e8 - ES - Tour Music Fest","description":"Tour Music Fest sigue su afortunada colaboraci\u00f3n con Hard Rock Caf\u00e9 en Roma","robots":{"index":"index","follow":"follow","max-snippet":"max-snippet:-1","max-image-preview":"max-image-preview:large","max-video-preview":"max-video-preview:-1"},"canonical":"https:\/\/www.tourmusicfest.com\/es\/news\/colaboracion-tmf-hard-rock-cafe-roma\/","og_locale":"es_ES","og_type":"article","og_title":"El TMF trae la m\u00fasica en vivo en el Hard Rock Caf\u00e8 - ES - Tour Music Fest","og_description":"Tour Music Fest sigue su afortunada colaboraci\u00f3n con Hard Rock Caf\u00e9 en Roma","og_url":"https:\/\/www.tourmusicfest.com\/es\/news\/colaboracion-tmf-hard-rock-cafe-roma\/","og_site_name":"ES - Tour Music Fest","article_publisher":"https:\/\/facebook.com\/tourmusicfest","article_published_time":"2019-03-05T16:09:55+00:00","article_modified_time":"2019-03-19T13:41:09+00:00","og_image":[{"width":1318,"height":803,"url":"https:\/\/www.tourmusicfest.com\/es\/files\/2019\/03\/hrcafe-tmf.jpg","type":"image\/jpeg"}],"author":"tmfspain","twitter_card":"summary_large_image","twitter_misc":{"Escrito por":"tmfspain","Tiempo de lectura":"1 minuto"},"schema":{"@context":"https:\/\/schema.org","@graph":[{"@type":"Article","@id":"https:\/\/www.tourmusicfest.com\/es\/news\/colaboracion-tmf-hard-rock-cafe-roma\/#article","isPartOf":{"@id":"https:\/\/www.tourmusicfest.com\/es\/news\/colaboracion-tmf-hard-rock-cafe-roma\/"},"author":{"name":"tmfspain","@id":"https:\/\/www.tourmusicfest.com\/es\/#\/schema\/person\/64bea0c412d4adc122f35afb6677fd21"},"headline":"El TMF trae la m\u00fasica en vivo en el Hard Rock Caf\u00e8","datePublished":"2019-03-05T16:09:55+00:00","dateModified":"2019-03-19T13:41:09+00:00","mainEntityOfPage":{"@id":"https:\/\/www.tourmusicfest.com\/es\/news\/colaboracion-tmf-hard-rock-cafe-roma\/"},"wordCount":187,"publisher":{"@id":"https:\/\/www.tourmusicfest.com\/es\/#organization"},"image":{"@id":"https:\/\/www.tourmusicfest.com\/es\/news\/colaboracion-tmf-hard-rock-cafe-roma\/#primaryimage"},"thumbnailUrl":"https:\/\/www.tourmusicfest.com\/es\/files\/2019\/03\/hrcafe-tmf.jpg","articleSection":["News"],"inLanguage":"es"},{"@type":"WebPage","@id":"https:\/\/www.tourmusicfest.com\/es\/news\/colaboracion-tmf-hard-rock-cafe-roma\/","url":"https:\/\/www.tourmusicfest.com\/es\/news\/colaboracion-tmf-hard-rock-cafe-roma\/","name":"El TMF trae la m\u00fasica en vivo en el Hard Rock Caf\u00e8 - ES - Tour Music Fest","isPartOf":{"@id":"https:\/\/www.tourmusicfest.com\/es\/#website"},"primaryImageOfPage":{"@id":"https:\/\/www.tourmusicfest.com\/es\/news\/colaboracion-tmf-hard-rock-cafe-roma\/#primaryimage"},"image":{"@id":"https:\/\/www.tourmusicfest.com\/es\/news\/colaboracion-tmf-hard-rock-cafe-roma\/#primaryimage"},"thumbnailUrl":"https:\/\/www.tourmusicfest.com\/es\/files\/2019\/03\/hrcafe-tmf.jpg","datePublished":"2019-03-05T16:09:55+00:00","dateModified":"2019-03-19T13:41:09+00:00","description":"Tour Music Fest sigue su afortunada colaboraci\u00f3n con Hard Rock Caf\u00e9 en Roma","breadcrumb":{"@id":"https:\/\/www.tourmusicfest.com\/es\/news\/colaboracion-tmf-hard-rock-cafe-roma\/#breadcrumb"},"inLanguage":"es","potentialAction":[{"@type":"ReadAction","target":["https:\/\/www.tourmusicfest.com\/es\/news\/colaboracion-tmf-hard-rock-cafe-roma\/"]}]},{"@type":"ImageObject","inLanguage":"es","@id":"https:\/\/www.tourmusicfest.com\/es\/news\/colaboracion-tmf-hard-rock-cafe-roma\/#primaryimage","url":"https:\/\/www.tourmusicfest.com\/es\/files\/2019\/03\/hrcafe-tmf.jpg","contentUrl":"https:\/\/www.tourmusicfest.com\/es\/files\/2019\/03\/hrcafe-tmf.jpg","width":1318,"height":803},{"@type":"BreadcrumbList","@id":"https:\/\/www.tourmusicfest.com\/es\/news\/colaboracion-tmf-hard-rock-cafe-roma\/#breadcrumb","itemListElement":[{"@type":"ListItem","position":1,"name":"Home","item":"https:\/\/www.tourmusicfest.com\/es\/"},{"@type":"ListItem","position":2,"name":"El TMF trae la m\u00fasica en vivo en el Hard Rock Caf\u00e8"}]},{"@type":"WebSite","@id":"https:\/\/www.tourmusicfest.com\/es\/#website","url":"https:\/\/www.tourmusicfest.com\/es\/","name":"Tour Music Fest - ES","description":"The European Music Contest","publisher":{"@id":"https:\/\/www.tourmusicfest.com\/es\/#organization"},"potentialAction":[{"@type":"SearchAction","target":{"@type":"EntryPoint","urlTemplate":"https:\/\/www.tourmusicfest.com\/es\/?s={search_term_string}"},"query-input":{"@type":"PropertyValueSpecification","valueRequired":true,"valueName":"search_term_string"}}],"inLanguage":"es"},{"@type":"Organization","@id":"https:\/\/www.tourmusicfest.com\/es\/#organization","name":"ES - Tour Music Fest","url":"https:\/\/www.tourmusicfest.com\/es\/","logo":{"@type":"ImageObject","inLanguage":"es","@id":"https:\/\/www.tourmusicfest.com\/es\/#\/schema\/logo\/image\/","url":"https:\/\/www.tourmusicfest.com\/es\/files\/2024\/04\/Brand-TMF-grey.png","contentUrl":"https:\/\/www.tourmusicfest.com\/es\/files\/2024\/04\/Brand-TMF-grey.png","width":1181,"height":875,"caption":"ES - Tour Music Fest"},"image":{"@id":"https:\/\/www.tourmusicfest.com\/es\/#\/schema\/logo\/image\/"},"sameAs":["https:\/\/facebook.com\/tourmusicfest","https:\/\/instagram.com\/tourmusicfest"]},{"@type":"Person","@id":"https:\/\/www.tourmusicfest.com\/es\/#\/schema\/person\/64bea0c412d4adc122f35afb6677fd21","name":"tmfspain","image":{"@type":"ImageObject","inLanguage":"es","@id":"https:\/\/www.tourmusicfest.com\/es\/#\/schema\/person\/image\/","url":"https:\/\/secure.gravatar.com\/avatar\/d568fa3b5215b3b0d2217b913f861afc2bbca96536514906e604a82283fc9b50?s=96&d=mm&r=g","contentUrl":"https:\/\/secure.gravatar.com\/avatar\/d568fa3b5215b3b0d2217b913f861afc2bbca96536514906e604a82283fc9b50?s=96&d=mm&r=g","caption":"tmfspain"},"url":"https:\/\/www.tourmusicfest.com\/es\/author\/tmfspain\/"}]}},"_links":{"self":[{"href":"https:\/\/www.tourmusicfest.com\/es\/wp-json\/wp\/v2\/posts\/1177","targetHints":{"allow":["GET"]}}],"collection":[{"href":"https:\/\/www.tourmusicfest.com\/es\/wp-json\/wp\/v2\/posts"}],"about":[{"href":"https:\/\/www.tourmusicfest.com\/es\/wp-json\/wp\/v2\/types\/post"}],"author":[{"embeddable":true,"href":"https:\/\/www.tourmusicfest.com\/es\/wp-json\/wp\/v2\/users\/4"}],"replies":[{"embeddable":true,"href":"https:\/\/www.tourmusicfest.com\/es\/wp-json\/wp\/v2\/comments?post=1177"}],"version-history":[{"count":7,"href":"https:\/\/www.tourmusicfest.com\/es\/wp-json\/wp\/v2\/posts\/1177\/revisions"}],"predecessor-version":[{"id":1249,"href":"https:\/\/www.tourmusicfest.com\/es\/wp-json\/wp\/v2\/posts\/1177\/revisions\/1249"}],"wp:featuredmedia":[{"embeddable":true,"href":"https:\/\/www.tourmusicfest.com\/es\/wp-json\/wp\/v2\/media\/1198"}],"wp:attachment":[{"href":"https:\/\/www.tourmusicfest.com\/es\/wp-json\/wp\/v2\/media?parent=1177"}],"wp:term":[{"taxonomy":"category","embeddable":true,"href":"https:\/\/www.tourmusicfest.com\/es\/wp-json\/wp\/v2\/categories?post=1177"},{"taxonomy":"post_tag","embeddable":true,"href":"https:\/\/www.tourmusicfest.com\/es\/wp-json\/wp\/v2\/tags?post=1177"}],"curies":[{"name":"wp","href":"https:\/\/api.w.org\/{rel}","templated":true}]}}