{"id":1071,"date":"2018-06-13T12:44:45","date_gmt":"2018-06-13T11:44:45","guid":{"rendered":"https:\/\/www.tourmusicfest.com\/es\/?p=1071"},"modified":"2019-03-05T16:07:11","modified_gmt":"2019-03-05T16:07:11","slug":"tmf-malta-edition","status":"publish","type":"post","link":"https:\/\/www.tourmusicfest.com\/es\/news\/tmf-malta-edition\/","title":{"rendered":"Malta ser\u00e1 el segundo pa\u00eds en acoger el Tour Music Fest"},"content":{"rendered":"<p><span style=\"font-weight: 400;\">Todos los artistas que han pasado la primera fase del Tour Music Fest tendr\u00e1n la oportunidad de actuar en vivo el 22 de Julio en el DePorres Hall en Silema, importante ciudad maltesa, frente al jurado oficial del TMF en un gran evento dedicado a la m\u00fasica emergente.<\/span><\/p>\n<p><img fetchpriority=\"high\" decoding=\"async\" class=\"alignnone size-medium wp-image-1059\" src=\"https:\/\/www.tourmusicfest.com\/es\/files\/2019\/03\/sliema-malta-tmf-1-1-700x263-700x263.jpg\" alt=\"\" width=\"700\" height=\"263\" \/><\/p>\n<p><span style=\"font-weight: 400;\">Centenares artistas entre Cantantes, Cantautores, Cantantes de Musical y Junior, competir\u00e1n por una plaza en la Final Internacional que tendr\u00e1 lugar el pr\u00f3ximo Diciembre en la capital italiana, Roma.<\/span><\/p>\n<p><span style=\"font-weight: 400;\">Gracias a las importantes partnership con Berklee College of Music y Sony Music Italy, esta edici\u00f3n del TMF ofrecer\u00e1 muchos premios interesantes. Desde la oportunidad de ganar una beca por el Summer Program Scholarship en Berklee College of Music en Boston, a un contrato de distribuci\u00f3n con Sony Music Italy y contrato de esponsorizaci\u00f3n de 10,000\u20ac y mucho m\u00e0s.<\/span><\/p>\n<p><span style=\"font-weight: 400;\">Llevar nuestro evento en Malta, que es extremamente activa desde un punto de vista musical, es realmente genial. Dar la oportunidad a los artistas malteses de competir con otros artistas de toda Europa es nuestro primer objetivo. Tomar parte en un concurso como el TMF puede ser un importante punto de partida por la carrera de un artista, superando las fronteras de su pa\u00eds con la oportunidad que el resto de Europa pueda escuchar su m\u00fasica.<\/span><\/p>\n<div class=\"video-container\">\n<iframe title=\"Tour Music Fest - The European Music Contest\" width=\"500\" height=\"281\" src=\"https:\/\/www.youtube.com\/embed\/HyA8gavuxlM?feature=oembed\" frameborder=\"0\" allow=\"accelerometer; autoplay; clipboard-write; encrypted-media; gyroscope; picture-in-picture; web-share\" referrerpolicy=\"strict-origin-when-cross-origin\" allowfullscreen><\/iframe>\n<\/div>\n<p><span style=\"font-weight: 400;\">Muchas novedades sobre el TMF Malta est\u00e1n llegando, s\u00edguenos en la red social y en nuestro sitio web!<\/span><\/p>\n<p>&nbsp;<\/p>\n<p><span style=\"font-weight: 400;\">We love your music!<\/span><\/p>\n<p>&nbsp;<\/p>\n","protected":false},"excerpt":{"rendered":"<p>Todos los artistas que han pasado la primera fase del Tour Music Fest tendr\u00e1n la oportunidad de actuar en vivo el 22 de Julio en el DePorres Hall en Silema, importante ciudad maltesa, frente al jurado oficial del TMF en un gran evento dedicado a la m\u00fasica emergente. Centenares artistas entre Cantantes, Cantautores, Cantantes de [&hellip;]<\/p>\n","protected":false},"author":4,"featured_media":1072,"comment_status":"open","ping_status":"open","sticky":false,"template":"","format":"standard","meta":{"_acf_changed":false,"footnotes":""},"categories":[4],"tags":[],"class_list":["post-1071","post","type-post","status-publish","format-standard","has-post-thumbnail","hentry","category-news"],"acf":[],"yoast_head":"<!-- This site is optimized with the Yoast SEO plugin v26.7 - https:\/\/yoast.com\/wordpress\/plugins\/seo\/ -->\n<title>Malta ser\u00e1 el segundo pa\u00eds en acoger el Tour Music Fest - ES - Tour Music Fest<\/title>\n<meta name=\"description\" content=\"Tour Music Fest - The European Music Contest llega en Malta para las audiciones en vivo 2018\" \/>\n<meta name=\"robots\" content=\"index, follow, max-snippet:-1, max-image-preview:large, max-video-preview:-1\" \/>\n<link rel=\"canonical\" href=\"https:\/\/www.tourmusicfest.com\/es\/news\/tmf-malta-edition\/\" \/>\n<meta property=\"og:locale\" content=\"es_ES\" \/>\n<meta property=\"og:type\" content=\"article\" \/>\n<meta property=\"og:title\" content=\"Malta ser\u00e1 el segundo pa\u00eds en acoger el Tour Music Fest - ES - Tour Music Fest\" \/>\n<meta property=\"og:description\" content=\"Tour Music Fest - The European Music Contest llega en Malta para las audiciones en vivo 2018\" \/>\n<meta property=\"og:url\" content=\"https:\/\/www.tourmusicfest.com\/es\/news\/tmf-malta-edition\/\" \/>\n<meta property=\"og:site_name\" content=\"ES - Tour Music Fest\" \/>\n<meta property=\"article:publisher\" content=\"https:\/\/facebook.com\/tourmusicfest\" \/>\n<meta property=\"article:published_time\" content=\"2018-06-13T11:44:45+00:00\" \/>\n<meta property=\"article:modified_time\" content=\"2019-03-05T16:07:11+00:00\" \/>\n<meta property=\"og:image\" content=\"https:\/\/www.tourmusicfest.com\/es\/files\/2019\/03\/sara_peper-700x394.jpg\" \/>\n\t<meta property=\"og:image:width\" content=\"700\" \/>\n\t<meta property=\"og:image:height\" content=\"394\" \/>\n\t<meta property=\"og:image:type\" content=\"image\/jpeg\" \/>\n<meta name=\"author\" content=\"tmfspain\" \/>\n<meta name=\"twitter:card\" content=\"summary_large_image\" \/>\n<meta name=\"twitter:label1\" content=\"Escrito por\" \/>\n\t<meta name=\"twitter:data1\" content=\"tmfspain\" \/>\n\t<meta name=\"twitter:label2\" content=\"Tiempo de lectura\" \/>\n\t<meta name=\"twitter:data2\" content=\"1 minuto\" \/>\n<script type=\"application\/ld+json\" class=\"yoast-schema-graph\">{\"@context\":\"https:\/\/schema.org\",\"@graph\":[{\"@type\":\"Article\",\"@id\":\"https:\/\/www.tourmusicfest.com\/es\/news\/tmf-malta-edition\/#article\",\"isPartOf\":{\"@id\":\"https:\/\/www.tourmusicfest.com\/es\/news\/tmf-malta-edition\/\"},\"author\":{\"name\":\"tmfspain\",\"@id\":\"https:\/\/www.tourmusicfest.com\/es\/#\/schema\/person\/64bea0c412d4adc122f35afb6677fd21\"},\"headline\":\"Malta ser\u00e1 el segundo pa\u00eds en acoger el Tour Music Fest\",\"datePublished\":\"2018-06-13T11:44:45+00:00\",\"dateModified\":\"2019-03-05T16:07:11+00:00\",\"mainEntityOfPage\":{\"@id\":\"https:\/\/www.tourmusicfest.com\/es\/news\/tmf-malta-edition\/\"},\"wordCount\":263,\"commentCount\":0,\"publisher\":{\"@id\":\"https:\/\/www.tourmusicfest.com\/es\/#organization\"},\"image\":{\"@id\":\"https:\/\/www.tourmusicfest.com\/es\/news\/tmf-malta-edition\/#primaryimage\"},\"thumbnailUrl\":\"https:\/\/www.tourmusicfest.com\/es\/files\/2019\/03\/sara_peper-700x394.jpg\",\"articleSection\":[\"News\"],\"inLanguage\":\"es\",\"potentialAction\":[{\"@type\":\"CommentAction\",\"name\":\"Comment\",\"target\":[\"https:\/\/www.tourmusicfest.com\/es\/news\/tmf-malta-edition\/#respond\"]}]},{\"@type\":\"WebPage\",\"@id\":\"https:\/\/www.tourmusicfest.com\/es\/news\/tmf-malta-edition\/\",\"url\":\"https:\/\/www.tourmusicfest.com\/es\/news\/tmf-malta-edition\/\",\"name\":\"Malta ser\u00e1 el segundo pa\u00eds en acoger el Tour Music Fest - ES - Tour Music Fest\",\"isPartOf\":{\"@id\":\"https:\/\/www.tourmusicfest.com\/es\/#website\"},\"primaryImageOfPage\":{\"@id\":\"https:\/\/www.tourmusicfest.com\/es\/news\/tmf-malta-edition\/#primaryimage\"},\"image\":{\"@id\":\"https:\/\/www.tourmusicfest.com\/es\/news\/tmf-malta-edition\/#primaryimage\"},\"thumbnailUrl\":\"https:\/\/www.tourmusicfest.com\/es\/files\/2019\/03\/sara_peper-700x394.jpg\",\"datePublished\":\"2018-06-13T11:44:45+00:00\",\"dateModified\":\"2019-03-05T16:07:11+00:00\",\"description\":\"Tour Music Fest - The European Music Contest llega en Malta para las audiciones en vivo 2018\",\"breadcrumb\":{\"@id\":\"https:\/\/www.tourmusicfest.com\/es\/news\/tmf-malta-edition\/#breadcrumb\"},\"inLanguage\":\"es\",\"potentialAction\":[{\"@type\":\"ReadAction\",\"target\":[\"https:\/\/www.tourmusicfest.com\/es\/news\/tmf-malta-edition\/\"]}]},{\"@type\":\"ImageObject\",\"inLanguage\":\"es\",\"@id\":\"https:\/\/www.tourmusicfest.com\/es\/news\/tmf-malta-edition\/#primaryimage\",\"url\":\"https:\/\/www.tourmusicfest.com\/es\/files\/2019\/03\/sara_peper-700x394.jpg\",\"contentUrl\":\"https:\/\/www.tourmusicfest.com\/es\/files\/2019\/03\/sara_peper-700x394.jpg\",\"width\":700,\"height\":394},{\"@type\":\"BreadcrumbList\",\"@id\":\"https:\/\/www.tourmusicfest.com\/es\/news\/tmf-malta-edition\/#breadcrumb\",\"itemListElement\":[{\"@type\":\"ListItem\",\"position\":1,\"name\":\"Home\",\"item\":\"https:\/\/www.tourmusicfest.com\/es\/\"},{\"@type\":\"ListItem\",\"position\":2,\"name\":\"Malta ser\u00e1 el segundo pa\u00eds en acoger el Tour Music Fest\"}]},{\"@type\":\"WebSite\",\"@id\":\"https:\/\/www.tourmusicfest.com\/es\/#website\",\"url\":\"https:\/\/www.tourmusicfest.com\/es\/\",\"name\":\"Tour Music Fest - ES\",\"description\":\"The European Music Contest\",\"publisher\":{\"@id\":\"https:\/\/www.tourmusicfest.com\/es\/#organization\"},\"potentialAction\":[{\"@type\":\"SearchAction\",\"target\":{\"@type\":\"EntryPoint\",\"urlTemplate\":\"https:\/\/www.tourmusicfest.com\/es\/?s={search_term_string}\"},\"query-input\":{\"@type\":\"PropertyValueSpecification\",\"valueRequired\":true,\"valueName\":\"search_term_string\"}}],\"inLanguage\":\"es\"},{\"@type\":\"Organization\",\"@id\":\"https:\/\/www.tourmusicfest.com\/es\/#organization\",\"name\":\"ES - Tour Music Fest\",\"url\":\"https:\/\/www.tourmusicfest.com\/es\/\",\"logo\":{\"@type\":\"ImageObject\",\"inLanguage\":\"es\",\"@id\":\"https:\/\/www.tourmusicfest.com\/es\/#\/schema\/logo\/image\/\",\"url\":\"https:\/\/www.tourmusicfest.com\/es\/files\/2024\/04\/Brand-TMF-grey.png\",\"contentUrl\":\"https:\/\/www.tourmusicfest.com\/es\/files\/2024\/04\/Brand-TMF-grey.png\",\"width\":1181,\"height\":875,\"caption\":\"ES - Tour Music Fest\"},\"image\":{\"@id\":\"https:\/\/www.tourmusicfest.com\/es\/#\/schema\/logo\/image\/\"},\"sameAs\":[\"https:\/\/facebook.com\/tourmusicfest\",\"https:\/\/instagram.com\/tourmusicfest\"]},{\"@type\":\"Person\",\"@id\":\"https:\/\/www.tourmusicfest.com\/es\/#\/schema\/person\/64bea0c412d4adc122f35afb6677fd21\",\"name\":\"tmfspain\",\"image\":{\"@type\":\"ImageObject\",\"inLanguage\":\"es\",\"@id\":\"https:\/\/www.tourmusicfest.com\/es\/#\/schema\/person\/image\/\",\"url\":\"https:\/\/secure.gravatar.com\/avatar\/d568fa3b5215b3b0d2217b913f861afc2bbca96536514906e604a82283fc9b50?s=96&d=mm&r=g\",\"contentUrl\":\"https:\/\/secure.gravatar.com\/avatar\/d568fa3b5215b3b0d2217b913f861afc2bbca96536514906e604a82283fc9b50?s=96&d=mm&r=g\",\"caption\":\"tmfspain\"},\"url\":\"https:\/\/www.tourmusicfest.com\/es\/author\/tmfspain\/\"}]}<\/script>\n<!-- \/ Yoast SEO plugin. -->","yoast_head_json":{"title":"Malta ser\u00e1 el segundo pa\u00eds en acoger el Tour Music Fest - ES - Tour Music Fest","description":"Tour Music Fest - The European Music Contest llega en Malta para las audiciones en vivo 2018","robots":{"index":"index","follow":"follow","max-snippet":"max-snippet:-1","max-image-preview":"max-image-preview:large","max-video-preview":"max-video-preview:-1"},"canonical":"https:\/\/www.tourmusicfest.com\/es\/news\/tmf-malta-edition\/","og_locale":"es_ES","og_type":"article","og_title":"Malta ser\u00e1 el segundo pa\u00eds en acoger el Tour Music Fest - ES - Tour Music Fest","og_description":"Tour Music Fest - The European Music Contest llega en Malta para las audiciones en vivo 2018","og_url":"https:\/\/www.tourmusicfest.com\/es\/news\/tmf-malta-edition\/","og_site_name":"ES - Tour Music Fest","article_publisher":"https:\/\/facebook.com\/tourmusicfest","article_published_time":"2018-06-13T11:44:45+00:00","article_modified_time":"2019-03-05T16:07:11+00:00","og_image":[{"width":700,"height":394,"url":"https:\/\/www.tourmusicfest.com\/es\/files\/2019\/03\/sara_peper-700x394.jpg","type":"image\/jpeg"}],"author":"tmfspain","twitter_card":"summary_large_image","twitter_misc":{"Escrito por":"tmfspain","Tiempo de lectura":"1 minuto"},"schema":{"@context":"https:\/\/schema.org","@graph":[{"@type":"Article","@id":"https:\/\/www.tourmusicfest.com\/es\/news\/tmf-malta-edition\/#article","isPartOf":{"@id":"https:\/\/www.tourmusicfest.com\/es\/news\/tmf-malta-edition\/"},"author":{"name":"tmfspain","@id":"https:\/\/www.tourmusicfest.com\/es\/#\/schema\/person\/64bea0c412d4adc122f35afb6677fd21"},"headline":"Malta ser\u00e1 el segundo pa\u00eds en acoger el Tour Music Fest","datePublished":"2018-06-13T11:44:45+00:00","dateModified":"2019-03-05T16:07:11+00:00","mainEntityOfPage":{"@id":"https:\/\/www.tourmusicfest.com\/es\/news\/tmf-malta-edition\/"},"wordCount":263,"commentCount":0,"publisher":{"@id":"https:\/\/www.tourmusicfest.com\/es\/#organization"},"image":{"@id":"https:\/\/www.tourmusicfest.com\/es\/news\/tmf-malta-edition\/#primaryimage"},"thumbnailUrl":"https:\/\/www.tourmusicfest.com\/es\/files\/2019\/03\/sara_peper-700x394.jpg","articleSection":["News"],"inLanguage":"es","potentialAction":[{"@type":"CommentAction","name":"Comment","target":["https:\/\/www.tourmusicfest.com\/es\/news\/tmf-malta-edition\/#respond"]}]},{"@type":"WebPage","@id":"https:\/\/www.tourmusicfest.com\/es\/news\/tmf-malta-edition\/","url":"https:\/\/www.tourmusicfest.com\/es\/news\/tmf-malta-edition\/","name":"Malta ser\u00e1 el segundo pa\u00eds en acoger el Tour Music Fest - ES - Tour Music Fest","isPartOf":{"@id":"https:\/\/www.tourmusicfest.com\/es\/#website"},"primaryImageOfPage":{"@id":"https:\/\/www.tourmusicfest.com\/es\/news\/tmf-malta-edition\/#primaryimage"},"image":{"@id":"https:\/\/www.tourmusicfest.com\/es\/news\/tmf-malta-edition\/#primaryimage"},"thumbnailUrl":"https:\/\/www.tourmusicfest.com\/es\/files\/2019\/03\/sara_peper-700x394.jpg","datePublished":"2018-06-13T11:44:45+00:00","dateModified":"2019-03-05T16:07:11+00:00","description":"Tour Music Fest - The European Music Contest llega en Malta para las audiciones en vivo 2018","breadcrumb":{"@id":"https:\/\/www.tourmusicfest.com\/es\/news\/tmf-malta-edition\/#breadcrumb"},"inLanguage":"es","potentialAction":[{"@type":"ReadAction","target":["https:\/\/www.tourmusicfest.com\/es\/news\/tmf-malta-edition\/"]}]},{"@type":"ImageObject","inLanguage":"es","@id":"https:\/\/www.tourmusicfest.com\/es\/news\/tmf-malta-edition\/#primaryimage","url":"https:\/\/www.tourmusicfest.com\/es\/files\/2019\/03\/sara_peper-700x394.jpg","contentUrl":"https:\/\/www.tourmusicfest.com\/es\/files\/2019\/03\/sara_peper-700x394.jpg","width":700,"height":394},{"@type":"BreadcrumbList","@id":"https:\/\/www.tourmusicfest.com\/es\/news\/tmf-malta-edition\/#breadcrumb","itemListElement":[{"@type":"ListItem","position":1,"name":"Home","item":"https:\/\/www.tourmusicfest.com\/es\/"},{"@type":"ListItem","position":2,"name":"Malta ser\u00e1 el segundo pa\u00eds en acoger el Tour Music Fest"}]},{"@type":"WebSite","@id":"https:\/\/www.tourmusicfest.com\/es\/#website","url":"https:\/\/www.tourmusicfest.com\/es\/","name":"Tour Music Fest - ES","description":"The European Music Contest","publisher":{"@id":"https:\/\/www.tourmusicfest.com\/es\/#organization"},"potentialAction":[{"@type":"SearchAction","target":{"@type":"EntryPoint","urlTemplate":"https:\/\/www.tourmusicfest.com\/es\/?s={search_term_string}"},"query-input":{"@type":"PropertyValueSpecification","valueRequired":true,"valueName":"search_term_string"}}],"inLanguage":"es"},{"@type":"Organization","@id":"https:\/\/www.tourmusicfest.com\/es\/#organization","name":"ES - Tour Music Fest","url":"https:\/\/www.tourmusicfest.com\/es\/","logo":{"@type":"ImageObject","inLanguage":"es","@id":"https:\/\/www.tourmusicfest.com\/es\/#\/schema\/logo\/image\/","url":"https:\/\/www.tourmusicfest.com\/es\/files\/2024\/04\/Brand-TMF-grey.png","contentUrl":"https:\/\/www.tourmusicfest.com\/es\/files\/2024\/04\/Brand-TMF-grey.png","width":1181,"height":875,"caption":"ES - Tour Music Fest"},"image":{"@id":"https:\/\/www.tourmusicfest.com\/es\/#\/schema\/logo\/image\/"},"sameAs":["https:\/\/facebook.com\/tourmusicfest","https:\/\/instagram.com\/tourmusicfest"]},{"@type":"Person","@id":"https:\/\/www.tourmusicfest.com\/es\/#\/schema\/person\/64bea0c412d4adc122f35afb6677fd21","name":"tmfspain","image":{"@type":"ImageObject","inLanguage":"es","@id":"https:\/\/www.tourmusicfest.com\/es\/#\/schema\/person\/image\/","url":"https:\/\/secure.gravatar.com\/avatar\/d568fa3b5215b3b0d2217b913f861afc2bbca96536514906e604a82283fc9b50?s=96&d=mm&r=g","contentUrl":"https:\/\/secure.gravatar.com\/avatar\/d568fa3b5215b3b0d2217b913f861afc2bbca96536514906e604a82283fc9b50?s=96&d=mm&r=g","caption":"tmfspain"},"url":"https:\/\/www.tourmusicfest.com\/es\/author\/tmfspain\/"}]}},"_links":{"self":[{"href":"https:\/\/www.tourmusicfest.com\/es\/wp-json\/wp\/v2\/posts\/1071","targetHints":{"allow":["GET"]}}],"collection":[{"href":"https:\/\/www.tourmusicfest.com\/es\/wp-json\/wp\/v2\/posts"}],"about":[{"href":"https:\/\/www.tourmusicfest.com\/es\/wp-json\/wp\/v2\/types\/post"}],"author":[{"embeddable":true,"href":"https:\/\/www.tourmusicfest.com\/es\/wp-json\/wp\/v2\/users\/4"}],"replies":[{"embeddable":true,"href":"https:\/\/www.tourmusicfest.com\/es\/wp-json\/wp\/v2\/comments?post=1071"}],"version-history":[{"count":7,"href":"https:\/\/www.tourmusicfest.com\/es\/wp-json\/wp\/v2\/posts\/1071\/revisions"}],"predecessor-version":[{"id":1178,"href":"https:\/\/www.tourmusicfest.com\/es\/wp-json\/wp\/v2\/posts\/1071\/revisions\/1178"}],"wp:featuredmedia":[{"embeddable":true,"href":"https:\/\/www.tourmusicfest.com\/es\/wp-json\/wp\/v2\/media\/1072"}],"wp:attachment":[{"href":"https:\/\/www.tourmusicfest.com\/es\/wp-json\/wp\/v2\/media?parent=1071"}],"wp:term":[{"taxonomy":"category","embeddable":true,"href":"https:\/\/www.tourmusicfest.com\/es\/wp-json\/wp\/v2\/categories?post=1071"},{"taxonomy":"post_tag","embeddable":true,"href":"https:\/\/www.tourmusicfest.com\/es\/wp-json\/wp\/v2\/tags?post=1071"}],"curies":[{"name":"wp","href":"https:\/\/api.w.org\/{rel}","templated":true}]}}