{"id":1033,"date":"2018-06-11T12:08:04","date_gmt":"2018-06-11T11:08:04","guid":{"rendered":"https:\/\/www.tourmusicfest.com\/es\/?p=1033"},"modified":"2019-03-19T13:57:21","modified_gmt":"2019-03-19T13:57:21","slug":"tmf-spain-edition","status":"publish","type":"post","link":"https:\/\/www.tourmusicfest.com\/es\/news\/tmf-spain-edition\/","title":{"rendered":"La aventura europea del Tour Music Fest llega en Madrid!"},"content":{"rendered":"<p><span style=\"font-weight: 400\">En 11 a\u00f1os el Tour Music Fest lleg\u00f3 a ser un punto de referencia para la m\u00fasica emergente italiana y europea, conociendo miles artistas cada a\u00f1o. Este a\u00f1o por primera vez, el festival dedicado a la m\u00fasica emergente tendr\u00e1 lugar en Espa\u00f1a.<\/span><\/p>\n<p><b>El 14 de Julio Madrid acoger\u00e1 este maravilloso evento dedicado a la m\u00fasica emergente<\/b><span style=\"font-weight: 400\">, donde centenares artistas desde toda Espa\u00f1a actuar\u00e1n en vivo, luchando para ganar su sitio en la Final Internacional del Tour Music Fest 2018.<\/span><\/p>\n<p><span style=\"font-weight: 400\">El espect\u00e1culo tendr\u00e1 lugar en uno de los mas importantes y hist\u00f3ricos locales de la capital espa\u00f1ola: la Sala Silikona, un local donde actuaron algunos de los mas importantes artistas del pa\u00eds: Antonio Vega, Enrique Urquijo, Luz Casal, Los Rodriguez, Dover, Los Planetas, Toreros Muertos, Los Coyotes, Luis Auser\u00f3n, Mercedes Ferrer y mucho m\u00e1s.<\/span><\/p>\n<div class=\"tmf-opengallery\">\n\t\t<style type=\"text\/css\">\n\t\t\t#gallery-2 {\n\t\t\t\tmargin: auto;\n\t\t\t}\n\t\t\t#gallery-2 .gallery-item {\n\t\t\t\tfloat: left;\n\t\t\t\tmargin-top: 10px;\n\t\t\t\ttext-align: center;\n\t\t\t\twidth: 100%;\n\t\t\t}\n\t\t\t#gallery-2 img {\n\t\t\t\tborder: 2px solid #cfcfcf;\n\t\t\t}\n\t\t\t#gallery-2 .gallery-caption {\n\t\t\t\tmargin-left: 0;\n\t\t\t}\n\t\t\t\/* see gallery_shortcode() in wp-includes\/media.php *\/\n\t\t<\/style>\n\t\t<div id='gallery-2' class='gallery galleryid-1033 gallery-columns-1 gallery-size-medium'><dl class='gallery-item'>\n\t\t\t<dt class='gallery-icon landscape'>\n\t\t\t\t<img fetchpriority=\"high\" decoding=\"async\" width=\"640\" height=\"427\" src=\"https:\/\/www.tourmusicfest.com\/es\/files\/2019\/03\/sala_silikona3.jpg\" class=\"attachment-medium size-medium\" alt=\"\" \/>\n\t\t\t<\/dt><\/dl><br style=\"clear: both\" \/><dl class='gallery-item'>\n\t\t\t<dt class='gallery-icon landscape'>\n\t\t\t\t<img decoding=\"async\" width=\"640\" height=\"427\" src=\"https:\/\/www.tourmusicfest.com\/es\/files\/2019\/03\/sala_silikona.jpg\" class=\"attachment-medium size-medium\" alt=\"\" \/>\n\t\t\t<\/dt><\/dl><br style=\"clear: both\" \/>\n\t\t<\/div>\n<\/div>\n<p><strong>Road to Rome<\/strong><\/p>\n<p><span style=\"font-weight: 400\">Todos los artistas que han pasado la primera fase del Tour Music Fest tendr\u00e1n la oportunidad de actuar en vivo sobre este importante escenario, frente al jurado oficial del TMF y al numeroso publico.<\/span><\/p>\n<p><span style=\"font-weight: 400\">Hay dos categor\u00edas, Cantantes y Cantautores, y todos se exhibir\u00e1n para conquistar su sitio en la Final Internacional del Tour Music Fest 2018 que tendr\u00e1 lugar en la encantadora capital italiana, Roma.<\/span><\/p>\n<p><span style=\"font-weight: 400\">Artistas desde Inglaterra, Espa\u00f1a, Malta y Italia actuar\u00e1n en vivo en la final de Roma, la ciudad que acoger\u00e1 la final internacional en Diciembre, esperando de ganar uno de los importantes premios en juego.<\/span><\/p>\n<div class=\"video-container\">https:\/\/youtu.be\/HyA8gavuxlM<\/div>\n<p><span style=\"font-weight: 400\">Gracias a las importantes partenership con <\/span><b>Berklee College of Music y Sony Music Italy, esta edici\u00f3n del TMF ofrecer\u00e1 muchos premios interesantes<\/b><span style=\"font-weight: 400\">. Desde la oportunidad de ganar una beca por el <\/span><b>Summer Program Scholarship en Berklee College of Music en Boston, a un contrato de distribuci\u00f3n con Sony Music Italy y contrato de esponsorizaci\u00f3n de 10,000\u20ac<\/b><span style=\"font-weight: 400\"> y mucho m\u00e0s.<\/span><\/p>\n<p><span style=\"font-weight: 400\">Las novedades para el TMF Spain Edition no acaban aqu\u00ed. S\u00edguenos en Facebook y Instagram.<\/span><\/p>\n<p><span style=\"font-weight: 400\">We love your Music! <\/span><\/p>\n","protected":false},"excerpt":{"rendered":"<p>En 11 a\u00f1os el Tour Music Fest lleg\u00f3 a ser un punto de referencia para la m\u00fasica emergente italiana y europea, conociendo miles artistas cada a\u00f1o. Este a\u00f1o por primera vez, el festival dedicado a la m\u00fasica emergente tendr\u00e1 lugar en Espa\u00f1a. El 14 de Julio Madrid acoger\u00e1 este maravilloso evento dedicado a la m\u00fasica [&hellip;]<\/p>\n","protected":false},"author":4,"featured_media":1034,"comment_status":"open","ping_status":"open","sticky":false,"template":"","format":"standard","meta":{"_acf_changed":false,"footnotes":""},"categories":[4],"tags":[],"class_list":["post-1033","post","type-post","status-publish","format-standard","has-post-thumbnail","hentry","category-news"],"acf":[],"yoast_head":"<!-- This site is optimized with the Yoast SEO plugin v26.7 - https:\/\/yoast.com\/wordpress\/plugins\/seo\/ -->\n<title>La aventura europea del Tour Music Fest llega en Madrid! - ES - Tour Music Fest<\/title>\n<meta name=\"description\" content=\"El Tour Music Fest - The European Music Contest inaugura la edici\u00f3n europea del festival dedicado a la m\u00fasica emergente en Madrid.\" \/>\n<meta name=\"robots\" content=\"index, follow, max-snippet:-1, max-image-preview:large, max-video-preview:-1\" \/>\n<link rel=\"canonical\" href=\"https:\/\/www.tourmusicfest.com\/es\/news\/tmf-spain-edition\/\" \/>\n<meta property=\"og:locale\" content=\"es_ES\" \/>\n<meta property=\"og:type\" content=\"article\" \/>\n<meta property=\"og:title\" content=\"La aventura europea del Tour Music Fest llega en Madrid! - ES - Tour Music Fest\" \/>\n<meta property=\"og:description\" content=\"El Tour Music Fest - The European Music Contest inaugura la edici\u00f3n europea del festival dedicado a la m\u00fasica emergente en Madrid.\" \/>\n<meta property=\"og:url\" content=\"https:\/\/www.tourmusicfest.com\/es\/news\/tmf-spain-edition\/\" \/>\n<meta property=\"og:site_name\" content=\"ES - Tour Music Fest\" \/>\n<meta property=\"article:publisher\" content=\"https:\/\/facebook.com\/tourmusicfest\" \/>\n<meta property=\"article:published_time\" content=\"2018-06-11T11:08:04+00:00\" \/>\n<meta property=\"article:modified_time\" content=\"2019-03-19T13:57:21+00:00\" \/>\n<meta property=\"og:image\" content=\"https:\/\/www.tourmusicfest.com\/es\/files\/2019\/03\/cover_spagna.jpg\" \/>\n\t<meta property=\"og:image:width\" content=\"700\" \/>\n\t<meta property=\"og:image:height\" content=\"700\" \/>\n\t<meta property=\"og:image:type\" content=\"image\/jpeg\" \/>\n<meta name=\"author\" content=\"tmfspain\" \/>\n<meta name=\"twitter:card\" content=\"summary_large_image\" \/>\n<meta name=\"twitter:label1\" content=\"Escrito por\" \/>\n\t<meta name=\"twitter:data1\" content=\"tmfspain\" \/>\n\t<meta name=\"twitter:label2\" content=\"Tiempo de lectura\" \/>\n\t<meta name=\"twitter:data2\" content=\"2 minutos\" \/>\n<script type=\"application\/ld+json\" class=\"yoast-schema-graph\">{\"@context\":\"https:\/\/schema.org\",\"@graph\":[{\"@type\":\"Article\",\"@id\":\"https:\/\/www.tourmusicfest.com\/es\/news\/tmf-spain-edition\/#article\",\"isPartOf\":{\"@id\":\"https:\/\/www.tourmusicfest.com\/es\/news\/tmf-spain-edition\/\"},\"author\":{\"name\":\"tmfspain\",\"@id\":\"https:\/\/www.tourmusicfest.com\/es\/#\/schema\/person\/64bea0c412d4adc122f35afb6677fd21\"},\"headline\":\"La aventura europea del Tour Music Fest llega en Madrid!\",\"datePublished\":\"2018-06-11T11:08:04+00:00\",\"dateModified\":\"2019-03-19T13:57:21+00:00\",\"mainEntityOfPage\":{\"@id\":\"https:\/\/www.tourmusicfest.com\/es\/news\/tmf-spain-edition\/\"},\"wordCount\":358,\"commentCount\":0,\"publisher\":{\"@id\":\"https:\/\/www.tourmusicfest.com\/es\/#organization\"},\"image\":{\"@id\":\"https:\/\/www.tourmusicfest.com\/es\/news\/tmf-spain-edition\/#primaryimage\"},\"thumbnailUrl\":\"https:\/\/www.tourmusicfest.com\/es\/files\/2019\/03\/cover_spagna.jpg\",\"articleSection\":[\"News\"],\"inLanguage\":\"es\",\"potentialAction\":[{\"@type\":\"CommentAction\",\"name\":\"Comment\",\"target\":[\"https:\/\/www.tourmusicfest.com\/es\/news\/tmf-spain-edition\/#respond\"]}]},{\"@type\":\"WebPage\",\"@id\":\"https:\/\/www.tourmusicfest.com\/es\/news\/tmf-spain-edition\/\",\"url\":\"https:\/\/www.tourmusicfest.com\/es\/news\/tmf-spain-edition\/\",\"name\":\"La aventura europea del Tour Music Fest llega en Madrid! - ES - Tour Music Fest\",\"isPartOf\":{\"@id\":\"https:\/\/www.tourmusicfest.com\/es\/#website\"},\"primaryImageOfPage\":{\"@id\":\"https:\/\/www.tourmusicfest.com\/es\/news\/tmf-spain-edition\/#primaryimage\"},\"image\":{\"@id\":\"https:\/\/www.tourmusicfest.com\/es\/news\/tmf-spain-edition\/#primaryimage\"},\"thumbnailUrl\":\"https:\/\/www.tourmusicfest.com\/es\/files\/2019\/03\/cover_spagna.jpg\",\"datePublished\":\"2018-06-11T11:08:04+00:00\",\"dateModified\":\"2019-03-19T13:57:21+00:00\",\"description\":\"El Tour Music Fest - The European Music Contest inaugura la edici\u00f3n europea del festival dedicado a la m\u00fasica emergente en Madrid.\",\"breadcrumb\":{\"@id\":\"https:\/\/www.tourmusicfest.com\/es\/news\/tmf-spain-edition\/#breadcrumb\"},\"inLanguage\":\"es\",\"potentialAction\":[{\"@type\":\"ReadAction\",\"target\":[\"https:\/\/www.tourmusicfest.com\/es\/news\/tmf-spain-edition\/\"]}]},{\"@type\":\"ImageObject\",\"inLanguage\":\"es\",\"@id\":\"https:\/\/www.tourmusicfest.com\/es\/news\/tmf-spain-edition\/#primaryimage\",\"url\":\"https:\/\/www.tourmusicfest.com\/es\/files\/2019\/03\/cover_spagna.jpg\",\"contentUrl\":\"https:\/\/www.tourmusicfest.com\/es\/files\/2019\/03\/cover_spagna.jpg\",\"width\":700,\"height\":700},{\"@type\":\"BreadcrumbList\",\"@id\":\"https:\/\/www.tourmusicfest.com\/es\/news\/tmf-spain-edition\/#breadcrumb\",\"itemListElement\":[{\"@type\":\"ListItem\",\"position\":1,\"name\":\"Home\",\"item\":\"https:\/\/www.tourmusicfest.com\/es\/\"},{\"@type\":\"ListItem\",\"position\":2,\"name\":\"La aventura europea del Tour Music Fest llega en Madrid!\"}]},{\"@type\":\"WebSite\",\"@id\":\"https:\/\/www.tourmusicfest.com\/es\/#website\",\"url\":\"https:\/\/www.tourmusicfest.com\/es\/\",\"name\":\"Tour Music Fest - ES\",\"description\":\"The European Music Contest\",\"publisher\":{\"@id\":\"https:\/\/www.tourmusicfest.com\/es\/#organization\"},\"potentialAction\":[{\"@type\":\"SearchAction\",\"target\":{\"@type\":\"EntryPoint\",\"urlTemplate\":\"https:\/\/www.tourmusicfest.com\/es\/?s={search_term_string}\"},\"query-input\":{\"@type\":\"PropertyValueSpecification\",\"valueRequired\":true,\"valueName\":\"search_term_string\"}}],\"inLanguage\":\"es\"},{\"@type\":\"Organization\",\"@id\":\"https:\/\/www.tourmusicfest.com\/es\/#organization\",\"name\":\"ES - Tour Music Fest\",\"url\":\"https:\/\/www.tourmusicfest.com\/es\/\",\"logo\":{\"@type\":\"ImageObject\",\"inLanguage\":\"es\",\"@id\":\"https:\/\/www.tourmusicfest.com\/es\/#\/schema\/logo\/image\/\",\"url\":\"https:\/\/www.tourmusicfest.com\/es\/files\/2024\/04\/Brand-TMF-grey.png\",\"contentUrl\":\"https:\/\/www.tourmusicfest.com\/es\/files\/2024\/04\/Brand-TMF-grey.png\",\"width\":1181,\"height\":875,\"caption\":\"ES - Tour Music Fest\"},\"image\":{\"@id\":\"https:\/\/www.tourmusicfest.com\/es\/#\/schema\/logo\/image\/\"},\"sameAs\":[\"https:\/\/facebook.com\/tourmusicfest\",\"https:\/\/instagram.com\/tourmusicfest\"]},{\"@type\":\"Person\",\"@id\":\"https:\/\/www.tourmusicfest.com\/es\/#\/schema\/person\/64bea0c412d4adc122f35afb6677fd21\",\"name\":\"tmfspain\",\"image\":{\"@type\":\"ImageObject\",\"inLanguage\":\"es\",\"@id\":\"https:\/\/www.tourmusicfest.com\/es\/#\/schema\/person\/image\/\",\"url\":\"https:\/\/secure.gravatar.com\/avatar\/d568fa3b5215b3b0d2217b913f861afc2bbca96536514906e604a82283fc9b50?s=96&d=mm&r=g\",\"contentUrl\":\"https:\/\/secure.gravatar.com\/avatar\/d568fa3b5215b3b0d2217b913f861afc2bbca96536514906e604a82283fc9b50?s=96&d=mm&r=g\",\"caption\":\"tmfspain\"},\"url\":\"https:\/\/www.tourmusicfest.com\/es\/author\/tmfspain\/\"}]}<\/script>\n<!-- \/ Yoast SEO plugin. -->","yoast_head_json":{"title":"La aventura europea del Tour Music Fest llega en Madrid! - ES - Tour Music Fest","description":"El Tour Music Fest - The European Music Contest inaugura la edici\u00f3n europea del festival dedicado a la m\u00fasica emergente en Madrid.","robots":{"index":"index","follow":"follow","max-snippet":"max-snippet:-1","max-image-preview":"max-image-preview:large","max-video-preview":"max-video-preview:-1"},"canonical":"https:\/\/www.tourmusicfest.com\/es\/news\/tmf-spain-edition\/","og_locale":"es_ES","og_type":"article","og_title":"La aventura europea del Tour Music Fest llega en Madrid! - ES - Tour Music Fest","og_description":"El Tour Music Fest - The European Music Contest inaugura la edici\u00f3n europea del festival dedicado a la m\u00fasica emergente en Madrid.","og_url":"https:\/\/www.tourmusicfest.com\/es\/news\/tmf-spain-edition\/","og_site_name":"ES - Tour Music Fest","article_publisher":"https:\/\/facebook.com\/tourmusicfest","article_published_time":"2018-06-11T11:08:04+00:00","article_modified_time":"2019-03-19T13:57:21+00:00","og_image":[{"width":700,"height":700,"url":"https:\/\/www.tourmusicfest.com\/es\/files\/2019\/03\/cover_spagna.jpg","type":"image\/jpeg"}],"author":"tmfspain","twitter_card":"summary_large_image","twitter_misc":{"Escrito por":"tmfspain","Tiempo de lectura":"2 minutos"},"schema":{"@context":"https:\/\/schema.org","@graph":[{"@type":"Article","@id":"https:\/\/www.tourmusicfest.com\/es\/news\/tmf-spain-edition\/#article","isPartOf":{"@id":"https:\/\/www.tourmusicfest.com\/es\/news\/tmf-spain-edition\/"},"author":{"name":"tmfspain","@id":"https:\/\/www.tourmusicfest.com\/es\/#\/schema\/person\/64bea0c412d4adc122f35afb6677fd21"},"headline":"La aventura europea del Tour Music Fest llega en Madrid!","datePublished":"2018-06-11T11:08:04+00:00","dateModified":"2019-03-19T13:57:21+00:00","mainEntityOfPage":{"@id":"https:\/\/www.tourmusicfest.com\/es\/news\/tmf-spain-edition\/"},"wordCount":358,"commentCount":0,"publisher":{"@id":"https:\/\/www.tourmusicfest.com\/es\/#organization"},"image":{"@id":"https:\/\/www.tourmusicfest.com\/es\/news\/tmf-spain-edition\/#primaryimage"},"thumbnailUrl":"https:\/\/www.tourmusicfest.com\/es\/files\/2019\/03\/cover_spagna.jpg","articleSection":["News"],"inLanguage":"es","potentialAction":[{"@type":"CommentAction","name":"Comment","target":["https:\/\/www.tourmusicfest.com\/es\/news\/tmf-spain-edition\/#respond"]}]},{"@type":"WebPage","@id":"https:\/\/www.tourmusicfest.com\/es\/news\/tmf-spain-edition\/","url":"https:\/\/www.tourmusicfest.com\/es\/news\/tmf-spain-edition\/","name":"La aventura europea del Tour Music Fest llega en Madrid! - ES - Tour Music Fest","isPartOf":{"@id":"https:\/\/www.tourmusicfest.com\/es\/#website"},"primaryImageOfPage":{"@id":"https:\/\/www.tourmusicfest.com\/es\/news\/tmf-spain-edition\/#primaryimage"},"image":{"@id":"https:\/\/www.tourmusicfest.com\/es\/news\/tmf-spain-edition\/#primaryimage"},"thumbnailUrl":"https:\/\/www.tourmusicfest.com\/es\/files\/2019\/03\/cover_spagna.jpg","datePublished":"2018-06-11T11:08:04+00:00","dateModified":"2019-03-19T13:57:21+00:00","description":"El Tour Music Fest - The European Music Contest inaugura la edici\u00f3n europea del festival dedicado a la m\u00fasica emergente en Madrid.","breadcrumb":{"@id":"https:\/\/www.tourmusicfest.com\/es\/news\/tmf-spain-edition\/#breadcrumb"},"inLanguage":"es","potentialAction":[{"@type":"ReadAction","target":["https:\/\/www.tourmusicfest.com\/es\/news\/tmf-spain-edition\/"]}]},{"@type":"ImageObject","inLanguage":"es","@id":"https:\/\/www.tourmusicfest.com\/es\/news\/tmf-spain-edition\/#primaryimage","url":"https:\/\/www.tourmusicfest.com\/es\/files\/2019\/03\/cover_spagna.jpg","contentUrl":"https:\/\/www.tourmusicfest.com\/es\/files\/2019\/03\/cover_spagna.jpg","width":700,"height":700},{"@type":"BreadcrumbList","@id":"https:\/\/www.tourmusicfest.com\/es\/news\/tmf-spain-edition\/#breadcrumb","itemListElement":[{"@type":"ListItem","position":1,"name":"Home","item":"https:\/\/www.tourmusicfest.com\/es\/"},{"@type":"ListItem","position":2,"name":"La aventura europea del Tour Music Fest llega en Madrid!"}]},{"@type":"WebSite","@id":"https:\/\/www.tourmusicfest.com\/es\/#website","url":"https:\/\/www.tourmusicfest.com\/es\/","name":"Tour Music Fest - ES","description":"The European Music Contest","publisher":{"@id":"https:\/\/www.tourmusicfest.com\/es\/#organization"},"potentialAction":[{"@type":"SearchAction","target":{"@type":"EntryPoint","urlTemplate":"https:\/\/www.tourmusicfest.com\/es\/?s={search_term_string}"},"query-input":{"@type":"PropertyValueSpecification","valueRequired":true,"valueName":"search_term_string"}}],"inLanguage":"es"},{"@type":"Organization","@id":"https:\/\/www.tourmusicfest.com\/es\/#organization","name":"ES - Tour Music Fest","url":"https:\/\/www.tourmusicfest.com\/es\/","logo":{"@type":"ImageObject","inLanguage":"es","@id":"https:\/\/www.tourmusicfest.com\/es\/#\/schema\/logo\/image\/","url":"https:\/\/www.tourmusicfest.com\/es\/files\/2024\/04\/Brand-TMF-grey.png","contentUrl":"https:\/\/www.tourmusicfest.com\/es\/files\/2024\/04\/Brand-TMF-grey.png","width":1181,"height":875,"caption":"ES - Tour Music Fest"},"image":{"@id":"https:\/\/www.tourmusicfest.com\/es\/#\/schema\/logo\/image\/"},"sameAs":["https:\/\/facebook.com\/tourmusicfest","https:\/\/instagram.com\/tourmusicfest"]},{"@type":"Person","@id":"https:\/\/www.tourmusicfest.com\/es\/#\/schema\/person\/64bea0c412d4adc122f35afb6677fd21","name":"tmfspain","image":{"@type":"ImageObject","inLanguage":"es","@id":"https:\/\/www.tourmusicfest.com\/es\/#\/schema\/person\/image\/","url":"https:\/\/secure.gravatar.com\/avatar\/d568fa3b5215b3b0d2217b913f861afc2bbca96536514906e604a82283fc9b50?s=96&d=mm&r=g","contentUrl":"https:\/\/secure.gravatar.com\/avatar\/d568fa3b5215b3b0d2217b913f861afc2bbca96536514906e604a82283fc9b50?s=96&d=mm&r=g","caption":"tmfspain"},"url":"https:\/\/www.tourmusicfest.com\/es\/author\/tmfspain\/"}]}},"_links":{"self":[{"href":"https:\/\/www.tourmusicfest.com\/es\/wp-json\/wp\/v2\/posts\/1033","targetHints":{"allow":["GET"]}}],"collection":[{"href":"https:\/\/www.tourmusicfest.com\/es\/wp-json\/wp\/v2\/posts"}],"about":[{"href":"https:\/\/www.tourmusicfest.com\/es\/wp-json\/wp\/v2\/types\/post"}],"author":[{"embeddable":true,"href":"https:\/\/www.tourmusicfest.com\/es\/wp-json\/wp\/v2\/users\/4"}],"replies":[{"embeddable":true,"href":"https:\/\/www.tourmusicfest.com\/es\/wp-json\/wp\/v2\/comments?post=1033"}],"version-history":[{"count":7,"href":"https:\/\/www.tourmusicfest.com\/es\/wp-json\/wp\/v2\/posts\/1033\/revisions"}],"predecessor-version":[{"id":1258,"href":"https:\/\/www.tourmusicfest.com\/es\/wp-json\/wp\/v2\/posts\/1033\/revisions\/1258"}],"wp:featuredmedia":[{"embeddable":true,"href":"https:\/\/www.tourmusicfest.com\/es\/wp-json\/wp\/v2\/media\/1034"}],"wp:attachment":[{"href":"https:\/\/www.tourmusicfest.com\/es\/wp-json\/wp\/v2\/media?parent=1033"}],"wp:term":[{"taxonomy":"category","embeddable":true,"href":"https:\/\/www.tourmusicfest.com\/es\/wp-json\/wp\/v2\/categories?post=1033"},{"taxonomy":"post_tag","embeddable":true,"href":"https:\/\/www.tourmusicfest.com\/es\/wp-json\/wp\/v2\/tags?post=1033"}],"curies":[{"name":"wp","href":"https:\/\/api.w.org\/{rel}","templated":true}]}}